{"id":55505,"date":"2025-11-17T18:56:22","date_gmt":"2025-11-17T21:56:22","guid":{"rendered":"https:\/\/mussicom.com\/caixa-comeca-a-liberar-vale-recarga-do-programa-gas-do-povo\/"},"modified":"2025-11-17T18:56:22","modified_gmt":"2025-11-17T21:56:22","slug":"caixa-comeca-a-liberar-vale-recarga-do-programa-gas-do-povo","status":"publish","type":"post","link":"https:\/\/mussicom.com\/noticias\/caixa-comeca-a-liberar-vale-recarga-do-programa-gas-do-povo\/","title":{"rendered":"Caixa come\u00e7a a liberar vale-recarga do Programa G\u00e1s do Povo"},"content":{"rendered":"<p> <br \/>\n<\/p>\n<div>\n<p><strong>Cerca de 1 milh\u00e3o de fam\u00edlias podem recarregar gratuitamente o botij\u00e3o de g\u00e1s em revendas credenciadas em dez capitais<\/strong>. A <strong>Caixa Econ\u00f4mica Federal come\u00e7a a distribuir o vale-recarga do Programa G\u00e1s do Povo<\/strong>, que substituir\u00e1 o Aux\u00edlio G\u00e1s.<img decoding=\"async\" src=\"https:\/\/agenciabrasil.ebc.com.br\/ebc.gif?id=1668335&amp;o=node\" style=\"width:1px; height:1px; display:inline;\"\/><\/p>\n<p>O benef\u00edcio estar\u00e1 dispon\u00edvel nas seguintes capitais: <strong>Salvador, Fortaleza, Goi\u00e2nia, Belo Horizonte, Bel\u00e9m, Recife, Teresina, Natal, Porto Alegre e S\u00e3o Paulo<\/strong>.<\/p>\n<h2>Como vai funcionar a retirada do g\u00e1s<\/h2>\n<p>A recarga ser\u00e1 feita diretamente na revenda, sem intermedi\u00e1rios. No momento da retirada, o respons\u00e1vel pela fam\u00edlia poder\u00e1 validar o benef\u00edcio utilizando:<\/p>\n<ul>\n<li>Cart\u00e3o com chip do Bolsa Fam\u00edlia + senha;<\/li>\n<li>Cart\u00e3o de d\u00e9bito de conta CAIXA + senha;<\/li>\n<li>CPF e c\u00f3digo de valida\u00e7\u00e3o enviado ao celular cadastrado.<\/li>\n<\/ul>\n<p>A verifica\u00e7\u00e3o ocorre por meio de um sistema eletr\u00f4nico instalado nas revendedoras que aderiram voluntariamente ao programa.<\/p>\n<h2>Quem tem direito ao benef\u00edcio<\/h2>\n<p>Os contemplados pelo Programa G\u00e1s do Povo s\u00e3o escolhidos pelo Minist\u00e9rio do Desenvolvimento e Assist\u00eancia Social (MDS). Entre os crit\u00e9rios est\u00e3o:<\/p>\n<ul>\n<li>Inscri\u00e7\u00e3o no Cadastro \u00danico para Programas Sociais do Governo Federal (Cad\u00danico);<\/li>\n<li>Renda per capita de at\u00e9 meio sal\u00e1rio m\u00ednimo;<\/li>\n<li>Cadastro atualizado h\u00e1 pelo menos 24 meses;<\/li>\n<li>Prioridade para fam\u00edlias que j\u00e1 recebem o Bolsa Fam\u00edlia.<\/li>\n<\/ul>\n<h2>Sobre o programa<\/h2>\n<p>O G\u00e1s do Povo \u00e9 a nova pol\u00edtica p\u00fablica do governo federal para ampliar o acesso ao g\u00e1s de cozinha no pa\u00eds. Ele substituir\u00e1, de forma gradual, o Aux\u00edlio G\u00e1s.<\/p>\n<p>O programa prev\u00ea gratuidade na recarga do botij\u00e3o de 13 quilogramas (kg) em revendas credenciadas. A meta \u00e9 beneficiar at\u00e9 15 milh\u00f5es de fam\u00edlias at\u00e9 mar\u00e7o de 2026 \u2014 cerca de 50 milh\u00f5es de pessoas \u2014 em transi\u00e7\u00e3o do modelo anterior.<\/p>\n<p>Desde 23 de outubro, as revendedoras interessadas podem aderir ao programa. As empresas devem estar cadastradas na Ag\u00eancia Nacional do Petr\u00f3leo (ANP), estar em situa\u00e7\u00e3o regular na Receita Federal, ter conta do tipo pessoa jur\u00eddica na Caixa e aceitar pagamentos pela \u201cazulzinha\u201d, m\u00e1quina de cart\u00f5es do banco.<\/p>\n<h2>Como consultar se voc\u00ea tem direito<\/h2>\n<p>Os benefici\u00e1rios podem verificar se foram selecionados pelos seguintes canais:<\/p>\n<ol>\n<li>Aplicativo Meu Social;<\/li>\n<li>Portal Cidad\u00e3o Caixa;<\/li>\n<li>Telefone Caixa Cidad\u00e3o: 0800-726-0207.<\/li>\n<li>Canais de atendimento para d\u00favidas<\/li>\n<li>Telefone 121;<\/li>\n<li>FalaBR;<\/li>\n<li>SAC CAIXA: 0800-726-0101.<\/li>\n<\/ol>\n<p>Mais informa\u00e7\u00f5es tamb\u00e9m est\u00e3o dispon\u00edveis na p\u00e1gina da Caixa na internet .<\/p>\n<p>      <!-- Relacionada --><br \/>\n            <!-- Relacionada -->\n    <\/div>\n<p><br \/>\n<br \/>Fonte: <a href=\"https:\/\/agenciabrasil.ebc.com.br\/economia\/noticia\/2025-11\/caixa-comeca-liberar-vale-recarga-do-programa-gas-do-povo\">Gazeta do Povo<\/a><\/p>\n","protected":false},"excerpt":{"rendered":"<p>Cerca de 1 milh\u00e3o de fam\u00edlias podem recarregar gratuitamente o botij\u00e3o de g\u00e1s em revendas credenciadas em dez capitais. A Caixa Econ\u00f4mica Federal come\u00e7a a distribuir o vale-recarga do Programa G\u00e1s do Povo, que substituir\u00e1 o Aux\u00edlio G\u00e1s. O benef\u00edcio estar\u00e1 dispon\u00edvel nas seguintes capitais: Salvador, Fortaleza, Goi\u00e2nia, Belo Horizonte, Bel\u00e9m, Recife, Teresina, Natal, Porto [&hellip;]<\/p>\n","protected":false},"author":5,"featured_media":55506,"comment_status":"open","ping_status":"open","sticky":false,"template":"","format":"standard","meta":{"_seopress_robots_primary_cat":"","_seopress_titles_title":"","_seopress_titles_desc":"","_seopress_robots_index":"","footnotes":""},"categories":[45],"tags":[],"class_list":["post-55505","post","type-post","status-publish","format-standard","has-post-thumbnail","hentry","category-economia"],"_links":{"self":[{"href":"https:\/\/mussicom.com\/noticias\/wp-json\/wp\/v2\/posts\/55505","targetHints":{"allow":["GET"]}}],"collection":[{"href":"https:\/\/mussicom.com\/noticias\/wp-json\/wp\/v2\/posts"}],"about":[{"href":"https:\/\/mussicom.com\/noticias\/wp-json\/wp\/v2\/types\/post"}],"author":[{"embeddable":true,"href":"https:\/\/mussicom.com\/noticias\/wp-json\/wp\/v2\/users\/5"}],"replies":[{"embeddable":true,"href":"https:\/\/mussicom.com\/noticias\/wp-json\/wp\/v2\/comments?post=55505"}],"version-history":[{"count":0,"href":"https:\/\/mussicom.com\/noticias\/wp-json\/wp\/v2\/posts\/55505\/revisions"}],"wp:featuredmedia":[{"embeddable":true,"href":"https:\/\/mussicom.com\/noticias\/wp-json\/wp\/v2\/media\/55506"}],"wp:attachment":[{"href":"https:\/\/mussicom.com\/noticias\/wp-json\/wp\/v2\/media?parent=55505"}],"wp:term":[{"taxonomy":"category","embeddable":true,"href":"https:\/\/mussicom.com\/noticias\/wp-json\/wp\/v2\/categories?post=55505"},{"taxonomy":"post_tag","embeddable":true,"href":"https:\/\/mussicom.com\/noticias\/wp-json\/wp\/v2\/tags?post=55505"}],"curies":[{"name":"wp","href":"https:\/\/api.w.org\/{rel}","templated":true}]}}