{"id":55492,"date":"2025-11-17T16:44:15","date_gmt":"2025-11-17T19:44:15","guid":{"rendered":"https:\/\/mussicom.com\/inep-divulga-selecao-de-elaboradores-de-questoes-de-provas-medicas\/"},"modified":"2025-11-17T16:44:15","modified_gmt":"2025-11-17T19:44:15","slug":"inep-divulga-selecao-de-elaboradores-de-questoes-de-provas-medicas","status":"publish","type":"post","link":"https:\/\/mussicom.com\/noticias\/inep-divulga-selecao-de-elaboradores-de-questoes-de-provas-medicas\/","title":{"rendered":"Inep divulga sele\u00e7\u00e3o de elaboradores de quest\u00f5es de provas m\u00e9dicas"},"content":{"rendered":"<p> <br \/>\n<\/p>\n<div>\n<p><strong>O Instituto Nacional de Estudos e Pesquisas Educacionais An\u00edsio Teixeira (Inep) publicou no fim da \u00faltima semana o resultado definitivo da chamada p\u00fablica para cadastrar e selecionar professores de cursos de medicina que v\u00e3o elaborar quest\u00f5es para compor o Banco Nacional de Itens da Educa\u00e7\u00e3o Superior (BNI-ES) para exames de forma\u00e7\u00e3o m\u00e9dica.<\/strong><img decoding=\"async\" src=\"https:\/\/agenciabrasil.ebc.com.br\/ebc.gif?id=1668273&amp;o=node\" style=\"width:1px; height:1px; display:inline;\"\/><\/p>\n<p>S\u00e3o eles: o Exame Nacional de Revalida\u00e7\u00e3o de Diplomas M\u00e9dicos Expedidos por Institui\u00e7\u00f5es de Educa\u00e7\u00e3o Superior (Revalida) e o Exame Nacional de Avalia\u00e7\u00e3o da Forma\u00e7\u00e3o M\u00e9dica (Enamed).<\/p>\n<p>Os interessados em compor o BNI do Inep para exames da forma\u00e7\u00e3o m\u00e9dica devem ter enviado, previamente, o diploma de gradua\u00e7\u00e3o em medicina emitido por institui\u00e7\u00e3o de ensino superior credenciada e a comprova\u00e7\u00e3o de que atuam como docentes em cursos de medicina. Tamb\u00e9m foi exigido t\u00edtulo de especializa\u00e7\u00e3o nas seguintes \u00e1reas:<\/p>\n<ul>\n<li>cl\u00ednica m\u00e9dica;<\/li>\n<li>cirurgia geral;\u00a0<\/li>\n<li>pediatria;\u00a0<\/li>\n<li>ginecologia e obstetr\u00edcia;\u00a0<\/li>\n<li>medicina de fam\u00edlia e comunidade; e<\/li>\n<li>sa\u00fade coletiva ou sa\u00fade mental.<\/li>\n<\/ul>\n<h2>Convoca\u00e7\u00e3o<\/h2>\n<p>De acordo com o Inep, a convoca\u00e7\u00e3o para etapa de capacita\u00e7\u00e3o \u00e9 enviada individualmente ao candidato no endere\u00e7o de <em>e-mail<\/em> informado no ato da inscri\u00e7\u00e3o.\u00a0<\/p>\n<p>O <em>e-mail<\/em> traz as instru\u00e7\u00f5es de acesso, datas espec\u00edficas e informa\u00e7\u00f5es sobre a plataforma na qual a forma\u00e7\u00e3o dos convocados ser\u00e1 realizada.<\/p>\n<p><strong>Os docentes convocados v\u00e3o contribuir para elaborar itens nas seguintes \u00e1reas m\u00e9dicas: cirurgia geral, cl\u00ednica m\u00e9dica, ginecologia e obstetr\u00edcia, medicina da fam\u00edlia e comunidade \/ sa\u00fade coletiva, pediatria e sa\u00fade mental.<\/strong><\/p>\n<h2>Capacita\u00e7\u00e3o<\/h2>\n<p>A capacita\u00e7\u00e3o representa o primeiro momento de prepara\u00e7\u00e3o t\u00e9cnica dos profissionais que v\u00e3o elaborar itens para avalia\u00e7\u00f5es de forma\u00e7\u00e3o m\u00e9dica.<\/p>\n<p><strong>Nessa fase, os participantes recebem orienta\u00e7\u00f5es sobre m\u00e9todo, diretrizes de constru\u00e7\u00e3o de itens e padr\u00f5es de qualidade exigidos nos exames.<\/strong><\/p>\n<p>De acordo com o edital, a presen\u00e7a em todas as etapas da capacita\u00e7\u00e3o \u00e9 condi\u00e7\u00e3o indispens\u00e1vel para que o docente avance para a oficina de elabora\u00e7\u00e3o de itens.<\/p>\n<p><strong>\u00a0A recusa da \u00e1rea atribu\u00edda, o n\u00e3o cumprimento das orienta\u00e7\u00f5es ou a aus\u00eancia injustificada podem excluir o docente do processo.<\/strong><\/p>\n<h2>Editais de convoca\u00e7\u00e3o<\/h2>\n<p>Todos os editais de convoca\u00e7\u00e3o para capacita\u00e7\u00e3o por \u00e1rea m\u00e9dica tamb\u00e9m est\u00e3o dispon\u00edveis na p\u00e1gina do Banco Nacional de Itens da Educa\u00e7\u00e3o Superior, no <em>site<\/em> do Inep, com a classifica\u00e7\u00e3o dos docentes identificados pelo Cadastro de Pessoa F\u00edsica (CPF) e a respectiva pontua\u00e7\u00e3o final.<\/p>\n<p><strong>No caso dos candidatos reprovados, o edital tamb\u00e9m publicou a justificativa.<\/strong><\/p>\n<p>      <!-- Relacionada --><\/p>\n<p>            <!-- Relacionada -->\n    <\/div>\n<p><br \/>\n<br \/>Fonte: <a href=\"https:\/\/agenciabrasil.ebc.com.br\/educacao\/noticia\/2025-11\/inep-divulga-selecao-de-elaboradores-de-questoes-de-provas-medicas\">Ag\u00eancia Brasil<\/a><\/p>\n","protected":false},"excerpt":{"rendered":"<p>O Instituto Nacional de Estudos e Pesquisas Educacionais An\u00edsio Teixeira (Inep) publicou no fim da \u00faltima semana o resultado definitivo da chamada p\u00fablica para cadastrar e selecionar professores de cursos de medicina que v\u00e3o elaborar quest\u00f5es para compor o Banco Nacional de Itens da Educa\u00e7\u00e3o Superior (BNI-ES) para exames de forma\u00e7\u00e3o m\u00e9dica. S\u00e3o eles: o [&hellip;]<\/p>\n","protected":false},"author":5,"featured_media":12099,"comment_status":"open","ping_status":"open","sticky":false,"template":"","format":"standard","meta":{"_seopress_robots_primary_cat":"","_seopress_titles_title":"","_seopress_titles_desc":"","_seopress_robots_index":"","footnotes":""},"categories":[44],"tags":[],"class_list":["post-55492","post","type-post","status-publish","format-standard","has-post-thumbnail","hentry","category-educacao"],"_links":{"self":[{"href":"https:\/\/mussicom.com\/noticias\/wp-json\/wp\/v2\/posts\/55492","targetHints":{"allow":["GET"]}}],"collection":[{"href":"https:\/\/mussicom.com\/noticias\/wp-json\/wp\/v2\/posts"}],"about":[{"href":"https:\/\/mussicom.com\/noticias\/wp-json\/wp\/v2\/types\/post"}],"author":[{"embeddable":true,"href":"https:\/\/mussicom.com\/noticias\/wp-json\/wp\/v2\/users\/5"}],"replies":[{"embeddable":true,"href":"https:\/\/mussicom.com\/noticias\/wp-json\/wp\/v2\/comments?post=55492"}],"version-history":[{"count":0,"href":"https:\/\/mussicom.com\/noticias\/wp-json\/wp\/v2\/posts\/55492\/revisions"}],"wp:featuredmedia":[{"embeddable":true,"href":"https:\/\/mussicom.com\/noticias\/wp-json\/wp\/v2\/media\/12099"}],"wp:attachment":[{"href":"https:\/\/mussicom.com\/noticias\/wp-json\/wp\/v2\/media?parent=55492"}],"wp:term":[{"taxonomy":"category","embeddable":true,"href":"https:\/\/mussicom.com\/noticias\/wp-json\/wp\/v2\/categories?post=55492"},{"taxonomy":"post_tag","embeddable":true,"href":"https:\/\/mussicom.com\/noticias\/wp-json\/wp\/v2\/tags?post=55492"}],"curies":[{"name":"wp","href":"https:\/\/api.w.org\/{rel}","templated":true}]}}