{"id":5543,"date":"2025-03-14T12:03:26","date_gmt":"2025-03-14T15:03:26","guid":{"rendered":"https:\/\/www.mussicom.com\/aviao-pega-fogo-em-denver-apos-pouso-de-emergencia\/"},"modified":"2025-03-14T12:03:26","modified_gmt":"2025-03-14T15:03:26","slug":"aviao-pega-fogo-em-denver-apos-pouso-de-emergencia","status":"publish","type":"post","link":"https:\/\/mussicom.com\/noticias\/aviao-pega-fogo-em-denver-apos-pouso-de-emergencia\/","title":{"rendered":"Avi\u00e3o pega fogo em Denver, ap\u00f3s pouso de emerg\u00eancia"},"content":{"rendered":"<p> <br \/>\n<\/p>\n<div id=\"hd80s9wa1h892edh8192\">\n<p>Um avi\u00e3o da American Airlines que partiu de Colorado Springs para Dallas enfrentou, nesta quinta-feira, 13, uma falha no motor e realizou um pouso de emerg\u00eancia no Aeroporto Internacional de Denver, nos <strong>Estados Unidos<\/strong>. J\u00e1 em solo, a aeronave pegou fogo, enquanto se dirigia ao port\u00e3o, conforme informou a Administra\u00e7\u00e3o Federal de Avia\u00e7\u00e3o dos EUA, mas ningu\u00e9m se feriu.<\/p>\n<p><strong>+ Leia mais not\u00edcias de Mundo em Oeste<\/strong><\/p>\n<p>V\u00eddeos que circulam nas redes sociais mostram passageiros aglomerados na asa do ve\u00edculo, procurando uma sa\u00edda r\u00e1pida. Uma fuma\u00e7a cinza clara enchia o ar, enquanto chamas alaranjadas eram vis\u00edveis na base do avi\u00e3o. Em uma imagem, \u00e9 poss\u00edvel ver um grande inc\u00eandio sob o motor esquerdo da aeronave.<\/p>\n<p>A companhia a\u00e9rea informou que o voo era de um Boeing 737-800 que levava 172 passageiros de Colorado Springs, no Colorado, para Dallas, no Texas. Algumas dessas pessoas sa\u00edram do avi\u00e3o por meio de escorregadores.<\/p>\n<p>\u201cDepois de pousar com seguran\u00e7a e taxiar at\u00e9 o port\u00e3o no Aeroporto Internacional de Denver, o voo 1006 da American Airlines apresentou um problema relacionado ao motor\u201d, escreveu a American Airlines. <\/p>\n<blockquote class=\"twitter-tweet\" data-media-max-width=\"560\">\n<p lang=\"en\" dir=\"ltr\">Passengers are forced to evacuate on the planes&#8217; wing at Denver International Airport. <a href=\"https:\/\/t.co\/CDVcp8iVg8\">pic.twitter.com\/CDVcp8iVg8<\/a><\/p>\n<p>\u2014 Paratrooper Brady\u2122 (@ParatooperBrady) <a href=\"https:\/\/twitter.com\/ParatooperBrady\/status\/1900347213298970639?ref_src=twsrc%5Etfw\">March 14, 2025<\/a><\/p><\/blockquote>\n<p>\u201cOs 172 clientes e seis tripulantes desembarcaram e est\u00e3o sendo realocados para o terminal. Agradecemos aos nossos tripulantes, \u00e0 equipe (de Denver) e aos primeiros socorristas por sua a\u00e7\u00e3o r\u00e1pida e decisiva com a seguran\u00e7a de todos a bordo e no solo como prioridade.\u201d<\/p>\n<p>A Administra\u00e7\u00e3o Federal de Avia\u00e7\u00e3o investiga o incidente, que \u00e9 o mais recente de uma s\u00e9rie de incidentes na avia\u00e7\u00e3o comercial.<\/p>\n<h2 class=\"wp-block-heading\">Acidente de avi\u00e3o: outros epis\u00f3dios recentes<\/h2>\n<figure class=\"wp-block-image aligncenter size-full\"><picture><source data-srcset=\"https:\/\/medias.revistaoeste.com\/wp-content\/uploads\/2024\/12\/Aviao-1.jpg.webp 1280w, https:\/\/medias.revistaoeste.com\/wp-content\/uploads\/2024\/12\/Aviao-1-300x169.jpg.webp 300w, https:\/\/medias.revistaoeste.com\/wp-content\/uploads\/2024\/12\/Aviao-1-400x225.jpg.webp 400w, https:\/\/medias.revistaoeste.com\/wp-content\/uploads\/2024\/12\/Aviao-1-216x121.jpg.webp 216w, https:\/\/medias.revistaoeste.com\/wp-content\/uploads\/2024\/12\/Aviao-1-150x84.jpg.webp 150w\" data-sizes=\"(max-width: 1280px) 100vw, 1280px\" type=\"image\/webp\"><img fetchpriority=\"high\" decoding=\"async\" width=\"1280\" height=\"720\" src=\"https:\/\/medias.revistaoeste.com\/wp-content\/uploads\/2024\/12\/Aviao-1.jpg\" alt=\"Um A350 da Qatar Airways pousando em Miami, nos EUA | Foto: Reprodu\u00e7\u00e3o\/Twitter\/X\" class=\"wp-image-1812904\" srcset=\"https:\/\/medias.revistaoeste.com\/wp-content\/uploads\/2024\/12\/Aviao-1.jpg 1280w, https:\/\/medias.revistaoeste.com\/wp-content\/uploads\/2024\/12\/Aviao-1-300x169.jpg 300w, https:\/\/medias.revistaoeste.com\/wp-content\/uploads\/2024\/12\/Aviao-1-400x225.jpg 400w, https:\/\/medias.revistaoeste.com\/wp-content\/uploads\/2024\/12\/Aviao-1-216x121.jpg 216w, https:\/\/medias.revistaoeste.com\/wp-content\/uploads\/2024\/12\/Aviao-1-150x84.jpg 150w\" sizes=\"(max-width: 1280px) 100vw, 1280px\" data-eio=\"p\"\/><\/source><\/picture><figcaption class=\"wp-element-caption\">Um A350 da Qatar Airways decola de Miami, nos EUA | Foto: Reprodu\u00e7\u00e3o\/Twitter\/X<\/figcaption><\/figure>\n<p>Em 25 de fevereiro, dois avi\u00f5es em aeroportos dos Estados Unidos tiveram de abortar pousos para evitar colis\u00f5es. Um desses casos ocorreu no Aeroporto Nacional Ronald Reagan, em Washington, enquanto outro, no Aeroporto Internacional Midway, em Chicago.<\/p>\n<p><strong>Leia tamb\u00e9m: \u201cImprud\u00eancia no ar\u201d, reportagem de F\u00e1bio Bou\u00e9ri e Lucas Cheiddi publicada na Edi\u00e7\u00e3o 256 da Revista Oeste<\/strong><\/p>\n<p>No in\u00edcio do m\u00eas passado, um avi\u00e3o capotou no Aeroporto Pearson, em Toronto. No mesmo per\u00edodo, uma asa perfurou a cauda de outra aeronave em uma colis\u00e3o no solo no Aeroporto Internacional de Seattle-Tacoma.<\/p>\n<\/p><\/div>\n<p><script async src=\"\/\/platform.twitter.com\/widgets.js\" charset=\"utf-8\"><\/script><br \/>\n<br \/><br \/>\n<br \/>Fonte: <a href=\"https:\/\/revistaoeste.com\/mundo\/video-aviao-pega-fogo-no-aeroporto-de-denver-depois-de-pouso-de-emergencia\/\">Revista Oeste<\/a><\/p>\n","protected":false},"excerpt":{"rendered":"<p>Um avi\u00e3o da American Airlines que partiu de Colorado Springs para Dallas enfrentou, nesta quinta-feira, 13, uma falha no motor e realizou um pouso de emerg\u00eancia no Aeroporto Internacional de Denver, nos Estados Unidos. J\u00e1 em solo, a aeronave pegou fogo, enquanto se dirigia ao port\u00e3o, conforme informou a Administra\u00e7\u00e3o Federal de Avia\u00e7\u00e3o dos EUA, [&hellip;]<\/p>\n","protected":false},"author":5,"featured_media":5544,"comment_status":"open","ping_status":"open","sticky":false,"template":"","format":"standard","meta":{"_seopress_robots_primary_cat":"","_seopress_titles_title":"","_seopress_titles_desc":"","_seopress_robots_index":"","footnotes":""},"categories":[48],"tags":[],"class_list":["post-5543","post","type-post","status-publish","format-standard","has-post-thumbnail","hentry","category-internacional"],"_links":{"self":[{"href":"https:\/\/mussicom.com\/noticias\/wp-json\/wp\/v2\/posts\/5543","targetHints":{"allow":["GET"]}}],"collection":[{"href":"https:\/\/mussicom.com\/noticias\/wp-json\/wp\/v2\/posts"}],"about":[{"href":"https:\/\/mussicom.com\/noticias\/wp-json\/wp\/v2\/types\/post"}],"author":[{"embeddable":true,"href":"https:\/\/mussicom.com\/noticias\/wp-json\/wp\/v2\/users\/5"}],"replies":[{"embeddable":true,"href":"https:\/\/mussicom.com\/noticias\/wp-json\/wp\/v2\/comments?post=5543"}],"version-history":[{"count":0,"href":"https:\/\/mussicom.com\/noticias\/wp-json\/wp\/v2\/posts\/5543\/revisions"}],"wp:featuredmedia":[{"embeddable":true,"href":"https:\/\/mussicom.com\/noticias\/wp-json\/wp\/v2\/media\/5544"}],"wp:attachment":[{"href":"https:\/\/mussicom.com\/noticias\/wp-json\/wp\/v2\/media?parent=5543"}],"wp:term":[{"taxonomy":"category","embeddable":true,"href":"https:\/\/mussicom.com\/noticias\/wp-json\/wp\/v2\/categories?post=5543"},{"taxonomy":"post_tag","embeddable":true,"href":"https:\/\/mussicom.com\/noticias\/wp-json\/wp\/v2\/tags?post=5543"}],"curies":[{"name":"wp","href":"https:\/\/api.w.org\/{rel}","templated":true}]}}