{"id":55401,"date":"2025-11-15T22:18:20","date_gmt":"2025-11-16T01:18:20","guid":{"rendered":"https:\/\/mussicom.com\/com-mudanca-na-defesa-santos-esta-escalado-para-enfrentar-o-palmeiras\/"},"modified":"2025-11-15T22:18:20","modified_gmt":"2025-11-16T01:18:20","slug":"com-mudanca-na-defesa-santos-esta-escalado-para-enfrentar-o-palmeiras","status":"publish","type":"post","link":"https:\/\/mussicom.com\/noticias\/com-mudanca-na-defesa-santos-esta-escalado-para-enfrentar-o-palmeiras\/","title":{"rendered":"Com mudan\u00e7a na defesa, Santos est\u00e1 escalado para enfrentar o Palmeiras"},"content":{"rendered":"<p> <br \/>\n<\/p>\n<div>\n<div id=\"attachment_175872\" style=\"width: 980px\" class=\"wp-caption aligncenter\"><\/p>\n<p id=\"caption-attachment-175872\" class=\"wp-caption-text\">Santos tem novidades na escala\u00e7\u00e3o para o cl\u00e1ssico contra o Palmeiras (Cr\u00e9dito: Divulga\u00e7\u00e3o)<\/p>\n<\/div>\n<p>O <strong>Santos<\/strong> est\u00e1 escalado para enfrentar o <strong>Palmeiras<\/strong> neste s\u00e1bado, \u00e0s 21h (de Bras\u00edlia), na Vila Belmiro, em partida atrasada da 13\u00aa rodada do Campeonato Brasileiro. O Peixe entra em campo pressionado pela necessidade de vencer para deixar a zona de rebaixamento.<\/p>\n<p>Na defesa, Gabriel Braz\u00e3o segue como titular no gol. Igor Vinicius na lateral direita, enquanto Z\u00e9 Ivaldo, Adonis Fr\u00edas e Souza completam a linha defensiva completando a estrutura montada por Juan Pablo Vojvoda. Mesmo recuperado de uma concuss\u00e3o, o zagueiro Luan Peres n\u00e3o foi relacionado para a partida.<\/p>\n<p>No meio-campo, Willian Ar\u00e3o e Z\u00e9 Rafael seguem no time. A novidade \u00e9 a volta de Jo\u00e3o Schmidt, enquanto Victor Hugo e Gabriel Bontempo ficam, no banco de reservas. No ataque, o treinador optou por manter o trio Barreal, Guilherme e Neymar. Robinho Jr tamb\u00e9m fica como op\u00e7\u00e3o no banco de reservas.<\/p>\n<p>O Santos entra em campo com a seguinte forma\u00e7\u00e3o: Gabriel Braz\u00e3o; Igor Vinicius, Z\u00e9 Ivaldo, Adonis Fr\u00edas e Souza; Willian Ar\u00e3o, Jo\u00e3o Schmidt e Z\u00e9 Rafael; Barreal, Guilherme e Neymar.<\/p>\n<p>A vit\u00f3ria faz o Santos chegar a 36 pontos, ultrapassar o Vit\u00f3ria e deixar o Z-4.<\/p>\n<\/p><\/div>\n<p><br \/>\n<br \/>Fonte: <a href=\"https:\/\/www.diariodopeixe.com.br\/noticias\/com-mudanca-na-defesa-santos-esta-escalado-para-enfrentar-o-palmeiras\/\">Placar<\/a><\/p>\n","protected":false},"excerpt":{"rendered":"<p>Santos tem novidades na escala\u00e7\u00e3o para o cl\u00e1ssico contra o Palmeiras (Cr\u00e9dito: Divulga\u00e7\u00e3o) O Santos est\u00e1 escalado para enfrentar o Palmeiras neste s\u00e1bado, \u00e0s 21h (de Bras\u00edlia), na Vila Belmiro, em partida atrasada da 13\u00aa rodada do Campeonato Brasileiro. O Peixe entra em campo pressionado pela necessidade de vencer para deixar a zona de rebaixamento. [&hellip;]<\/p>\n","protected":false},"author":5,"featured_media":55402,"comment_status":"open","ping_status":"open","sticky":false,"template":"","format":"standard","meta":{"_seopress_robots_primary_cat":"","_seopress_titles_title":"","_seopress_titles_desc":"","_seopress_robots_index":"","footnotes":""},"categories":[55],"tags":[],"class_list":["post-55401","post","type-post","status-publish","format-standard","has-post-thumbnail","hentry","category-santos-fc"],"_links":{"self":[{"href":"https:\/\/mussicom.com\/noticias\/wp-json\/wp\/v2\/posts\/55401","targetHints":{"allow":["GET"]}}],"collection":[{"href":"https:\/\/mussicom.com\/noticias\/wp-json\/wp\/v2\/posts"}],"about":[{"href":"https:\/\/mussicom.com\/noticias\/wp-json\/wp\/v2\/types\/post"}],"author":[{"embeddable":true,"href":"https:\/\/mussicom.com\/noticias\/wp-json\/wp\/v2\/users\/5"}],"replies":[{"embeddable":true,"href":"https:\/\/mussicom.com\/noticias\/wp-json\/wp\/v2\/comments?post=55401"}],"version-history":[{"count":0,"href":"https:\/\/mussicom.com\/noticias\/wp-json\/wp\/v2\/posts\/55401\/revisions"}],"wp:featuredmedia":[{"embeddable":true,"href":"https:\/\/mussicom.com\/noticias\/wp-json\/wp\/v2\/media\/55402"}],"wp:attachment":[{"href":"https:\/\/mussicom.com\/noticias\/wp-json\/wp\/v2\/media?parent=55401"}],"wp:term":[{"taxonomy":"category","embeddable":true,"href":"https:\/\/mussicom.com\/noticias\/wp-json\/wp\/v2\/categories?post=55401"},{"taxonomy":"post_tag","embeddable":true,"href":"https:\/\/mussicom.com\/noticias\/wp-json\/wp\/v2\/tags?post=55401"}],"curies":[{"name":"wp","href":"https:\/\/api.w.org\/{rel}","templated":true}]}}