{"id":55283,"date":"2025-11-13T23:19:14","date_gmt":"2025-11-14T02:19:14","guid":{"rendered":"https:\/\/mussicom.com\/sv-decreto-torna-obrigatoria-apresentacao-da-declaracao-de-vacinacao-nas-escolas\/"},"modified":"2025-11-13T23:19:14","modified_gmt":"2025-11-14T02:19:14","slug":"sv-decreto-torna-obrigatoria-apresentacao-da-declaracao-de-vacinacao-nas-escolas","status":"publish","type":"post","link":"https:\/\/mussicom.com\/noticias\/sv-decreto-torna-obrigatoria-apresentacao-da-declaracao-de-vacinacao-nas-escolas\/","title":{"rendered":"SV: Decreto torna obrigat\u00f3ria apresenta\u00e7\u00e3o da declara\u00e7\u00e3o de vacina\u00e7\u00e3o nas escolas"},"content":{"rendered":"<p> <br \/>\n<\/p>\n<div><\/p>\n<div>Com o objetivo de aumentar a cobertura vacinal de crian\u00e7as e adolescentes, principalmente contra a Meningite C, a Prefeitura de S\u00e3o Vicente<\/div>\n<\/div>\n<p><br \/>\n<br \/>Fonte: <a href=\"https:\/\/jornaldaorla.com.br\/noticias\/sv-decreto-torna-obrigatoria-apresentacao-da-carteira-de-vacinacao-nas-escolas\/\">Jornal Da Orla<\/a><\/p>\n","protected":false},"excerpt":{"rendered":"<p>Com o objetivo de aumentar a cobertura vacinal de crian\u00e7as e adolescentes, principalmente contra a Meningite C, a Prefeitura de S\u00e3o Vicente Fonte: Jornal Da Orla<\/p>\n","protected":false},"author":5,"featured_media":55284,"comment_status":"open","ping_status":"open","sticky":false,"template":"","format":"standard","meta":{"_seopress_robots_primary_cat":"","_seopress_titles_title":"","_seopress_titles_desc":"","_seopress_robots_index":"","footnotes":""},"categories":[52],"tags":[],"class_list":["post-55283","post","type-post","status-publish","format-standard","has-post-thumbnail","hentry","category-santoseregiao"],"_links":{"self":[{"href":"https:\/\/mussicom.com\/noticias\/wp-json\/wp\/v2\/posts\/55283","targetHints":{"allow":["GET"]}}],"collection":[{"href":"https:\/\/mussicom.com\/noticias\/wp-json\/wp\/v2\/posts"}],"about":[{"href":"https:\/\/mussicom.com\/noticias\/wp-json\/wp\/v2\/types\/post"}],"author":[{"embeddable":true,"href":"https:\/\/mussicom.com\/noticias\/wp-json\/wp\/v2\/users\/5"}],"replies":[{"embeddable":true,"href":"https:\/\/mussicom.com\/noticias\/wp-json\/wp\/v2\/comments?post=55283"}],"version-history":[{"count":0,"href":"https:\/\/mussicom.com\/noticias\/wp-json\/wp\/v2\/posts\/55283\/revisions"}],"wp:featuredmedia":[{"embeddable":true,"href":"https:\/\/mussicom.com\/noticias\/wp-json\/wp\/v2\/media\/55284"}],"wp:attachment":[{"href":"https:\/\/mussicom.com\/noticias\/wp-json\/wp\/v2\/media?parent=55283"}],"wp:term":[{"taxonomy":"category","embeddable":true,"href":"https:\/\/mussicom.com\/noticias\/wp-json\/wp\/v2\/categories?post=55283"},{"taxonomy":"post_tag","embeddable":true,"href":"https:\/\/mussicom.com\/noticias\/wp-json\/wp\/v2\/tags?post=55283"}],"curies":[{"name":"wp","href":"https:\/\/api.w.org\/{rel}","templated":true}]}}