{"id":55275,"date":"2025-11-13T22:04:18","date_gmt":"2025-11-14T01:04:18","guid":{"rendered":"https:\/\/mussicom.com\/vojvoda-testa-variacoes-e-ensaia-time-do-santos-para-classico-com-o-palmeiras\/"},"modified":"2025-11-13T22:04:18","modified_gmt":"2025-11-14T01:04:18","slug":"vojvoda-testa-variacoes-e-ensaia-time-do-santos-para-classico-com-o-palmeiras","status":"publish","type":"post","link":"https:\/\/mussicom.com\/noticias\/vojvoda-testa-variacoes-e-ensaia-time-do-santos-para-classico-com-o-palmeiras\/","title":{"rendered":"Vojvoda testa varia\u00e7\u00f5es e ensaia time do Santos para cl\u00e1ssico com o Palmeiras"},"content":{"rendered":"<p> <br \/>\n<\/p>\n<div>\n<div id=\"attachment_175825\" style=\"width: 972px\" class=\"wp-caption aligncenter\"><\/p>\n<p id=\"caption-attachment-175825\" class=\"wp-caption-text\">Vojvoda testa equipe para enfrentar o Palmeiras (Foto: Raul Baretta \/ Santos FC)<\/p>\n<\/div>\n<p>O t\u00e9cnico Juan Pablo Vojvoda come\u00e7ou a desenhar, na tarde desta quinta-feira, no CT Rei Pel\u00e9, a equipe que deve enfrentar o Palmeiras neste s\u00e1bado, \u00e0s 21h, na Vila Belmiro, em duelo atrasado da 13\u00aa rodada do Campeonato Brasileiro. Em um treino t\u00e1tico de 11 contra 11, o treinador manteve a base que iniciou o jogo contra o Flamengo, mas promoveu alguns ajustes.<\/p>\n<p>A principal mudan\u00e7a no setor ofensivo foi a entrada de Robinho Jr. na vaga de Guilherme, alterando a forma\u00e7\u00e3o que atuou no Maracan\u00e3. No meio-campo, Victor Hugo e Gabriel Bontempo revezaram na posi\u00e7\u00e3o ocupada por Jo\u00e3o Schmidt na \u00faltima rodada e podem aparecer como novidade entre os titulares.<\/p>\n<p>A forma\u00e7\u00e3o testada contou com: Gabriel Braz\u00e3o; Igor Vinicius, Z\u00e9 Ivaldo, Adonis Fr\u00edas e Souza; Willian Ar\u00e3o, Victor Hugo (Gabriel Bontempo) e Z\u00e9 Rafael; Barreal, Robinho Jr. e Neymar.<\/p>\n<p>Vojvoda ainda n\u00e3o teve \u00e0 disposi\u00e7\u00e3o o zagueiro Luan Peres, que cumpriu o \u00faltimo dia do protocolo de concuss\u00e3o e permaneceu na parte interna do CT. A expectativa \u00e9 de que ele retorne ao campo nesta sexta-feira. J\u00e1 Alexis Duarte segue como baixa confirmada, devido \u00e0 convoca\u00e7\u00e3o para defender o Paraguai nos amistosos desta Data Fifa.<\/p>\n<p>O Santos chega ao cl\u00e1ssico em momento de press\u00e3o na tabela. Com 33 pontos, o time ocupa a 17\u00aa coloca\u00e7\u00e3o, dois atr\u00e1s do Vit\u00f3ria, primeiro clube fora da zona de rebaixamento.<\/p>\n<p>A equipe n\u00e3o vence h\u00e1 cinco partidas no Brasileir\u00e3o, acumulando dois empates e tr\u00eas derrotas. A partida contra o Palmeiras, al\u00e9m de rivalidade, passa a ter contornos decisivos na luta pela perman\u00eancia.<\/p>\n<\/p><\/div>\n<p><br \/>\n<br \/>Fonte: <a href=\"https:\/\/www.diariodopeixe.com.br\/noticias\/vojvoda-testa-variacoes-e-ensaia-time-do-santos-para-classico-com-o-palmeiras\/\">Placar<\/a><\/p>\n","protected":false},"excerpt":{"rendered":"<p>Vojvoda testa equipe para enfrentar o Palmeiras (Foto: Raul Baretta \/ Santos FC) O t\u00e9cnico Juan Pablo Vojvoda come\u00e7ou a desenhar, na tarde desta quinta-feira, no CT Rei Pel\u00e9, a equipe que deve enfrentar o Palmeiras neste s\u00e1bado, \u00e0s 21h, na Vila Belmiro, em duelo atrasado da 13\u00aa rodada do Campeonato Brasileiro. Em um treino [&hellip;]<\/p>\n","protected":false},"author":5,"featured_media":55276,"comment_status":"open","ping_status":"open","sticky":false,"template":"","format":"standard","meta":{"_seopress_robots_primary_cat":"","_seopress_titles_title":"","_seopress_titles_desc":"","_seopress_robots_index":"","footnotes":""},"categories":[55],"tags":[],"class_list":["post-55275","post","type-post","status-publish","format-standard","has-post-thumbnail","hentry","category-santos-fc"],"_links":{"self":[{"href":"https:\/\/mussicom.com\/noticias\/wp-json\/wp\/v2\/posts\/55275","targetHints":{"allow":["GET"]}}],"collection":[{"href":"https:\/\/mussicom.com\/noticias\/wp-json\/wp\/v2\/posts"}],"about":[{"href":"https:\/\/mussicom.com\/noticias\/wp-json\/wp\/v2\/types\/post"}],"author":[{"embeddable":true,"href":"https:\/\/mussicom.com\/noticias\/wp-json\/wp\/v2\/users\/5"}],"replies":[{"embeddable":true,"href":"https:\/\/mussicom.com\/noticias\/wp-json\/wp\/v2\/comments?post=55275"}],"version-history":[{"count":0,"href":"https:\/\/mussicom.com\/noticias\/wp-json\/wp\/v2\/posts\/55275\/revisions"}],"wp:featuredmedia":[{"embeddable":true,"href":"https:\/\/mussicom.com\/noticias\/wp-json\/wp\/v2\/media\/55276"}],"wp:attachment":[{"href":"https:\/\/mussicom.com\/noticias\/wp-json\/wp\/v2\/media?parent=55275"}],"wp:term":[{"taxonomy":"category","embeddable":true,"href":"https:\/\/mussicom.com\/noticias\/wp-json\/wp\/v2\/categories?post=55275"},{"taxonomy":"post_tag","embeddable":true,"href":"https:\/\/mussicom.com\/noticias\/wp-json\/wp\/v2\/tags?post=55275"}],"curies":[{"name":"wp","href":"https:\/\/api.w.org\/{rel}","templated":true}]}}