{"id":55253,"date":"2025-11-13T17:15:17","date_gmt":"2025-11-13T20:15:17","guid":{"rendered":"https:\/\/mussicom.com\/brasil-estima-colheita-de-3548-milhoes-de-toneladas-de-graos\/"},"modified":"2025-11-13T17:15:17","modified_gmt":"2025-11-13T20:15:17","slug":"brasil-estima-colheita-de-3548-milhoes-de-toneladas-de-graos","status":"publish","type":"post","link":"https:\/\/mussicom.com\/noticias\/brasil-estima-colheita-de-3548-milhoes-de-toneladas-de-graos\/","title":{"rendered":"Brasil estima colheita de 354,8 milh\u00f5es de toneladas de gr\u00e3os"},"content":{"rendered":"<p> <br \/>\n<\/p>\n<div>\n<p><strong>O Brasil colher\u00e1 354,8 milh\u00f5es de toneladas de gr\u00e3os na safra 2025\/26, segundo estimativa da Companhia Nacional Abastecimento (Conab). <\/strong>Em termos de \u00e1rea, a previs\u00e3o para o atual ciclo \u00e9 que o total utilizado para a produ\u00e7\u00e3o seja de 84,4 milh\u00f5es de hectares, o que corresponde a um crescimento de 3,3% na compara\u00e7\u00e3o com a safra anterior.<img decoding=\"async\" src=\"https:\/\/agenciabrasil.ebc.com.br\/ebc.gif?id=1667607&amp;o=node\" style=\"width:1px; height:1px; display:inline;\"\/><\/p>\n<p><strong>A segunda estimativa para a atual safra de gr\u00e3os, divulgada nesta quinta-feira (13) pela Conab, indica que a produtividade m\u00e9dia nacional ficar\u00e1 em 4,2 mil quilos por hectare.<\/strong><\/p>\n<p>A companhia, no entanto, alerta que as proje\u00e7\u00f5es podem variar, a depender das condi\u00e7\u00f5es clim\u00e1ticas das regi\u00f5es produtoras \u2013 o que inclui as \u00e1reas do sul onde ocorreram, recentemente, \u201ceventos adversos\u201d, bem como irregularidades pluviom\u00e9tricas no Mato Grosso e atraso de precipita\u00e7\u00f5es no Goi\u00e1s.<\/p>\n<p>Acompanhe a cobertura completa da EBC na COP30\u00a0<\/p>\n<h2>Soja<\/h2>\n<p><strong>No caso da soja, a Conab projeta um aumento de 3,6% na \u00e1rea a ser semeada, chegando a 49,1 milh\u00f5es de hectares produzindo, segundo a estimativa, um total de 177,6 milh\u00f5es de toneladas.<\/strong><\/p>\n<p><strong>O plantio da oleaginosa segue \u201cdentro da m\u00e9dia dos \u00faltimos 5 anos, por\u00e9m atrasado quando se compara com o percentual registrado em per\u00edodo semelhante da temporada anterior, com destaque para Goi\u00e1s e Minas Gerais\u201d,<\/strong> destacou a companhia ao informar que, nos dois estados, \u201cn\u00e3o foram registrados \u00edndices de chuvas satisfat\u00f3rios para o avan\u00e7o da semeadura\u201d.<\/p>\n<p>No Mato Grosso, o plantio segue em ritmo semelhante ao registrado na \u00faltima safra.<\/p>\n<blockquote>\n<p>\u201cPor\u00e9m, com a instabilidade clim\u00e1tica registrada em outubro, a implanta\u00e7\u00e3o da cultura n\u00e3o foi feita nas condi\u00e7\u00f5es consideradas ideais, onde algumas \u00e1reas semeadas no in\u00edcio de outubro sentiram os efeitos de d\u00e9ficit h\u00eddrico, comprometendo a popula\u00e7\u00e3o de plantas por hectare e o estabelecimento inicial da oleaginosa\u201d, detalha o levantamento.<\/p>\n<\/blockquote>\n<h2>Milho<\/h2>\n<p>A produ\u00e7\u00e3o total estimada para as tr\u00eas safras de milho no per\u00edodo \u00e9 138,8 milh\u00f5es de toneladas. <strong>Se confirmado, o resultado representa uma redu\u00e7\u00e3o de 1,6% na compara\u00e7\u00e3o com o ciclo anterior. Em termos de \u00e1rea cultivada, a Conab projeta um crescimento de 7,1%, na primeira safra.<\/strong><\/p>\n<blockquote>\n<p>\u201cAs baixas temperaturas ocorridas durante certos per\u00edodos em Santa Catarina e no Rio Grande do Sul, retardaram a emerg\u00eancia e o desenvolvimento inicial da cultura, mas ainda sem interferir no potencial produtivo\u201d, informou a Conab.<\/p>\n<\/blockquote>\n<p>Algumas lavouras tiveram impactos negativos por conta de \u201cintensas precipita\u00e7\u00f5es, fortes ventos e granizos ocorridos no in\u00edcio de novembro no Paran\u00e1, posteriores aos levantamentos realizados em campo\u201d, acrescentou a companhia.<\/p>\n<h2>Arroz e Feij\u00e3o<\/h2>\n<p><strong>O levantamento da Conab projeta um total de 11,3 milh\u00f5es de toneladas de arroz a serem colhidas nesta temporada. O resultado \u00e9 11,5% menor do que o obtido na safra anterior. Segundo a companhia, essa queda decorre da diminui\u00e7\u00e3o da \u00e1rea de cultivo.<\/strong><\/p>\n<blockquote>\n<p>\u201cNo Rio Grande do Sul, principal estado produtor do gr\u00e3o, a semeadura alcan\u00e7a mais de 78% do previsto, apesar de em algumas \u00e1reas ter ocorrido atraso na opera\u00e7\u00e3o, devido aos volumes de chuva que impediam a entrada de maquin\u00e1rio no campo\u201d, destacou a Conab.<\/p>\n<\/blockquote>\n<p>A colheita estimada para as tr\u00eas safras de feij\u00e3o \u00e9 3,1 milh\u00f5es de toneladas, volume que, segundo a Conab, \u00e9 semelhante ao ciclo anterior. <strong>A primeira safra apresenta queda de 7,3% na \u00e1rea plantada, totalizando 841,9 mil hectares.<\/strong><\/p>\n<p>O total a ser produzido deve ficar em 977,9 mil toneladas, resultado 8% inferior ao obtido na safra passada.<\/p>\n<blockquote>\n<p>\u201cO plantio segue em andamento nos principais estados produtores, j\u00e1 conclu\u00eddo em S\u00e3o Paulo, Paran\u00e1 com 91% e Minas Gerais com 44%\u201d, destacou a Conab.<\/p>\n<\/blockquote>\n<h2>Culturas de inverno<\/h2>\n<p><strong>Com rela\u00e7\u00e3o \u00e0s culturas de inverno, a safra 2025 j\u00e1 se encontra em sua fase de colheita, tendo, na produ\u00e7\u00e3o de trigo, o principal produto semeado.<\/strong> O segundo levantamento da Conab a safra de gr\u00e3os indica 7,7 milh\u00f5es de toneladas a serem colhidas.<\/p>\n<p>As condi\u00e7\u00f5es clim\u00e1ticas das principais regi\u00f5es produtoras s\u00e3o consideradas \u201cfavor\u00e1veis\u201d pela Conab, para as culturas.<\/p>\n<blockquote>\n<p>\u201cEntretanto, a redu\u00e7\u00e3o dos investimentos em insumos, especialmente fertilizantes e defensivos, tornou as lavouras mais suscet\u00edveis a doen\u00e7as e limitou o pleno aproveitamento do potencial produtivo, resultando em espigas menores e com menor n\u00famero de gr\u00e3os\u201d, alerta a companhia.<\/p>\n<\/blockquote>\n<p><strong>\u201cVale destacar que no Paran\u00e1, as chuvas intensas, registradas no in\u00edcio de novembro, podem influenciar as lavouras que ainda permanecem em campo\u201d, acrescentou.<\/strong><\/p>\n<p>\u00a0<\/p>\n<p>      <!-- Relacionada --><\/p>\n<p>            <!-- Relacionada -->\n    <\/div>\n<p><br \/>\n<br \/>Fonte: <a href=\"https:\/\/agenciabrasil.ebc.com.br\/economia\/noticia\/2025-11\/brasil-estima-colheita-de-3548-milhoes-de-toneladas-de-graos\">Gazeta do Povo<\/a><\/p>\n","protected":false},"excerpt":{"rendered":"<p>O Brasil colher\u00e1 354,8 milh\u00f5es de toneladas de gr\u00e3os na safra 2025\/26, segundo estimativa da Companhia Nacional Abastecimento (Conab). Em termos de \u00e1rea, a previs\u00e3o para o atual ciclo \u00e9 que o total utilizado para a produ\u00e7\u00e3o seja de 84,4 milh\u00f5es de hectares, o que corresponde a um crescimento de 3,3% na compara\u00e7\u00e3o com a [&hellip;]<\/p>\n","protected":false},"author":5,"featured_media":43189,"comment_status":"open","ping_status":"open","sticky":false,"template":"","format":"standard","meta":{"_seopress_robots_primary_cat":"","_seopress_titles_title":"","_seopress_titles_desc":"","_seopress_robots_index":"","footnotes":""},"categories":[45],"tags":[],"class_list":["post-55253","post","type-post","status-publish","format-standard","has-post-thumbnail","hentry","category-economia"],"_links":{"self":[{"href":"https:\/\/mussicom.com\/noticias\/wp-json\/wp\/v2\/posts\/55253","targetHints":{"allow":["GET"]}}],"collection":[{"href":"https:\/\/mussicom.com\/noticias\/wp-json\/wp\/v2\/posts"}],"about":[{"href":"https:\/\/mussicom.com\/noticias\/wp-json\/wp\/v2\/types\/post"}],"author":[{"embeddable":true,"href":"https:\/\/mussicom.com\/noticias\/wp-json\/wp\/v2\/users\/5"}],"replies":[{"embeddable":true,"href":"https:\/\/mussicom.com\/noticias\/wp-json\/wp\/v2\/comments?post=55253"}],"version-history":[{"count":0,"href":"https:\/\/mussicom.com\/noticias\/wp-json\/wp\/v2\/posts\/55253\/revisions"}],"wp:featuredmedia":[{"embeddable":true,"href":"https:\/\/mussicom.com\/noticias\/wp-json\/wp\/v2\/media\/43189"}],"wp:attachment":[{"href":"https:\/\/mussicom.com\/noticias\/wp-json\/wp\/v2\/media?parent=55253"}],"wp:term":[{"taxonomy":"category","embeddable":true,"href":"https:\/\/mussicom.com\/noticias\/wp-json\/wp\/v2\/categories?post=55253"},{"taxonomy":"post_tag","embeddable":true,"href":"https:\/\/mussicom.com\/noticias\/wp-json\/wp\/v2\/tags?post=55253"}],"curies":[{"name":"wp","href":"https:\/\/api.w.org\/{rel}","templated":true}]}}