{"id":55247,"date":"2025-11-13T16:14:27","date_gmt":"2025-11-13T19:14:27","guid":{"rendered":"https:\/\/mussicom.com\/fazenda-reduz-para-22-projecao-de-crescimento-do-pib-em-2025\/"},"modified":"2025-11-13T16:14:27","modified_gmt":"2025-11-13T19:14:27","slug":"fazenda-reduz-para-22-projecao-de-crescimento-do-pib-em-2025","status":"publish","type":"post","link":"https:\/\/mussicom.com\/noticias\/fazenda-reduz-para-22-projecao-de-crescimento-do-pib-em-2025\/","title":{"rendered":"Fazenda reduz para 2,2% proje\u00e7\u00e3o de crescimento do PIB em 2025"},"content":{"rendered":"<p> <br \/>\n<\/p>\n<div>\n<p><strong>A desacelera\u00e7\u00e3o da economia provocada por juros altos surtir\u00e1 efeitos sobre a atividade econ\u00f4mica brasileira. O Minist\u00e9rio da Fazenda reduziu de 2,3% para 2,2% a proje\u00e7\u00e3o de crescimento do Produto Interno Bruto (PIB &#8211; soma das riquezas produzidas no pa\u00eds) em 2025. A estimativa foi divulgada nesta quinta-feira (13), em Bras\u00edlia, no Boletim Macrofiscal da Secretaria de Pol\u00edtica Econ\u00f4mica (SPE).<\/strong><img decoding=\"async\" src=\"https:\/\/agenciabrasil.ebc.com.br\/ebc.gif?id=1667668&amp;o=node\" style=\"width:1px; height:1px; display:inline;\"\/><\/p>\n<p>Segundo o minist\u00e9rio, a revis\u00e3o decorre do desempenho mais fraco da economia no terceiro trimestre e dos efeitos defasados da pol\u00edtica monet\u00e1ria restritiva. Para 2026, a proje\u00e7\u00e3o de crescimento foi mantida em 2,4%.<\/p>\n<h2>Infla\u00e7\u00e3o acima da meta<\/h2>\n<p><strong>A proje\u00e7\u00e3o para a infla\u00e7\u00e3o oficial (IPCA) em 2025 caiu de 4,8% para 4,6%, mas o \u00edndice ainda deve encerrar o ano acima do teto da meta &#8211; fixado em 4,5% pelo Conselho Monet\u00e1rio Nacional (CMN).<\/strong><\/p>\n<p>Para 2026, a expectativa foi revisada de 3,6% para 3,5%. A SPE prev\u00ea que a infla\u00e7\u00e3o deve convergir para 3,2% at\u00e9 o segundo trimestre de 2027, horizonte considerado relevante para a pol\u00edtica monet\u00e1ria.<\/p>\n<p>Segundo a SPE, a redu\u00e7\u00e3o na proje\u00e7\u00e3o reflete fatores como:<\/p>\n<ul>\n<li>valoriza\u00e7\u00e3o do real;<\/li>\n<li>menor infla\u00e7\u00e3o no atacado para produtos agropecu\u00e1rios e industriais;<\/li>\n<li>excesso de oferta global de bens;<\/li>\n<li>aplica\u00e7\u00e3o da bandeira amarela nas tarifas de energia em dezembro.<\/li>\n<\/ul>\n<h2>Principais proje\u00e7\u00f5es da Fazenda<\/h2>\n<table border=\"0\" cellpadding=\"0\" cellspacing=\"0\">\n<tbody>\n<tr>\n<td style=\"width:189px;\">\n<p>Indicador<\/p>\n<\/td>\n<td style=\"width:189px;\">\n<p>2025<\/p>\n<\/td>\n<td style=\"width:189px;\">\n<p>2026<\/p>\n<\/td>\n<\/tr>\n<tr>\n<td style=\"width:189px;\">\n<p>PIB real<\/p>\n<\/td>\n<td style=\"width:189px;\">\n<p>de 2,3% para 2,2%<\/p>\n<\/td>\n<td style=\"width:189px;\">\n<p>mantido em 2,4%<\/p>\n<\/td>\n<\/tr>\n<tr>\n<td style=\"width:189px;\">\n<p>IPCA<\/p>\n<\/td>\n<td style=\"width:189px;\">\n<p>de 4,8% para 4,6%<\/p>\n<\/td>\n<td style=\"width:189px;\">\n<p>de 3,6% para 3,5%<\/p>\n<\/td>\n<\/tr>\n<\/tbody>\n<\/table>\n<p><strong>Fonte: Minist\u00e9rio da Fazenda<\/strong><\/p>\n<h2>Desempenho setorial<\/h2>\n<p><strong>A revis\u00e3o do PIB para 2025 mostra din\u00e2micas distintas entre os setores da economia. A agropecu\u00e1ria foi o destaque positivo com previs\u00e3o de crescimento elevada de 8,3% para 9,5%.<\/strong><\/p>\n<p><strong>A ind\u00fastria recuou de 1,4% para 1,3%, e o setor de servi\u00e7os passou de 2,1% para 1,9%.<\/strong><\/p>\n<p>Para 2026, o crescimento projetado de 2,4% deve ser sustentado por uma recupera\u00e7\u00e3o mais intensa na ind\u00fastria e nos servi\u00e7os, compensando a esperada desacelera\u00e7\u00e3o da agropecu\u00e1ria.<\/p>\n<h2>Atividade dom\u00e9stica<\/h2>\n<p>O boletim aponta que a economia brasileira segue em trajet\u00f3ria de desacelera\u00e7\u00e3o, reflexo dos juros elevados e da contra\u00e7\u00e3o no cr\u00e9dito.<\/p>\n<blockquote>\n<p>\u201cOs efeitos cumulativos da pol\u00edtica monet\u00e1ria restritiva continuam impactando a atividade\u201d, destacou a SPE.<\/p>\n<\/blockquote>\n<p>Embora o desemprego permane\u00e7a em n\u00edvel historicamente baixo, o relat\u00f3rio observa redu\u00e7\u00e3o da popula\u00e7\u00e3o ocupada e ritmo mais lento de crescimento dos rendimentos no terceiro trimestre.<\/p>\n<h2>Tarifas dos EUA<\/h2>\n<p>No cen\u00e1rio internacional, o boletim afirma que a atividade global permanece resiliente, mas alerta para incertezas comerciais e geopol\u00edticas.<\/p>\n<p>O documento cita o impacto negativo das tarifas impostas pelos Estados Unidos \u00e0s exporta\u00e7\u00f5es brasileiras. Entre agosto e outubro de 2025, as vendas do Brasil para os EUA ca\u00edram US$ 2,5 bilh\u00f5es, uma redu\u00e7\u00e3o de 24,9% em rela\u00e7\u00e3o ao mesmo per\u00edodo de 2024.<\/p>\n<p>O Minist\u00e9rio da Fazenda informou que o governo tem buscado diversificar mercados e adotar pol\u00edticas de apoio ao setor exportador. O boletim menciona ainda que o di\u00e1logo entre os presidentes do Brasil e dos Estados Unidos pode contribuir para reduzir as tarifas.<\/p>\n<h2>Outros \u00edndices de pre\u00e7os<\/h2>\n<p>As proje\u00e7\u00f5es para outros \u00edndices tamb\u00e9m foram revisadas para baixo. A estimativa para o \u00cdndice Nacional de Pre\u00e7os ao Consumidor (INPC) &#8211; usado para corrigir o valor do sal\u00e1rio m\u00ednimo &#8211; caiu de 4,7% para 4,5% neste ano.<\/p>\n<p>A previs\u00e3o para o \u00cdndice Geral de Pre\u00e7os \u2013 Disponibilidade Interna (IGP-DI) recuou de 2,6% para 1,4%, refletindo a queda do d\u00f3lar, que influencia bastante esse \u00edndice.<\/p>\n<h2>Or\u00e7amento<\/h2>\n<p><strong>Divulgado a cada dois meses pela Secretaria de Pol\u00edtica Econ\u00f4mica, o Boletim Macrofiscal apresenta as principais proje\u00e7\u00f5es e an\u00e1lises sobre o desempenho da economia brasileira. O documento \u00e9 utilizado como refer\u00eancia para a elabora\u00e7\u00e3o do Relat\u00f3rio Bimestral de Avalia\u00e7\u00e3o de Receitas e Despesas, que orienta a execu\u00e7\u00e3o do Or\u00e7amento, com medidas de bloqueio e contingenciamento, tipos de cortes tempor\u00e1rios de despesas.<\/strong><\/p>\n<p>O bloqueio incide sobre os gastos que superam o limite de crescimento anual de despesas do arcabou\u00e7o fiscal. O contingenciamento ocorre quando a falta de receitas compromete o cumprimento da meta de resultado prim\u00e1rio.<\/p>\n<p>      <!-- Relacionada --><\/p>\n<p>            <!-- Relacionada -->\n    <\/div>\n<p><br \/>\n<br \/>Fonte: <a href=\"https:\/\/agenciabrasil.ebc.com.br\/economia\/noticia\/2025-11\/fazenda-reduz-para-22-projecao-de-crescimento-do-pib-em-2025\">Gazeta do Povo<\/a><\/p>\n","protected":false},"excerpt":{"rendered":"<p>A desacelera\u00e7\u00e3o da economia provocada por juros altos surtir\u00e1 efeitos sobre a atividade econ\u00f4mica brasileira. O Minist\u00e9rio da Fazenda reduziu de 2,3% para 2,2% a proje\u00e7\u00e3o de crescimento do Produto Interno Bruto (PIB &#8211; soma das riquezas produzidas no pa\u00eds) em 2025. A estimativa foi divulgada nesta quinta-feira (13), em Bras\u00edlia, no Boletim Macrofiscal da [&hellip;]<\/p>\n","protected":false},"author":5,"featured_media":55248,"comment_status":"open","ping_status":"open","sticky":false,"template":"","format":"standard","meta":{"_seopress_robots_primary_cat":"","_seopress_titles_title":"","_seopress_titles_desc":"","_seopress_robots_index":"","footnotes":""},"categories":[45],"tags":[],"class_list":["post-55247","post","type-post","status-publish","format-standard","has-post-thumbnail","hentry","category-economia"],"_links":{"self":[{"href":"https:\/\/mussicom.com\/noticias\/wp-json\/wp\/v2\/posts\/55247","targetHints":{"allow":["GET"]}}],"collection":[{"href":"https:\/\/mussicom.com\/noticias\/wp-json\/wp\/v2\/posts"}],"about":[{"href":"https:\/\/mussicom.com\/noticias\/wp-json\/wp\/v2\/types\/post"}],"author":[{"embeddable":true,"href":"https:\/\/mussicom.com\/noticias\/wp-json\/wp\/v2\/users\/5"}],"replies":[{"embeddable":true,"href":"https:\/\/mussicom.com\/noticias\/wp-json\/wp\/v2\/comments?post=55247"}],"version-history":[{"count":0,"href":"https:\/\/mussicom.com\/noticias\/wp-json\/wp\/v2\/posts\/55247\/revisions"}],"wp:featuredmedia":[{"embeddable":true,"href":"https:\/\/mussicom.com\/noticias\/wp-json\/wp\/v2\/media\/55248"}],"wp:attachment":[{"href":"https:\/\/mussicom.com\/noticias\/wp-json\/wp\/v2\/media?parent=55247"}],"wp:term":[{"taxonomy":"category","embeddable":true,"href":"https:\/\/mussicom.com\/noticias\/wp-json\/wp\/v2\/categories?post=55247"},{"taxonomy":"post_tag","embeddable":true,"href":"https:\/\/mussicom.com\/noticias\/wp-json\/wp\/v2\/tags?post=55247"}],"curies":[{"name":"wp","href":"https:\/\/api.w.org\/{rel}","templated":true}]}}