{"id":55165,"date":"2025-11-12T03:35:19","date_gmt":"2025-11-12T06:35:19","guid":{"rendered":"https:\/\/mussicom.com\/inpc-recua-para-003-em-outubro-e-acumula-449-em-12-meses\/"},"modified":"2025-11-12T03:35:19","modified_gmt":"2025-11-12T06:35:19","slug":"inpc-recua-para-003-em-outubro-e-acumula-449-em-12-meses","status":"publish","type":"post","link":"https:\/\/mussicom.com\/noticias\/inpc-recua-para-003-em-outubro-e-acumula-449-em-12-meses\/","title":{"rendered":"INPC recua para 0,03% em outubro e acumula 4,49% em 12 meses"},"content":{"rendered":"<p> <br \/>\n<\/p>\n<div>\n<p>A infla\u00e7\u00e3o apurada pelo \u00cdndice Nacional de Pre\u00e7os ao Consumidor (INPC) fechou outubro em 0,03%, mostrando redu\u00e7\u00e3o em rela\u00e7\u00e3o ao 0,52% de setembro. <strong>Com o resultado, o acumulado de 12 meses fica em 4,49%. Nos 12 meses encerrados em setembro, o \u00edndice chegava a 5,1%.\u00a0<\/strong><img decoding=\"async\" src=\"https:\/\/agenciabrasil.ebc.com.br\/ebc.gif?id=1667108&amp;o=node\" style=\"width:1px; height:1px; display:inline;\"\/><\/p>\n<p>Os dados foram divulgados nesta ter\u00e7a-feira (11) pelo Instituto Brasileiro de Geografia e Estat\u00edstica (IBGE).<\/p>\n<p>Em outubro, os produtos aliment\u00edcios pesquisados pelo IBGE tiveram varia\u00e7\u00e3o nula (0%). J\u00e1 os n\u00e3o aliment\u00edcios subiram 0,04%.<\/p>\n<p>&gt;&gt; Siga o canal da <strong>Ag\u00eancia Brasil<\/strong> no WhatsApp<\/p>\n<h2>Conta de luz ajuda<\/h2>\n<p>O grupo de produtos e servi\u00e7os que mais puxou o INPC para baixo foi a habita\u00e7\u00e3o (-0,32%), que representou impacto de menos 0,06 ponto percentual.<\/p>\n<p>A explica\u00e7\u00e3o est\u00e1 na migra\u00e7\u00e3o da bandeira tarif\u00e1ria vermelha patamar 2 para 1. No 2, h\u00e1 cobran\u00e7a adicional de R$ 7,87 na conta de luz a cada 100 Kwh consumidos. J\u00e1 no n\u00edvel 1, vigente em outubro, o extra \u00e9 de R$ 4,46.\u00a0<\/p>\n<p>A cobran\u00e7a extra \u00e9 determinada pela Aneel para custear usinas termel\u00e9tricas em tempos de baixa nos reservat\u00f3rios das hidrel\u00e9tricas. O adicional \u00e9 necess\u00e1rio, pois a energia gerada pelas termel\u00e9tricas \u00e9 mais cara que a hidrel\u00e9trica.<\/p>\n<h2>Sal\u00e1rios<\/h2>\n<p>O INPC \u00e9 muito utilizado como indexador para c\u00e1lculo de reajuste anual de sal\u00e1rios de diversas categorias.<\/p>\n<p>O sal\u00e1rio m\u00ednimo, por exemplo, al\u00e9m de outras m\u00e9tricas, leva o INPC anual de novembro para chegar ao valor no ano seguinte. O seguro-desemprego, o benef\u00edcio e o teto do INSS s\u00e3o reajustados com base no resultado de dezembro.<\/p>\n<p><strong>&gt;&gt;Entenda como funciona o c\u00e1lculo das taxas de infla\u00e7\u00e3o<\/strong><\/p>\n<h2>INPC x IPCA<\/h2>\n<p>O IBGE divulgou tamb\u00e9m nesta ter\u00e7a-feira o \u00cdndice Nacional de Pre\u00e7os ao Consumidor Amplo (IPCA), conhecido como infla\u00e7\u00e3o oficial, que ficou em 0,09% em setembro e 4,68% em 12 meses.\u00a0<\/p>\n<p><strong>A diferen\u00e7a entre os dois \u00edndices \u00e9 que o INPC apura a infla\u00e7\u00e3o para as fam\u00edlias com renda de um at\u00e9 cinco sal\u00e1rios m\u00ednimos e o IPCA para lares com renda de um at\u00e9 40 sal\u00e1rios m\u00ednimos. Atualmente o m\u00ednimo \u00e9 de R$ 1.518.<\/strong><\/p>\n<p>O IBGE confere pesos diferentes aos grupos de pre\u00e7os pesquisados. No INPC, por exemplo, os alimentos representam quase 25% do \u00edndice, mais do que no IPCA, cerca de 21%, pois as fam\u00edlias de menor renda gastam proporcionalmente mais com comida. Na \u00f3tica inversa, o pre\u00e7o de passagem de avi\u00e3o pesa menos no INPC do que no IPCA.<\/p>\n<p>De acordo com o IBGE, a apura\u00e7\u00e3o do INPC \u201ctem por objetivo a corre\u00e7\u00e3o do poder de compra dos sal\u00e1rios, atrav\u00e9s da mensura\u00e7\u00e3o das varia\u00e7\u00f5es de pre\u00e7os da cesta de consumo da popula\u00e7\u00e3o assalariada com mais baixo rendimento\u201d.<\/p>\n<p>A coleta de pre\u00e7os \u00e9 feita em dez regi\u00f5es metropolitanas: Bel\u00e9m, Fortaleza, Recife, Salvador, Belo Horizonte, Vit\u00f3ria, Rio de Janeiro, S\u00e3o Paulo, Curitiba e Porto Alegre. A coleta tamb\u00e9m \u00e9 feita em Bras\u00edlia, Goi\u00e2nia, Campo Grande, Rio Branco, S\u00e3o Lu\u00eds e Aracaju.<\/p>\n<p>      <!-- Relacionada --><\/p>\n<p>            <!-- Relacionada -->\n    <\/div>\n<p><br \/>\n<br \/>Fonte: <a href=\"https:\/\/agenciabrasil.ebc.com.br\/economia\/noticia\/2025-11\/inpc-recua-para-003-em-outubro-e-acumula-449-em-12-meses\">Gazeta do Povo<\/a><\/p>\n","protected":false},"excerpt":{"rendered":"<p>A infla\u00e7\u00e3o apurada pelo \u00cdndice Nacional de Pre\u00e7os ao Consumidor (INPC) fechou outubro em 0,03%, mostrando redu\u00e7\u00e3o em rela\u00e7\u00e3o ao 0,52% de setembro. Com o resultado, o acumulado de 12 meses fica em 4,49%. Nos 12 meses encerrados em setembro, o \u00edndice chegava a 5,1%.\u00a0 Os dados foram divulgados nesta ter\u00e7a-feira (11) pelo Instituto Brasileiro [&hellip;]<\/p>\n","protected":false},"author":5,"featured_media":55166,"comment_status":"open","ping_status":"open","sticky":false,"template":"","format":"standard","meta":{"_seopress_robots_primary_cat":"","_seopress_titles_title":"","_seopress_titles_desc":"","_seopress_robots_index":"","footnotes":""},"categories":[45],"tags":[],"class_list":["post-55165","post","type-post","status-publish","format-standard","has-post-thumbnail","hentry","category-economia"],"_links":{"self":[{"href":"https:\/\/mussicom.com\/noticias\/wp-json\/wp\/v2\/posts\/55165","targetHints":{"allow":["GET"]}}],"collection":[{"href":"https:\/\/mussicom.com\/noticias\/wp-json\/wp\/v2\/posts"}],"about":[{"href":"https:\/\/mussicom.com\/noticias\/wp-json\/wp\/v2\/types\/post"}],"author":[{"embeddable":true,"href":"https:\/\/mussicom.com\/noticias\/wp-json\/wp\/v2\/users\/5"}],"replies":[{"embeddable":true,"href":"https:\/\/mussicom.com\/noticias\/wp-json\/wp\/v2\/comments?post=55165"}],"version-history":[{"count":0,"href":"https:\/\/mussicom.com\/noticias\/wp-json\/wp\/v2\/posts\/55165\/revisions"}],"wp:featuredmedia":[{"embeddable":true,"href":"https:\/\/mussicom.com\/noticias\/wp-json\/wp\/v2\/media\/55166"}],"wp:attachment":[{"href":"https:\/\/mussicom.com\/noticias\/wp-json\/wp\/v2\/media?parent=55165"}],"wp:term":[{"taxonomy":"category","embeddable":true,"href":"https:\/\/mussicom.com\/noticias\/wp-json\/wp\/v2\/categories?post=55165"},{"taxonomy":"post_tag","embeddable":true,"href":"https:\/\/mussicom.com\/noticias\/wp-json\/wp\/v2\/tags?post=55165"}],"curies":[{"name":"wp","href":"https:\/\/api.w.org\/{rel}","templated":true}]}}