{"id":55081,"date":"2025-11-11T12:18:14","date_gmt":"2025-11-11T15:18:14","guid":{"rendered":"https:\/\/mussicom.com\/santos-distribui-sal-grosso-em-acao-do-dia-d-contra-a-dengue\/"},"modified":"2025-11-11T12:18:14","modified_gmt":"2025-11-11T15:18:14","slug":"santos-distribui-sal-grosso-em-acao-do-dia-d-contra-a-dengue","status":"publish","type":"post","link":"https:\/\/mussicom.com\/noticias\/santos-distribui-sal-grosso-em-acao-do-dia-d-contra-a-dengue\/","title":{"rendered":"Santos distribui sal grosso em a\u00e7\u00e3o do Dia D contra a Dengue"},"content":{"rendered":"<p> <br \/>\n<\/p>\n<div><\/p>\n<div>No Dia D Nacional de Combate \u00e0 Dengue, realizado s\u00e1bado (8), a Secretaria de Sa\u00fade de Santos distribuiu 300 sacos contendo sal grosso<\/div>\n<\/div>\n<p><br \/>\n<br \/>Fonte: <a href=\"https:\/\/jornaldaorla.com.br\/noticias\/santos-distribui-sal-grosso-em-acao-do-dia-d-contra-a-dengue\/\">Jornal Da Orla<\/a><\/p>\n","protected":false},"excerpt":{"rendered":"<p>No Dia D Nacional de Combate \u00e0 Dengue, realizado s\u00e1bado (8), a Secretaria de Sa\u00fade de Santos distribuiu 300 sacos contendo sal grosso Fonte: Jornal Da Orla<\/p>\n","protected":false},"author":5,"featured_media":55082,"comment_status":"open","ping_status":"open","sticky":false,"template":"","format":"standard","meta":{"_seopress_robots_primary_cat":"","_seopress_titles_title":"","_seopress_titles_desc":"","_seopress_robots_index":"","footnotes":""},"categories":[52],"tags":[],"class_list":["post-55081","post","type-post","status-publish","format-standard","has-post-thumbnail","hentry","category-santoseregiao"],"_links":{"self":[{"href":"https:\/\/mussicom.com\/noticias\/wp-json\/wp\/v2\/posts\/55081","targetHints":{"allow":["GET"]}}],"collection":[{"href":"https:\/\/mussicom.com\/noticias\/wp-json\/wp\/v2\/posts"}],"about":[{"href":"https:\/\/mussicom.com\/noticias\/wp-json\/wp\/v2\/types\/post"}],"author":[{"embeddable":true,"href":"https:\/\/mussicom.com\/noticias\/wp-json\/wp\/v2\/users\/5"}],"replies":[{"embeddable":true,"href":"https:\/\/mussicom.com\/noticias\/wp-json\/wp\/v2\/comments?post=55081"}],"version-history":[{"count":0,"href":"https:\/\/mussicom.com\/noticias\/wp-json\/wp\/v2\/posts\/55081\/revisions"}],"wp:featuredmedia":[{"embeddable":true,"href":"https:\/\/mussicom.com\/noticias\/wp-json\/wp\/v2\/media\/55082"}],"wp:attachment":[{"href":"https:\/\/mussicom.com\/noticias\/wp-json\/wp\/v2\/media?parent=55081"}],"wp:term":[{"taxonomy":"category","embeddable":true,"href":"https:\/\/mussicom.com\/noticias\/wp-json\/wp\/v2\/categories?post=55081"},{"taxonomy":"post_tag","embeddable":true,"href":"https:\/\/mussicom.com\/noticias\/wp-json\/wp\/v2\/tags?post=55081"}],"curies":[{"name":"wp","href":"https:\/\/api.w.org\/{rel}","templated":true}]}}