{"id":55079,"date":"2025-11-11T11:19:23","date_gmt":"2025-11-11T14:19:23","guid":{"rendered":"https:\/\/mussicom.com\/juros-ficarao-a-15-por-tempo-bastante-prolongado\/"},"modified":"2025-11-11T11:19:23","modified_gmt":"2025-11-11T14:19:23","slug":"juros-ficarao-a-15-por-tempo-bastante-prolongado","status":"publish","type":"post","link":"https:\/\/mussicom.com\/noticias\/juros-ficarao-a-15-por-tempo-bastante-prolongado\/","title":{"rendered":"juros ficar\u00e3o a 15% por tempo \u201cbastante prolongado\u201d"},"content":{"rendered":"<p> <br \/>\n<\/p>\n<div>\n<p class=\"postParagraph_post-paragraph-innerHtml__Q5vwc\">O Banco Central (BC) afirmou nesta ter\u00e7a (11) que pretende manter a taxa b\u00e1sica de juros Selic em 15% ao ano por um per\u00edodo \u201cbastante prolongado\u201d, contrariando as cr\u00edticas do governo do presidente Luiz In\u00e1cio Lula da Silva (PT). A decis\u00e3o tomada na reuni\u00e3o do Comit\u00ea de Pol\u00edtica Monet\u00e1ria (Copom) na semana passada foi explicada na ata divulgada nesta manh\u00e3, que afirma que o colegiado busca levar a infla\u00e7\u00e3o para o centro da meta de 3% \u2013 a previs\u00e3o para este ano \u00e9 de 4,55% segundo o Relat\u00f3rio Focus desta semana.<\/p>\n<p class=\"postParagraph_post-paragraph__juWZN\">Na ata da reuni\u00e3o do Copom, o Banco Central reconhece uma \u201cmodera\u00e7\u00e3o gradual da atividade\u201d e uma leve melhora nas expectativas inflacion\u00e1rias, mas alerta que o cen\u00e1rio ainda \u00e9 desafiador com a infla\u00e7\u00e3o acima do teto da meta de 4,5% \u2013 mesmo j\u00e1 pr\u00f3ximo disso.<\/p>\n<p class=\"postParagraph_post-paragraph-innerHtml__Q5vwc\">\u201cO Comit\u00ea d\u00e1 prosseguimento ao est\u00e1gio em que opta por manter a taxa inalterada por per\u00edodo bastante prolongado, mas j\u00e1 com maior convic\u00e7\u00e3o de que a taxa corrente \u00e9 suficiente para assegurar a converg\u00eancia da infla\u00e7\u00e3o \u00e0 meta\u201d, afirma o texto (veja na \u00edntegra).<\/p>\n<div class=\"postViewMore_post-view-more-container___5wai\" data-mrf-recirculation=\"Post - Veja tamb\u00e9m\">\n<p class=\"gp-styles-module-size-small-afeYRa gp-styles-module-font-family2-afeYRa gp-styles-module-color-secondary-afeYRa gp-styles-module-weight-bold-afeYRa\">VEJA TAMB\u00c9M:<\/p>\n<ul class=\"postViewMore_post-view-more-list__CU_CE\">\n<li class=\"postViewMore_post-view-more-item__2MzRb\">\n<div class=\"postViewMore_post-view-more-image__5gUSe\"><picture class=\"imageDefault_image-container__XGd8_\"><\/picture><\/div>\n<p>Maioria das empresas ainda n\u00e3o se adaptou \u00e0s primeiras mudan\u00e7as da reforma tribut\u00e1ria<\/li>\n<\/ul>\n<\/div>\n<p class=\"postParagraph_post-paragraph__juWZN\">A decis\u00e3o do Copom vem na contram\u00e3o das reiteradas cobran\u00e7as do presidente Lula e de membros do governo, que nas \u00faltimas semanas, v\u00eam pressionando pela redu\u00e7\u00e3o dos juros. O petista chegou a dizer que a autarquia \u201cvai precisar come\u00e7ar a baixar os juros\u201d, em cr\u00edticas diretas \u00e0 condu\u00e7\u00e3o da pol\u00edtica monet\u00e1ria.<\/p>\n<p class=\"postParagraph_post-paragraph-innerHtml__Q5vwc\">A ministra Gleisi Hoffmann (PT), das Rela\u00e7\u00f5es Institucionais, tamb\u00e9m atacou o presidente da institui\u00e7\u00e3o, Gabriel Gal\u00edpolo, indicado do governo, enquanto que o ministro Fernando Haddad, da Fazenda, buscou amenizar o embate e defendeu a atua\u00e7\u00e3o de seu ex-bra\u00e7o direito.<\/p>\n<p class=\"postParagraph_post-paragraph-innerHtml__Q5vwc\">\u201cE a\u00ed, Haddad, cai nas nossas costas, porque o Banco Central vai precisar come\u00e7ar a baixar o juro, porque todo mundo sabe o que n\u00f3s herdamos e todo mundo sabe que n\u00f3s estamos preparando este pa\u00eds para ter uma pol\u00edtica monet\u00e1ria mais s\u00e9ria\u201d, disse Lula em um evento no Pal\u00e1cio do Planalto.<\/p>\n<p class=\"postParagraph_post-paragraph__juWZN\">Apesar das press\u00f5es pol\u00edticas, o Copom manteve a Selic em 15% pela terceira vez consecutiva, o maior patamar desde 2006, durante o primeiro governo de Lula. O comit\u00ea justificou a manuten\u00e7\u00e3o com base na necessidade de uma pol\u00edtica monet\u00e1ria \u201csignificativamente contracionista\u201d, diante de uma infla\u00e7\u00e3o ainda resistente e de expectativas \u201cdesancoradas\u201d.<\/p>\n<p class=\"postParagraph_post-paragraph__juWZN\">\u201cOs vetores inflacion\u00e1rios seguem adversos, como resili\u00eancia na atividade econ\u00f4mica e press\u00f5es no mercado de trabalho, expectativas de infla\u00e7\u00e3o desancoradas e proje\u00e7\u00f5es de infla\u00e7\u00e3o elevadas\u201d, destacou o Banco Central.<\/p>\n<p class=\"postParagraph_post-paragraph__juWZN\">As proje\u00e7\u00f5es da autarquia mostram que a infla\u00e7\u00e3o ainda deve superar o teto da meta em 2025 antes de recuar para 3,6% em 2026 e 3,3% no segundo trimestre de 2027 \u2014 horizonte considerado adequado para converg\u00eancia. As previs\u00f5es consideram a taxa Selic em 15% at\u00e9 o fim de 2025 e em 12,25% no final de 2026, segundo o Boletim Focus.<\/p>\n<h2 class=\"postParagraph_post-paragraph__juWZN postParagraph_type-tag-h2__TtFkT\">Incertezas fiscais<\/h2>\n<p class=\"postParagraph_post-paragraph-innerHtml__Q5vwc\">A ata do Copom tamb\u00e9m citou a amplia\u00e7\u00e3o da faixa de isen\u00e7\u00e3o do Imposto de Renda para quem ganha at\u00e9 R$ 5 mil, aprovada no Congresso, como fator de incerteza fiscal, e afirmou que acompanhar\u00e1 os efeitos da medida sobre o consumo e a infla\u00e7\u00e3o, lembrando que \u201ca estimativa \u00e9 bastante incerta\u201d e que pode vir a ajustar a Selic no futuro.<\/p>\n<p class=\"postParagraph_post-paragraph__juWZN\">\u201cO Comit\u00ea seguir\u00e1 vigilante e n\u00e3o hesitar\u00e1 em retomar o ciclo de alta se julgar apropriado. Reafirmou-se o firme compromisso com o mandato do Banco Central de levar a infla\u00e7\u00e3o \u00e0 meta\u201d, ressaltou.<\/p>\n<p class=\"postParagraph_post-paragraph__juWZN\">Outra mudan\u00e7a nas proje\u00e7\u00f5es \u00e9 a expectativa de que as tarifas de energia el\u00e9trica terminem 2025 e 2026 com bandeira amarela, com cobran\u00e7a extra, ao contr\u00e1rio do cen\u00e1rio anterior, que previa bandeira verde. O Banco Central avalia que esse novo c\u00e1lculo tende a pressionar ligeiramente o custo de vida no curto prazo.<\/p>\n<p class=\"postParagraph_post-paragraph__juWZN\">Mesmo com a leve melhora nas expectativas de infla\u00e7\u00e3o captadas pelo mercado, o Copom destacou que continuam acima do desejado. \u201cEm um ambiente de expectativas desancoradas, como \u00e9 o caso do atual, exige-se uma restri\u00e7\u00e3o monet\u00e1ria maior e por mais tempo do que outrora seria apropriado\u201d, concluiu o comit\u00ea.<\/p>\n<\/div>\n<p><br \/>\n<br \/>Fonte: <a href=\"https:\/\/www.gazetadopovo.com.br\/economia\/bc-contraria-governo-juros-15-por-tempo-bastante-prolongado\/\">Gazeta do Povo<\/a><\/p>\n","protected":false},"excerpt":{"rendered":"<p>O Banco Central (BC) afirmou nesta ter\u00e7a (11) que pretende manter a taxa b\u00e1sica de juros Selic em 15% ao ano por um per\u00edodo \u201cbastante prolongado\u201d, contrariando as cr\u00edticas do governo do presidente Luiz In\u00e1cio Lula da Silva (PT). A decis\u00e3o tomada na reuni\u00e3o do Comit\u00ea de Pol\u00edtica Monet\u00e1ria (Copom) na semana passada foi explicada [&hellip;]<\/p>\n","protected":false},"author":5,"featured_media":55080,"comment_status":"open","ping_status":"open","sticky":false,"template":"","format":"standard","meta":{"_seopress_robots_primary_cat":"","_seopress_titles_title":"","_seopress_titles_desc":"","_seopress_robots_index":"","footnotes":""},"categories":[45],"tags":[],"class_list":["post-55079","post","type-post","status-publish","format-standard","has-post-thumbnail","hentry","category-economia"],"_links":{"self":[{"href":"https:\/\/mussicom.com\/noticias\/wp-json\/wp\/v2\/posts\/55079","targetHints":{"allow":["GET"]}}],"collection":[{"href":"https:\/\/mussicom.com\/noticias\/wp-json\/wp\/v2\/posts"}],"about":[{"href":"https:\/\/mussicom.com\/noticias\/wp-json\/wp\/v2\/types\/post"}],"author":[{"embeddable":true,"href":"https:\/\/mussicom.com\/noticias\/wp-json\/wp\/v2\/users\/5"}],"replies":[{"embeddable":true,"href":"https:\/\/mussicom.com\/noticias\/wp-json\/wp\/v2\/comments?post=55079"}],"version-history":[{"count":0,"href":"https:\/\/mussicom.com\/noticias\/wp-json\/wp\/v2\/posts\/55079\/revisions"}],"wp:featuredmedia":[{"embeddable":true,"href":"https:\/\/mussicom.com\/noticias\/wp-json\/wp\/v2\/media\/55080"}],"wp:attachment":[{"href":"https:\/\/mussicom.com\/noticias\/wp-json\/wp\/v2\/media?parent=55079"}],"wp:term":[{"taxonomy":"category","embeddable":true,"href":"https:\/\/mussicom.com\/noticias\/wp-json\/wp\/v2\/categories?post=55079"},{"taxonomy":"post_tag","embeddable":true,"href":"https:\/\/mussicom.com\/noticias\/wp-json\/wp\/v2\/tags?post=55079"}],"curies":[{"name":"wp","href":"https:\/\/api.w.org\/{rel}","templated":true}]}}