{"id":55019,"date":"2025-11-10T13:52:13","date_gmt":"2025-11-10T16:52:13","guid":{"rendered":"https:\/\/mussicom.com\/pnd-2025-inep-divulga-resultado-de-recurso-contra-gabarito-preliminar\/"},"modified":"2025-11-10T13:52:13","modified_gmt":"2025-11-10T16:52:13","slug":"pnd-2025-inep-divulga-resultado-de-recurso-contra-gabarito-preliminar","status":"publish","type":"post","link":"https:\/\/mussicom.com\/noticias\/pnd-2025-inep-divulga-resultado-de-recurso-contra-gabarito-preliminar\/","title":{"rendered":"PND 2025: Inep divulga resultado de recurso contra gabarito preliminar"},"content":{"rendered":"<p> <br \/>\n<\/p>\n<div>\n<p><strong>O Instituto Nacional de Estudos e Pesquisas Educacionais An\u00edsio Teixeira (Inep) divulgou, nesta segunda-feira (10), o resultado do recurso da vers\u00e3o preliminar do gabarito e do padr\u00e3o de resposta da quest\u00e3o discursiva da primeira edi\u00e7\u00e3o da Prova Nacional Docente (PND), realizada em outubro.<\/strong><img decoding=\"async\" src=\"https:\/\/agenciabrasil.ebc.com.br\/ebc.gif?id=1666917&amp;o=node\" style=\"width:1px; height:1px; display:inline;\"\/><\/p>\n<p>Os participantes que entraram com o recurso contra a resposta preliminar podem conferir o resultado na p\u00e1gina virtual do Sistema PND.<\/p>\n<p>O padr\u00e3o de resposta da quest\u00e3o discursiva da PND se refere ao documento oficial detalhado que a banca examinadora do Inep usa como modelo para corrigir a prova discursiva.<\/p>\n<p>Esta esp\u00e9cie de guia traz, por exemplo, os conceitos que a banca espera no desenvolvimento da resposta discursiva do candidato e os crit\u00e9rios de pontua\u00e7\u00e3o.<\/p>\n<h2>Parecer \u00fanico<\/h2>\n<p><strong>O resultado da an\u00e1lise dos recursos contra as vers\u00f5es preliminares do gabarito da PND e do padr\u00e3o de resposta da quest\u00e3o discursiva conter\u00e1 as raz\u00f5es (justificativas) de deferimento ou indeferimento apresentadas pela banca corretora da prova em parecer \u00fanico e n\u00e3o individualizado.<\/strong><\/p>\n<p>O parecer \u00fanico agrupa as raz\u00f5es de deferimento (aceita\u00e7\u00e3o) ou indeferimento (rejei\u00e7\u00e3o) pelo Inep, em temas recorrentes nos recursos que foram interpostos pelos candidatos. <strong>O Inep explica que n\u00e3o ser\u00e3o encaminhadas respostas individuais aos participantes.<\/strong><\/p>\n<h2>Gabarito final<\/h2>\n<p>De acordo com o edital da PND 2025, a divulga\u00e7\u00e3o final do gabarito e do padr\u00e3o de resposta da quest\u00e3o discursiva est\u00e1 prevista para esta ter\u00e7a-feira (11).<\/p>\n<p><strong>Se houver mudan\u00e7a no gabarito das quest\u00f5es objetivas ou no padr\u00e3o de resposta da quest\u00e3o discursiva, devido ao recurso, essa altera\u00e7\u00e3o ser\u00e1 aplicada a todos\u00a0os participantes, inclusive quem n\u00e3o recorreu.<\/strong><\/p>\n<h2>Pr\u00f3ximos passos<\/h2>\n<p>Confira as pr\u00f3ximas datas da primeira edi\u00e7\u00e3o da Prova Nacional Docente:<\/p>\n<ul>\n<li>11 de novembro: \u00a0divulga\u00e7\u00e3o final do gabarito e do padr\u00e3o de resposta da quest\u00e3o discursiva;<\/li>\n<li>25 de novembro: divulga\u00e7\u00e3o da corre\u00e7\u00e3o preliminar da resposta da quest\u00e3o discursiva;<\/li>\n<li>25 e 26 de novembro: recurso da corre\u00e7\u00e3o da resposta da quest\u00e3o discursiva;<\/li>\n<li>10 de dezembro: divulga\u00e7\u00e3o do resultado final da PND 2025.<\/li>\n<\/ul>\n<h2>PND<\/h2>\n<p>A Prova Nacional Docente (PND) n\u00e3o \u00e9 uma certifica\u00e7\u00e3o p\u00fablica para o of\u00edcio de professor, tamb\u00e9m n\u00e3o \u00e9 um concurso.<\/p>\n<p>Chamado de CNU dos Professores ou Enem dos Professores, <strong>o exame avalia o n\u00edvel de conhecimento e a forma\u00e7\u00e3o dos futuros professores das licenciaturas, com o objetivo de auxiliar estados e munic\u00edpios a selecionarem professores para as suas redes de ensino.<\/strong><\/p>\n<p>Por isso a PND representa uma porta de entrada no magist\u00e9rio p\u00fablico brasileiro.<\/p>\n<p>As redes p\u00fablicas de ensino poder\u00e3o optar por usar as notas dos participantes da PND como mecanismo \u00fanico ou complementar de sele\u00e7\u00e3o de docentes para seus quadros a partir de 2026.<\/p>\n<p>O exame, criado pelo Minist\u00e9rio da Educa\u00e7\u00e3o (MEC),\u00a0ser\u00e1 realizado anualmente pelo Inep.\u00a0<\/p>\n<p>\u00a0<\/p>\n<p>      <!-- Relacionada --><\/p>\n<p>            <!-- Relacionada -->\n    <\/div>\n<p><br \/>\n<br \/>Fonte: <a href=\"https:\/\/agenciabrasil.ebc.com.br\/educacao\/noticia\/2025-11\/pnd-2025-inep-divulga-resultado-de-recurso-contra-gabarito-preliminar\">Ag\u00eancia Brasil<\/a><\/p>\n","protected":false},"excerpt":{"rendered":"<p>O Instituto Nacional de Estudos e Pesquisas Educacionais An\u00edsio Teixeira (Inep) divulgou, nesta segunda-feira (10), o resultado do recurso da vers\u00e3o preliminar do gabarito e do padr\u00e3o de resposta da quest\u00e3o discursiva da primeira edi\u00e7\u00e3o da Prova Nacional Docente (PND), realizada em outubro. Os participantes que entraram com o recurso contra a resposta preliminar podem [&hellip;]<\/p>\n","protected":false},"author":5,"featured_media":55020,"comment_status":"open","ping_status":"open","sticky":false,"template":"","format":"standard","meta":{"_seopress_robots_primary_cat":"","_seopress_titles_title":"","_seopress_titles_desc":"","_seopress_robots_index":"","footnotes":""},"categories":[44],"tags":[],"class_list":["post-55019","post","type-post","status-publish","format-standard","has-post-thumbnail","hentry","category-educacao"],"_links":{"self":[{"href":"https:\/\/mussicom.com\/noticias\/wp-json\/wp\/v2\/posts\/55019","targetHints":{"allow":["GET"]}}],"collection":[{"href":"https:\/\/mussicom.com\/noticias\/wp-json\/wp\/v2\/posts"}],"about":[{"href":"https:\/\/mussicom.com\/noticias\/wp-json\/wp\/v2\/types\/post"}],"author":[{"embeddable":true,"href":"https:\/\/mussicom.com\/noticias\/wp-json\/wp\/v2\/users\/5"}],"replies":[{"embeddable":true,"href":"https:\/\/mussicom.com\/noticias\/wp-json\/wp\/v2\/comments?post=55019"}],"version-history":[{"count":0,"href":"https:\/\/mussicom.com\/noticias\/wp-json\/wp\/v2\/posts\/55019\/revisions"}],"wp:featuredmedia":[{"embeddable":true,"href":"https:\/\/mussicom.com\/noticias\/wp-json\/wp\/v2\/media\/55020"}],"wp:attachment":[{"href":"https:\/\/mussicom.com\/noticias\/wp-json\/wp\/v2\/media?parent=55019"}],"wp:term":[{"taxonomy":"category","embeddable":true,"href":"https:\/\/mussicom.com\/noticias\/wp-json\/wp\/v2\/categories?post=55019"},{"taxonomy":"post_tag","embeddable":true,"href":"https:\/\/mussicom.com\/noticias\/wp-json\/wp\/v2\/tags?post=55019"}],"curies":[{"name":"wp","href":"https:\/\/api.w.org\/{rel}","templated":true}]}}