{"id":54979,"date":"2025-11-09T17:18:18","date_gmt":"2025-11-09T20:18:18","guid":{"rendered":"https:\/\/mussicom.com\/primeira-turma-do-stf-torna-tagliaferro-reu\/"},"modified":"2025-11-09T17:18:18","modified_gmt":"2025-11-09T20:18:18","slug":"primeira-turma-do-stf-torna-tagliaferro-reu","status":"publish","type":"post","link":"https:\/\/mussicom.com\/noticias\/primeira-turma-do-stf-torna-tagliaferro-reu\/","title":{"rendered":"Primeira Turma do STF torna Tagliaferro r\u00e9u"},"content":{"rendered":"<p> <br \/>\n<\/p>\n<div>\n<p class=\"postParagraph_post-paragraph-innerHtml__Q5vwc\">A Primeira Turma do Supremo Tribunal Federal (STF) formou maioria neste domingo (9) para tornar r\u00e9u Eduardo Tagliaferro, ex-assessor do ministro Alexandre de Moraes no Tribunal Superior Eleitoral (TSE). Ele \u00e9 investigado pelo vazamento de mensagens entre ex-auxiliares de Moraes, que sugerem persegui\u00e7\u00e3o a pol\u00edticos e figuras de direita durante e ap\u00f3s as elei\u00e7\u00f5es de 2022 \u2014 caso que ficou conhecido como \u201cVaza Toga\u201d.<\/p>\n<p class=\"postParagraph_post-paragraph-innerHtml__Q5vwc\">O placar \u00e9 de 3 votos a zero. Relator do caso, Moraes classificou a conduta de Tagliaferro como \u201cgrav\u00edssima\u201d e votou para torn\u00e1-lo r\u00e9u. Os ministros Fl\u00e1vio Dino e Cristiano Zanin acompanharam o entendimento. Falta apenas o voto da ministra C\u00e1rmen L\u00facia.<\/p>\n<p class=\"postParagraph_post-paragraph-innerHtml__Q5vwc\">O colegiado julga a den\u00fancia da Procuradoria-Geral da Rep\u00fablica (PGR) com quatro integrantes ap\u00f3s transfer\u00eancia do ministro Luiz Fux para a Segunda Turma. A an\u00e1lise ocorre no plen\u00e1rio virtual da Corte at\u00e9 a pr\u00f3xima sexta-feira (14).<\/p>\n<div class=\"postViewMore_post-view-more-container___5wai\" data-mrf-recirculation=\"Post - Veja tamb\u00e9m\">\n<p class=\"gp-styles-module-size-small-afeYRa gp-styles-module-font-family2-afeYRa gp-styles-module-color-secondary-afeYRa gp-styles-module-weight-bold-afeYRa\">VEJA TAMB\u00c9M:<\/p>\n<ul class=\"postViewMore_post-view-more-list__CU_CE\">\n<li class=\"postViewMore_post-view-more-item__2MzRb\"><span class=\"postViewMore_post-view-more-link-icon___stPC\"><svg xmlns=\"http:\/\/www.w3.org\/2000\/svg\" width=\"16\" height=\"16\" viewbox=\"0 0 16 16\"><rect width=\"16\" height=\"16\" fill=\"none\"\/><g transform=\"translate(3 3)\"><path d=\"M22.5,15l3.4,3.4-3.4,3.4\" transform=\"translate(-15.896 -11.793)\" fill=\"none\" stroke=\"#717171\" stroke-linecap=\"round\" stroke-width=\"1.4\"\/><path d=\"M6,6v4.2a2.452,2.452,0,0,0,2.5,2.4H16\" transform=\"translate(-6 -6)\" fill=\"none\" stroke=\"#717171\" stroke-linecap=\"round\" stroke-width=\"1.4\"\/><\/g><\/svg><\/span><span class=\"postViewMore_post-view-more-link-text__hO_kM\">Lula critica EUA em c\u00fapula na Col\u00f4mbia, mas n\u00e3o visita v\u00edtimas de tornado no Brasil<\/span><\/li>\n<\/ul>\n<\/div>\n<p class=\"postParagraph_post-paragraph__juWZN\">A PGR acusa o ex-assessor por suposta viola\u00e7\u00e3o de sigilo funcional, obstru\u00e7\u00e3o de investiga\u00e7\u00e3o de organiza\u00e7\u00e3o criminosa, coa\u00e7\u00e3o no curso do processo e tentativa de aboli\u00e7\u00e3o violenta do Estado Democr\u00e1tico de Direito.<\/p>\n<p class=\"postParagraph_post-paragraph__juWZN\">Segundo a PGR, Tagliaferro &#8220;teve o n\u00edtido prop\u00f3sito de tentar colocar em d\u00favida a legitimidade e a lisura de importantes investiga\u00e7\u00f5es que seguem em curso no Supremo Tribunal Federal, como estrat\u00e9gia para incitar a pr\u00e1tica de atos antidemocr\u00e1ticos e tentar desestabilizar as institui\u00e7\u00f5es republicanas&#8221;.<\/p>\n<p class=\"postParagraph_post-paragraph-innerHtml__Q5vwc\">Tagliaferro deixou o Brasil e e vive na It\u00e1lia. Ele alega que corre riscos por denunciar a atua\u00e7\u00e3o do ex-chefe. O governo brasileiro pediu a extradi\u00e7\u00e3o do ex-assessor. A Justi\u00e7a italiana analisar\u00e1 o pedido no pr\u00f3ximo dia 17.<\/p>\n<p class=\"postParagraph_post-paragraph-innerHtml__Q5vwc\">Na semana passada, o advogado do ex-assessor, Paulo Faria, chamou Moraes de &#8220;algoz e torturador&#8221; em recurso destinado ao pr\u00f3prio ministro. O advogado Eduardo Kuntz, que tamb\u00e9m representava Tagliaferro, deixou o caso na tentativa de &#8220;baixar a temperatura&#8221; com a Corte.<\/p>\n<h2 class=\"postParagraph_post-paragraph__juWZN postParagraph_type-tag-h2__TtFkT\">&#8220;Vaza Toga&#8221;<\/h2>\n<p class=\"postParagraph_post-paragraph-innerHtml__Q5vwc\">Entre agosto de 2022 e maio de 2023, Eduardo Tagliaferro comandou a Assessoria Especial de Enfrentamento \u00e0 Desinforma\u00e7\u00e3o (AEED), no TSE. Moraes abriu um inqu\u00e9rito, em agosto de 2024, ap\u00f3s a\u00a0<em>Folha de S.Paulo\u00a0<\/em>revelar conversas entre Tagliaferro e o ent\u00e3o juiz instrutor Airton Vieira, assessor mais pr\u00f3ximo do ministro no STF.<\/p>\n<p class=\"postParagraph_post-paragraph__juWZN\">Os di\u00e1logos vazados indicam suposto uso extraoficial do TSE por parte de Moraes para produ\u00e7\u00e3o de relat\u00f3rios que teriam sido utilizados para subsidiar o inqu\u00e9rito das fake news, relatado por ele no STF, em casos relacionados ou n\u00e3o \u00e0s elei\u00e7\u00f5es presidenciais. Em 2022, o magistrado era o presidente da Corte eleitoral.<\/p>\n<p class=\"postParagraph_post-paragraph-innerHtml__Q5vwc\">Em abril de 2025, o conte\u00fado de uma s\u00e9rie de mensagens de Tagliaferro foi divulgado,\u00a0com exclusividade, pela\u00a0<strong>Gazeta do Povo<\/strong>. Nelas, o ex-assessor disse ter medo de Moraes. \u201cSe eu falar algo, o Ministro me mata ou me prende\u201d, escreveu o perito, em 31 de mar\u00e7o de 2024, para a sua esposa, numa mensagem de WhatsApp.<\/p>\n<\/div>\n<p><br \/>\n<br \/>Fonte: <a href=\"https:\/\/www.gazetadopovo.com.br\/republica\/primeira-turma-stf-maioria-tornar-reu-tagliaferro-ex-assessor-de-moraes\/\">Revista Oeste<\/a><\/p>\n","protected":false},"excerpt":{"rendered":"<p>A Primeira Turma do Supremo Tribunal Federal (STF) formou maioria neste domingo (9) para tornar r\u00e9u Eduardo Tagliaferro, ex-assessor do ministro Alexandre de Moraes no Tribunal Superior Eleitoral (TSE). Ele \u00e9 investigado pelo vazamento de mensagens entre ex-auxiliares de Moraes, que sugerem persegui\u00e7\u00e3o a pol\u00edticos e figuras de direita durante e ap\u00f3s as elei\u00e7\u00f5es de [&hellip;]<\/p>\n","protected":false},"author":5,"featured_media":45927,"comment_status":"open","ping_status":"open","sticky":false,"template":"","format":"standard","meta":{"_seopress_robots_primary_cat":"","_seopress_titles_title":"","_seopress_titles_desc":"","_seopress_robots_index":"","footnotes":""},"categories":[1],"tags":[],"class_list":["post-54979","post","type-post","status-publish","format-standard","has-post-thumbnail","hentry","category-ultimas-noticias"],"_links":{"self":[{"href":"https:\/\/mussicom.com\/noticias\/wp-json\/wp\/v2\/posts\/54979","targetHints":{"allow":["GET"]}}],"collection":[{"href":"https:\/\/mussicom.com\/noticias\/wp-json\/wp\/v2\/posts"}],"about":[{"href":"https:\/\/mussicom.com\/noticias\/wp-json\/wp\/v2\/types\/post"}],"author":[{"embeddable":true,"href":"https:\/\/mussicom.com\/noticias\/wp-json\/wp\/v2\/users\/5"}],"replies":[{"embeddable":true,"href":"https:\/\/mussicom.com\/noticias\/wp-json\/wp\/v2\/comments?post=54979"}],"version-history":[{"count":0,"href":"https:\/\/mussicom.com\/noticias\/wp-json\/wp\/v2\/posts\/54979\/revisions"}],"wp:featuredmedia":[{"embeddable":true,"href":"https:\/\/mussicom.com\/noticias\/wp-json\/wp\/v2\/media\/45927"}],"wp:attachment":[{"href":"https:\/\/mussicom.com\/noticias\/wp-json\/wp\/v2\/media?parent=54979"}],"wp:term":[{"taxonomy":"category","embeddable":true,"href":"https:\/\/mussicom.com\/noticias\/wp-json\/wp\/v2\/categories?post=54979"},{"taxonomy":"post_tag","embeddable":true,"href":"https:\/\/mussicom.com\/noticias\/wp-json\/wp\/v2\/tags?post=54979"}],"curies":[{"name":"wp","href":"https:\/\/api.w.org\/{rel}","templated":true}]}}