{"id":54967,"date":"2025-11-09T13:27:15","date_gmt":"2025-11-09T16:27:15","guid":{"rendered":"https:\/\/mussicom.com\/enem-2025-portoes-sao-fechados-em-todo-o-brasil\/"},"modified":"2025-11-09T13:27:15","modified_gmt":"2025-11-09T16:27:15","slug":"enem-2025-portoes-sao-fechados-em-todo-o-brasil","status":"publish","type":"post","link":"https:\/\/mussicom.com\/noticias\/enem-2025-portoes-sao-fechados-em-todo-o-brasil\/","title":{"rendered":"Enem 2025: port\u00f5es s\u00e3o fechados em todo o Brasil"},"content":{"rendered":"<p> <br \/>\n<\/p>\n<div>\n<p>Os port\u00f5es dos locais de prova do Exame Nacional do Ensino M\u00e9dio (Enem) 2025 foram fechados \u00e0s 13h em todo o Brasil. A partir de agora, nenhum candidato poder\u00e1 entrar para fazer a prova.\u00a0<img decoding=\"async\" src=\"https:\/\/agenciabrasil.ebc.com.br\/ebc.gif?id=1666748&amp;o=node\" style=\"width:1px; height:1px; display:inline;\"\/><\/p>\n<p><strong>O exame \u00e9 considerado a principal porta de entrada para o ensino superior. Os candidatos ter\u00e3o acesso aos cadernos de prova \u00e0s 13h30.<\/strong><\/p>\n<p>Neste domingo (9), os candidatos ter\u00e3o 5 horas e 30 minutos para responder a 90 quest\u00f5es objetivas (dividas entre Linguagens e Ci\u00eancias Humanas) e uma reda\u00e7\u00e3o.<\/p>\n<p><strong>Ser\u00e3o cobrado conte\u00fados das seguintes \u00e1reas do conhecimento: l\u00edngua portuguesa; literatura; l\u00edngua estrangeira (ingl\u00eas ou espanhol); hist\u00f3ria; geografia; filosofia e sociologia, artes, educa\u00e7\u00e3o f\u00edsica e tecnologias da informa\u00e7\u00e3o e comunica\u00e7\u00e3o.\u00a0<\/strong><\/p>\n<p>O\u00a0t\u00e9rmino regular est\u00e1 agendado para as 19h, no hor\u00e1rio de Bras\u00edlia.<\/p>\n<p>      <!-- Relacionada --><\/p>\n<p>            <!-- Relacionada -->\n    <\/div>\n<p><br \/>\n<br \/>Fonte: <a href=\"https:\/\/agenciabrasil.ebc.com.br\/educacao\/noticia\/2025-11\/enem-2025-portoes-sao-fechados-em-todo-o-brasil\">Ag\u00eancia Brasil<\/a><\/p>\n","protected":false},"excerpt":{"rendered":"<p>Os port\u00f5es dos locais de prova do Exame Nacional do Ensino M\u00e9dio (Enem) 2025 foram fechados \u00e0s 13h em todo o Brasil. A partir de agora, nenhum candidato poder\u00e1 entrar para fazer a prova.\u00a0 O exame \u00e9 considerado a principal porta de entrada para o ensino superior. Os candidatos ter\u00e3o acesso aos cadernos de prova [&hellip;]<\/p>\n","protected":false},"author":5,"featured_media":9230,"comment_status":"open","ping_status":"open","sticky":false,"template":"","format":"standard","meta":{"_seopress_robots_primary_cat":"","_seopress_titles_title":"","_seopress_titles_desc":"","_seopress_robots_index":"","footnotes":""},"categories":[44],"tags":[],"class_list":["post-54967","post","type-post","status-publish","format-standard","has-post-thumbnail","hentry","category-educacao"],"_links":{"self":[{"href":"https:\/\/mussicom.com\/noticias\/wp-json\/wp\/v2\/posts\/54967","targetHints":{"allow":["GET"]}}],"collection":[{"href":"https:\/\/mussicom.com\/noticias\/wp-json\/wp\/v2\/posts"}],"about":[{"href":"https:\/\/mussicom.com\/noticias\/wp-json\/wp\/v2\/types\/post"}],"author":[{"embeddable":true,"href":"https:\/\/mussicom.com\/noticias\/wp-json\/wp\/v2\/users\/5"}],"replies":[{"embeddable":true,"href":"https:\/\/mussicom.com\/noticias\/wp-json\/wp\/v2\/comments?post=54967"}],"version-history":[{"count":0,"href":"https:\/\/mussicom.com\/noticias\/wp-json\/wp\/v2\/posts\/54967\/revisions"}],"wp:featuredmedia":[{"embeddable":true,"href":"https:\/\/mussicom.com\/noticias\/wp-json\/wp\/v2\/media\/9230"}],"wp:attachment":[{"href":"https:\/\/mussicom.com\/noticias\/wp-json\/wp\/v2\/media?parent=54967"}],"wp:term":[{"taxonomy":"category","embeddable":true,"href":"https:\/\/mussicom.com\/noticias\/wp-json\/wp\/v2\/categories?post=54967"},{"taxonomy":"post_tag","embeddable":true,"href":"https:\/\/mussicom.com\/noticias\/wp-json\/wp\/v2\/tags?post=54967"}],"curies":[{"name":"wp","href":"https:\/\/api.w.org\/{rel}","templated":true}]}}