{"id":54926,"date":"2025-11-08T14:04:18","date_gmt":"2025-11-08T17:04:18","guid":{"rendered":"https:\/\/mussicom.com\/apos-tornado-enem-e-suspenso-em-rio-bonito-do-iguacu-no-parana\/"},"modified":"2025-11-08T14:04:18","modified_gmt":"2025-11-08T17:04:18","slug":"apos-tornado-enem-e-suspenso-em-rio-bonito-do-iguacu-no-parana","status":"publish","type":"post","link":"https:\/\/mussicom.com\/noticias\/apos-tornado-enem-e-suspenso-em-rio-bonito-do-iguacu-no-parana\/","title":{"rendered":"Ap\u00f3s tornado, Enem \u00e9 suspenso em Rio Bonito do Igua\u00e7u, no Paran\u00e1"},"content":{"rendered":"<p> <br \/>\n<\/p>\n<div>\n<p><strong>A Secretaria de Educa\u00e7\u00e3o do Paran\u00e1 informou na manh\u00e3 deste s\u00e1bado (8) que a realiza\u00e7\u00e3o do Exame Nacional do Ensino M\u00e9dio (Enem) em Rio Bonito do Igua\u00e7u foi suspensa, devido \u00e0 destrui\u00e7\u00e3o causada pela passagem de um tornado na noite de sexta (7).<\/strong><img decoding=\"async\" src=\"https:\/\/agenciabrasil.ebc.com.br\/ebc.gif?id=1666719&amp;o=node\" style=\"width:1px; height:1px; display:inline;\"\/><\/p>\n<p>O primeiro dia de provas ocorre no domingo (9) em todo o pa\u00eds. O segundo dia est\u00e1 marcado para 16 de novembro, domingo seguinte.<\/p>\n<p><strong>A suspens\u00e3o segue o protocolo para eventos clim\u00e1ticos severos do Instituto Nacional de Estudos e Pesquisas Educacionais An\u00edsio Teixeira (Inep)<\/strong>, autarquia respons\u00e1vel pela aplica\u00e7\u00e3o do Enem.<\/p>\n<p>Cidade do centro-sul do Paran\u00e1, a cerca de 400km de Curitiba, Rio Bonito do Igua\u00e7u tem 14 mil habitantes. <strong>As duas escolas estaduais do munic\u00edpio tiveram a infraestrutura comprometida e passam por vistorias, segundo o governo paranaense.<\/strong><\/p>\n<p>Dados da Defesa Civil apontam que at\u00e9 90% da \u00e1rea urbana de Rio Bonito do Igua\u00e7u sofreu algum estrago na infraestrutura.<\/p>\n<p>O secret\u00e1rio de Educa\u00e7\u00e3o do Paran\u00e1, Roni Miranda, disse ter conversado com o presidente do Inep, Manuel Pal\u00e1cios, que se colocou \u00e0 disposi\u00e7\u00e3o no aux\u00edlio aos estudantes e na organiza\u00e7\u00e3o do Enem em nova data.<\/p>\n<p><strong>At\u00e9 o momento, n\u00e3o h\u00e1 informa\u00e7\u00f5es sobre suspens\u00e3o do Enem em outros munic\u00edpios paranaenses atingidos,<\/strong> <strong>como Guarapuava<\/strong>. Segundo dados do Inep, h\u00e1 no Paran\u00e1 195.870 inscritos confirmados no exame.<\/p>\n<p>O pr\u00f3prio edital do Enem prev\u00ea que o participante impedido de comparecer \u00e0 prova por problemas clim\u00e1ticos ou de infraestrutura tem o direito de solicitar a reaplica\u00e7\u00e3o do exame. \u00a0<\/p>\n<p>      <!-- Relacionada --><\/p>\n<p>            <!-- Relacionada -->\n    <\/div>\n<p><br \/>\n<br \/>Fonte: <a href=\"https:\/\/agenciabrasil.ebc.com.br\/educacao\/noticia\/2025-11\/apos-tornado-enem-e-suspenso-em-rio-bonito-do-iguacu-no-parana\">Ag\u00eancia Brasil<\/a><\/p>\n","protected":false},"excerpt":{"rendered":"<p>A Secretaria de Educa\u00e7\u00e3o do Paran\u00e1 informou na manh\u00e3 deste s\u00e1bado (8) que a realiza\u00e7\u00e3o do Exame Nacional do Ensino M\u00e9dio (Enem) em Rio Bonito do Igua\u00e7u foi suspensa, devido \u00e0 destrui\u00e7\u00e3o causada pela passagem de um tornado na noite de sexta (7). O primeiro dia de provas ocorre no domingo (9) em todo o [&hellip;]<\/p>\n","protected":false},"author":5,"featured_media":54927,"comment_status":"open","ping_status":"open","sticky":false,"template":"","format":"standard","meta":{"_seopress_robots_primary_cat":"","_seopress_titles_title":"","_seopress_titles_desc":"","_seopress_robots_index":"","footnotes":""},"categories":[44],"tags":[],"class_list":["post-54926","post","type-post","status-publish","format-standard","has-post-thumbnail","hentry","category-educacao"],"_links":{"self":[{"href":"https:\/\/mussicom.com\/noticias\/wp-json\/wp\/v2\/posts\/54926","targetHints":{"allow":["GET"]}}],"collection":[{"href":"https:\/\/mussicom.com\/noticias\/wp-json\/wp\/v2\/posts"}],"about":[{"href":"https:\/\/mussicom.com\/noticias\/wp-json\/wp\/v2\/types\/post"}],"author":[{"embeddable":true,"href":"https:\/\/mussicom.com\/noticias\/wp-json\/wp\/v2\/users\/5"}],"replies":[{"embeddable":true,"href":"https:\/\/mussicom.com\/noticias\/wp-json\/wp\/v2\/comments?post=54926"}],"version-history":[{"count":0,"href":"https:\/\/mussicom.com\/noticias\/wp-json\/wp\/v2\/posts\/54926\/revisions"}],"wp:featuredmedia":[{"embeddable":true,"href":"https:\/\/mussicom.com\/noticias\/wp-json\/wp\/v2\/media\/54927"}],"wp:attachment":[{"href":"https:\/\/mussicom.com\/noticias\/wp-json\/wp\/v2\/media?parent=54926"}],"wp:term":[{"taxonomy":"category","embeddable":true,"href":"https:\/\/mussicom.com\/noticias\/wp-json\/wp\/v2\/categories?post=54926"},{"taxonomy":"post_tag","embeddable":true,"href":"https:\/\/mussicom.com\/noticias\/wp-json\/wp\/v2\/tags?post=54926"}],"curies":[{"name":"wp","href":"https:\/\/api.w.org\/{rel}","templated":true}]}}