{"id":54898,"date":"2025-11-08T05:42:20","date_gmt":"2025-11-08T08:42:20","guid":{"rendered":"https:\/\/mussicom.com\/lula-pretere-cop-30-e-se-alinha-a-maduro\/"},"modified":"2025-11-08T05:42:20","modified_gmt":"2025-11-08T08:42:20","slug":"lula-pretere-cop-30-e-se-alinha-a-maduro","status":"publish","type":"post","link":"https:\/\/mussicom.com\/noticias\/lula-pretere-cop-30-e-se-alinha-a-maduro\/","title":{"rendered":"Lula pretere COP 30 e se alinha a Maduro"},"content":{"rendered":"<p> <br \/>\n<\/p>\n<div>\n<p class=\"postParagraph_post-paragraph-innerHtml__Q5vwc\">No programa \u00daltima An\u00e1lise desta quinta-feira (06), os convidados analisaram a duvidosa atitude do presidente Lula que, em solidariedade ao ditador venezuelano Nicol\u00e1s Maduro, preteriu a Confer\u00eancia das Na\u00e7\u00f5es Unidas sobre Mudan\u00e7as Clim\u00e1ticas (COP 30) e deve ir \u00e0 Col\u00f4mbia, para a c\u00fapula de l\u00edderes da Comunidade de Estados Latino-americanos e Caribenhos (Celac). A justificativa oficial da viagem, dada pelo Ministro das Rela\u00e7\u00f5es Exteriores, Mauro Vieira, foi prestar &#8220;solidariedade regional \u00e0 Venezuela&#8221;, defendendo a posi\u00e7\u00e3o de que a Am\u00e9rica Latina e, sobretudo, a Am\u00e9rica do Sul \u00e9 uma regi\u00e3o de paz e coopera\u00e7\u00e3o.<\/p>\n<p class=\"postParagraph_post-paragraph-innerHtml__Q5vwc\">O escritor Francisco Escorcim questionou a extens\u00e3o da &#8220;solidariedade&#8221; de Lula ao regime de Nicol\u00e1s Maduro. &#8220;Se houver uma invas\u00e3o norte-americana no pa\u00eds vizinho, este apoio vai se dar em termos de defesa da Venezuela com nossas for\u00e7as armadas tamb\u00e9m?&#8221;, ele questiona, em refer\u00eancia \u00e0s a\u00e7\u00f5es militares de Donald Trump na regi\u00e3o.<\/p>\n<p class=\"postParagraph_post-paragraph__juWZN\">Al\u00e9m do aceno \u00e0 ditadura venezuelana, o petista vai se encontrar com Gustavo Petro, o presidente colombiano, que foi acusado por Trump de ser l\u00edder do narcotr\u00e1fico e de transformar a Col\u00f4mbia em uma m\u00e1quina de exporta\u00e7\u00e3o de drogas. Petro e familiares foram sancionados pelo governo americano.<\/p>\n<p class=\"postParagraph_post-paragraph-innerHtml__Q5vwc\">&#8220;Gustavo Petro tamb\u00e9m j\u00e1 foi acusado pelos EUA de favorecer o tr\u00e1fico de coca\u00edna, que teria prosperado na sua gest\u00e3o. Ou seja, tamb\u00e9m est\u00e1 envolvido nas acusa\u00e7\u00f5es americanas de narcoterrorismo&#8221;, lembra o jornalista da <strong>Gazeta do Povo<\/strong> Omar Godoy.<\/p>\n<p class=\"postParagraph_post-paragraph-innerHtml__Q5vwc\">Ainda, a despeito do discurso oficial de defesa dos pobres, tradicional na ret\u00f3rica petista, a comitiva lulista, incluindo a primeira-dama Janja, foi hospedada em um iate de luxo chamado <em>Lana 3<\/em>, que possui mais de 10 camarotes, sala de jantar, sol\u00e1rio e deck. Ainda, o evento do COP-30 teve gastos question\u00e1veis pelo excesso de valores.<\/p>\n<p class=\"postParagraph_post-paragraph__juWZN\">&#8220;\u00c9 uma incoer\u00eancia acachapante de quem faz um discurso pela igualdade. Vamos lembrar que ele tinha a op\u00e7\u00e3o de um navio da Marinha, com custo reduzido, mas Lula n\u00e3o aceitou porque n\u00e3o tinha o conforto necess\u00e1rio&#8221;, afirma Escorsim.<\/p>\n<h2 class=\"postParagraph_post-paragraph__juWZN postParagraph_type-tag-h2__TtFkT\">Gilmar Mendes critica &#8220;politiza\u00e7\u00e3o&#8221; da seguran\u00e7a p\u00fablica<\/h2>\n<p class=\"postParagraph_post-paragraph-innerHtml__Q5vwc\">O ministro do Supremo Tribunal Federal (STF), Gilmar Mendes, n\u00e3o v\u00ea necessidade de equiparar as fac\u00e7\u00f5es a organiza\u00e7\u00f5es terroristas. A declara\u00e7\u00e3o ocorreu na quarta-feira (5), em entrevista coletiva durante o 1\u00ba F\u00f3rum de Buenos Aires. O evento faz parte de uma s\u00e9rie de semin\u00e1rios do Instituto de Direito P\u00fablico (IDP), do qual Gilmar \u00e9 s\u00f3cio. O ministro tamb\u00e9m avaliou que\u00a0&#8220;existe um excesso de politiza\u00e7\u00e3o em torno do combate ao crime&#8221;.<\/p>\n<p class=\"postParagraph_post-paragraph__juWZN\">&#8220;\u00c9 no m\u00ednimo curioso que um ministro do Supremo saia dando opini\u00f5es contr\u00e1rias \u00e0 mudan\u00e7a na legisla\u00e7\u00e3o e ao mesmo tempo reclame do excesso de politiza\u00e7\u00e3o de um tema&#8221;, ironizou o jurista Andr\u00e9 Marsiglia.<\/p>\n<h2 class=\"postParagraph_post-paragraph__juWZN postParagraph_type-tag-h2__TtFkT\">Moraes e o novo inqu\u00e9rito<\/h2>\n<p class=\"postParagraph_post-paragraph__juWZN\">O ministro Alexandre de Moraes determinou uma investiga\u00e7\u00e3o, no \u00e2mbito da ADPF das Favelas, para que a Pol\u00edcia Federal investigue esquemas de lavagem de dinheiro de fac\u00e7\u00f5es e mil\u00edcias, e a infiltra\u00e7\u00e3o de organiza\u00e7\u00f5es criminosas no poder p\u00fablico.<\/p>\n<p class=\"postParagraph_post-paragraph__juWZN\">&#8220;Ele \u00e9 viciado em protagonismo. Se n\u00e3o tem um holofote, ele vai para debaixo de um e \u00e9 capaz de dar 48 horas para explicar por que n\u00e3o est\u00e1 no holofote. Hoje se tornou uma esp\u00e9cie de &#8216;faz tudo&#8217; dentro da Corte&#8221;, criticou Marsiglia.<\/p>\n<p class=\"postParagraph_post-paragraph-innerHtml__Q5vwc\">O programa \u00daltima An\u00e1lise faz parte do conte\u00fado jornal\u00edstico ao vivo da Gazeta do Povo, no YouTube. O hor\u00e1rio de exibi\u00e7\u00e3o \u00e9 das 19h \u00e0s 20h30, de segunda a sexta-feira. A proposta \u00e9 discutir de forma racional, aprofundada e respeitosa alguns dos temas desafiadores para os rumos do pa\u00eds.<\/p>\n<div class=\"postVideo_post-video-container__gWYCb\">\n<p><iframe title=\"\u00daLTIMA AN\u00c1LISE | Opini\u00e3o e defesa de valores na GAZETA DO POVO - 06\/11\/2025\" width=\"800\" height=\"450\" src=\"https:\/\/www.youtube.com\/embed\/u9UeY5z2U6A?feature=oembed\" frameborder=\"0\" allow=\"accelerometer; autoplay; clipboard-write; encrypted-media; gyroscope; picture-in-picture; web-share\" referrerpolicy=\"strict-origin-when-cross-origin\" allowfullscreen><\/iframe><\/p>\n<\/div>\n<\/div>\n<p><br \/>\n<br \/>Fonte: <a href=\"https:\/\/www.gazetadopovo.com.br\/republica\/solidariedade-seletiva-lula-pretere-cop-30-e-se-alinha-a-maduro-e-petro\/\">Revista Oeste<\/a><\/p>\n","protected":false},"excerpt":{"rendered":"<p>No programa \u00daltima An\u00e1lise desta quinta-feira (06), os convidados analisaram a duvidosa atitude do presidente Lula que, em solidariedade ao ditador venezuelano Nicol\u00e1s Maduro, preteriu a Confer\u00eancia das Na\u00e7\u00f5es Unidas sobre Mudan\u00e7as Clim\u00e1ticas (COP 30) e deve ir \u00e0 Col\u00f4mbia, para a c\u00fapula de l\u00edderes da Comunidade de Estados Latino-americanos e Caribenhos (Celac). A justificativa [&hellip;]<\/p>\n","protected":false},"author":5,"featured_media":32395,"comment_status":"open","ping_status":"open","sticky":false,"template":"","format":"standard","meta":{"_seopress_robots_primary_cat":"","_seopress_titles_title":"","_seopress_titles_desc":"","_seopress_robots_index":"","footnotes":""},"categories":[1],"tags":[],"class_list":["post-54898","post","type-post","status-publish","format-standard","has-post-thumbnail","hentry","category-ultimas-noticias"],"_links":{"self":[{"href":"https:\/\/mussicom.com\/noticias\/wp-json\/wp\/v2\/posts\/54898","targetHints":{"allow":["GET"]}}],"collection":[{"href":"https:\/\/mussicom.com\/noticias\/wp-json\/wp\/v2\/posts"}],"about":[{"href":"https:\/\/mussicom.com\/noticias\/wp-json\/wp\/v2\/types\/post"}],"author":[{"embeddable":true,"href":"https:\/\/mussicom.com\/noticias\/wp-json\/wp\/v2\/users\/5"}],"replies":[{"embeddable":true,"href":"https:\/\/mussicom.com\/noticias\/wp-json\/wp\/v2\/comments?post=54898"}],"version-history":[{"count":0,"href":"https:\/\/mussicom.com\/noticias\/wp-json\/wp\/v2\/posts\/54898\/revisions"}],"wp:featuredmedia":[{"embeddable":true,"href":"https:\/\/mussicom.com\/noticias\/wp-json\/wp\/v2\/media\/32395"}],"wp:attachment":[{"href":"https:\/\/mussicom.com\/noticias\/wp-json\/wp\/v2\/media?parent=54898"}],"wp:term":[{"taxonomy":"category","embeddable":true,"href":"https:\/\/mussicom.com\/noticias\/wp-json\/wp\/v2\/categories?post=54898"},{"taxonomy":"post_tag","embeddable":true,"href":"https:\/\/mussicom.com\/noticias\/wp-json\/wp\/v2\/tags?post=54898"}],"curies":[{"name":"wp","href":"https:\/\/api.w.org\/{rel}","templated":true}]}}