{"id":54840,"date":"2025-11-07T14:47:14","date_gmt":"2025-11-07T17:47:14","guid":{"rendered":"https:\/\/mussicom.com\/governo-federal-reajusta-auxilio-alimentacao-de-servidores-em-175\/"},"modified":"2025-11-07T14:47:14","modified_gmt":"2025-11-07T17:47:14","slug":"governo-federal-reajusta-auxilio-alimentacao-de-servidores-em-175","status":"publish","type":"post","link":"https:\/\/mussicom.com\/noticias\/governo-federal-reajusta-auxilio-alimentacao-de-servidores-em-175\/","title":{"rendered":"Governo federal reajusta aux\u00edlio-alimenta\u00e7\u00e3o de servidores em 17,5%"},"content":{"rendered":"<p> <br \/>\n<\/p>\n<div>\n<p><strong>Os servidores do Poder Executivo federal ter\u00e3o o aux\u00edlio-alimenta\u00e7\u00e3o reajustado em 17,5%.<\/strong> De acordo com o Minist\u00e9rio da Gest\u00e3o e da Inova\u00e7\u00e3o em Servi\u00e7os P\u00fablicos (MGI), o reajuste refor\u00e7a a pol\u00edtica de recomposi\u00e7\u00e3o dos benef\u00edcios iniciada em 2023, ap\u00f3s seis anos sem atualiza\u00e7\u00e3o.<img decoding=\"async\" src=\"https:\/\/agenciabrasil.ebc.com.br\/ebc.gif?id=1666623&amp;o=node\" style=\"width:1px; height:1px; display:inline;\"\/><\/p>\n<p>De l\u00e1 para c\u00e1, o aux\u00edlio-alimenta\u00e7\u00e3o passou de R$ 458 para R$ 1 mil; e agora chega a R$ 1.175, um aumento acumulado de 156,55%. <strong>O novo valor come\u00e7ar\u00e1 a ser pago ainda em 2025.<\/strong><\/p>\n<p>O acordo foi assinado na \u00faltima quarta-feira (5) entre o MGI e entidades representativas do funcionalismo p\u00fablico. O impacto financeiro j\u00e1 est\u00e1 previsto no Projeto de Lei Or\u00e7ament\u00e1ria Anual (PLOA) de 2026, em tramita\u00e7\u00e3o no Congresso Nacional.<\/p>\n<p>O governo destacou ainda que, a <strong>depender do volume de recursos aprovados no PLOA, tamb\u00e9m ser\u00e3o reajustados o aux\u00edlio pr\u00e9-escolar e o aux\u00edlio-sa\u00fade, com atualiza\u00e7\u00e3o baseada na varia\u00e7\u00e3o do \u00cdndice Nacional de Pre\u00e7os ao Consumidor Amplo (IPCA) &#8211; infla\u00e7\u00e3o oficial &#8211; desde o \u00faltimo reajuste.<\/strong><\/p>\n<p>Em 2023, o governo reabriu a Mesa Nacional de Negocia\u00e7\u00e3o Permanente, fechada em 2016, e, na ocasi\u00e3o, os sal\u00e1rios dos servidores p\u00fablicos foram reajustados em 9%, de forma linear, al\u00e9m das corre\u00e7\u00f5es do aux\u00edlio-sa\u00fade e da assist\u00eancia pr\u00e9-escolar.<\/p>\n<p>Segundo o MGI, outros mais de 50 acordos tamb\u00e9m firmados em mesas setoriais, garantiram reajustes salariais acima da infla\u00e7\u00e3o para todas as carreiras civis do Executivo federal no per\u00edodo 2023-2026.<\/p>\n<p>\u00a0<\/p>\n<p>      <!-- Relacionada --><br \/>\n            <!-- Relacionada -->\n    <\/div>\n<p><br \/>\n<br \/>Fonte: <a href=\"https:\/\/agenciabrasil.ebc.com.br\/economia\/noticia\/2025-11\/governo-federal-reajusta-auxilio-alimentacao-de-servidores-em-175\">Gazeta do Povo<\/a><\/p>\n","protected":false},"excerpt":{"rendered":"<p>Os servidores do Poder Executivo federal ter\u00e3o o aux\u00edlio-alimenta\u00e7\u00e3o reajustado em 17,5%. De acordo com o Minist\u00e9rio da Gest\u00e3o e da Inova\u00e7\u00e3o em Servi\u00e7os P\u00fablicos (MGI), o reajuste refor\u00e7a a pol\u00edtica de recomposi\u00e7\u00e3o dos benef\u00edcios iniciada em 2023, ap\u00f3s seis anos sem atualiza\u00e7\u00e3o. De l\u00e1 para c\u00e1, o aux\u00edlio-alimenta\u00e7\u00e3o passou de R$ 458 para R$ [&hellip;]<\/p>\n","protected":false},"author":5,"featured_media":54841,"comment_status":"open","ping_status":"open","sticky":false,"template":"","format":"standard","meta":{"_seopress_robots_primary_cat":"","_seopress_titles_title":"","_seopress_titles_desc":"","_seopress_robots_index":"","footnotes":""},"categories":[45],"tags":[],"class_list":["post-54840","post","type-post","status-publish","format-standard","has-post-thumbnail","hentry","category-economia"],"_links":{"self":[{"href":"https:\/\/mussicom.com\/noticias\/wp-json\/wp\/v2\/posts\/54840","targetHints":{"allow":["GET"]}}],"collection":[{"href":"https:\/\/mussicom.com\/noticias\/wp-json\/wp\/v2\/posts"}],"about":[{"href":"https:\/\/mussicom.com\/noticias\/wp-json\/wp\/v2\/types\/post"}],"author":[{"embeddable":true,"href":"https:\/\/mussicom.com\/noticias\/wp-json\/wp\/v2\/users\/5"}],"replies":[{"embeddable":true,"href":"https:\/\/mussicom.com\/noticias\/wp-json\/wp\/v2\/comments?post=54840"}],"version-history":[{"count":0,"href":"https:\/\/mussicom.com\/noticias\/wp-json\/wp\/v2\/posts\/54840\/revisions"}],"wp:featuredmedia":[{"embeddable":true,"href":"https:\/\/mussicom.com\/noticias\/wp-json\/wp\/v2\/media\/54841"}],"wp:attachment":[{"href":"https:\/\/mussicom.com\/noticias\/wp-json\/wp\/v2\/media?parent=54840"}],"wp:term":[{"taxonomy":"category","embeddable":true,"href":"https:\/\/mussicom.com\/noticias\/wp-json\/wp\/v2\/categories?post=54840"},{"taxonomy":"post_tag","embeddable":true,"href":"https:\/\/mussicom.com\/noticias\/wp-json\/wp\/v2\/tags?post=54840"}],"curies":[{"name":"wp","href":"https:\/\/api.w.org\/{rel}","templated":true}]}}