{"id":5476,"date":"2025-03-14T06:54:25","date_gmt":"2025-03-14T09:54:25","guid":{"rendered":"https:\/\/www.mussicom.com\/seis-anos-do-malfadado-inquerito-das-fake-news\/"},"modified":"2025-03-14T06:54:25","modified_gmt":"2025-03-14T09:54:25","slug":"seis-anos-do-malfadado-inquerito-das-fake-news","status":"publish","type":"post","link":"https:\/\/mussicom.com\/noticias\/seis-anos-do-malfadado-inquerito-das-fake-news\/","title":{"rendered":"Seis anos do malfadado Inqu\u00e9rito das Fake News"},"content":{"rendered":"<p> <br \/>\n<\/p>\n<div id=\"hd80s9wa1h892edh8192\">\n<p class=\"has-text-align-right\"><strong><em>Por Andre Marsiglia<\/em><\/strong><\/p>\n<p>No dia 14 de mar\u00e7o de 2019, o <strong>Supremo Tribunal Federal (STF)<\/strong> inaugurava um dos cap\u00edtulos mais conturbados de nossa recente hist\u00f3ria jur\u00eddica, o <strong>Inqu\u00e9rito 4.781<\/strong>, conhecido como \u201cdas Fake News\u201d.<\/p>\n<p>Teve por alvo inicial o artigo de um procurador da Rep\u00fablica, que dizia que o STF agia com mal\u00edcia ao enviar casos da Lava Jato para a Justi\u00e7a Eleitoral, que, \u00e0 \u00e9poca, era mais branda. Um m\u00eas depois, no dia 15 de abril, uma revista chamada <em>Cruso\u00e9<\/em> publicou reportagem de capa, cujo t\u00edtulo \u201cO amigo do amigo de meu pai\u201d fazia refer\u00eancia ao ministro Dias Toffoli, que teria assim sido nomeado em uma das dela\u00e7\u00f5es de membros da Odebrecht, quando ainda n\u00e3o era ministro.\u00a0<\/p>\n<p>A capa foi censurada, seu fundador, <strong>o jornalista Mario Sabino<\/strong>, chamado a prestar depoimentos na Pol\u00edcia Federal, e eu, contratado por Sabino e pela revista, tornei-me o primeiro advogado do Inqu\u00e9rito das Fake News. Tudo o que se reclama do STF hoje, j\u00e1 em 2019 existia.<\/p>\n<p><strong>+ Leia mais not\u00edcias de Pol\u00edtica em Oeste<\/strong><\/p>\n<p>Conto isso em detalhes em meu livro <em><strong>Censura por toda parte: os bastidores jur\u00eddicos do Inqu\u00e9rito das Fake News<\/strong><\/em>. N\u00e3o tive acesso \u2014 at\u00e9 hoje \u2014 \u00e0 \u00edntegra dos autos. O STF, mesmo sem compet\u00eancia para o caso, arvorou-se a julg\u00e1-lo. Na Pol\u00edcia Federal, o delegado designado, sem conhecer os autos, fazia as perguntas orientado pelo WhatsApp, em contato com se sabe l\u00e1 quem, embora, por \u00f3bvio, desconfiemos.<\/p>\n<p><related-posts class=\"border-y border-gray-300 py-5\"><\/p>\n<h2 class=\"!text-2xl text-black font-primary font-semibold leading-none mb-3\">\n    Leia mais:<br \/>\n  <\/h2>\n<p><\/related-posts><\/p>\n<figure class=\"wp-block-image aligncenter size-full\"><picture><source data-srcset=\"https:\/\/medias.revistaoeste.com\/wp-content\/uploads\/2024\/09\/Dias.jpg.webp 640w, https:\/\/medias.revistaoeste.com\/wp-content\/uploads\/2024\/09\/Dias-300x179.jpg.webp 300w, https:\/\/medias.revistaoeste.com\/wp-content\/uploads\/2024\/09\/Dias-150x90.jpg.webp 150w\" data-sizes=\"(max-width: 640px) 100vw, 640px\" type=\"image\/webp\"><img fetchpriority=\"high\" decoding=\"async\" width=\"640\" height=\"382\" src=\"https:\/\/medias.revistaoeste.com\/wp-content\/uploads\/2024\/09\/Dias.jpg\" alt=\"Dias Toffoli STF Lava Jato\" class=\"wp-image-1641579\" srcset=\"https:\/\/medias.revistaoeste.com\/wp-content\/uploads\/2024\/09\/Dias.jpg 640w, https:\/\/medias.revistaoeste.com\/wp-content\/uploads\/2024\/09\/Dias-300x179.jpg 300w, https:\/\/medias.revistaoeste.com\/wp-content\/uploads\/2024\/09\/Dias-150x90.jpg 150w\" sizes=\"(max-width: 640px) 100vw, 640px\" data-eio=\"p\"\/><\/source><\/picture><figcaption class=\"wp-element-caption\">Reportagem publicada sobre Dias Toffoli, ministro do STF, deu in\u00edcio ao Inqu\u00e9rito das Fake News | Foto: Ascom\/STF<\/figcaption><\/figure>\n<h2 class=\"wp-block-heading\">Censura al\u00e9m do Inqu\u00e9rito das Fake News<\/h2>\n<p>A censura \u00e0 revista <em>Cruso\u00e9<\/em> foi revogada uma semana depois, em meio ao esclarecimento de que o documento a respeito de Toffoli era verdadeiro. Ou seja, o Inqu\u00e9rito das Fake News havia iniciado seu reinado cens\u00f3rio com base em uma <em>fake news<\/em> que n\u00e3o era <em>fake news<\/em>.<\/p>\n<p>No entanto, at\u00e9 o presente momento, e isso foi devidamente explicitado por mim em encontro recente que tive com com Pedro Vaca Villarreal \u2014 relator especial para a liberdade de express\u00e3o da Comiss\u00e3o Interamericana dos Direitos Humanos, \u00f3rg\u00e3o ligado \u00e0 Organiza\u00e7\u00e3o dos Estados Americanos \u2014 em visita ao Brasil, tanto a revista quanto seu fundador ainda est\u00e3o no inqu\u00e9rito. Por qu\u00ea?<\/p>\n<p>Por qual raz\u00e3o as ilegalidades que l\u00e1 existiam permanecem? Qual justa causa respalda um inqu\u00e9rito que dura seis anos? O Direito no Brasil ainda existe depois de todo m\u00eas de mar\u00e7o termos de comemorar um fato t\u00e3o grotesco?<\/p>\n<figure class=\"wp-block-embed is-type-video is-provider-youtube wp-block-embed-youtube wp-embed-aspect-16-9 wp-has-aspect-ratio\">\n<div class=\"wp-block-embed__wrapper\">\n<div class=\"perfmatters-lazy-youtube\" data-src=\"https:\/\/www.youtube.com\/embed\/TzrrOijZ2gY\" data-id=\"TzrrOijZ2gY\" data-query=\"feature=oembed\" onclick=\"perfmattersLazyLoadYouTube(this);\">\n<div><img decoding=\"async\" alt=\"YouTube video\" width=\"480\" height=\"360\" data-pin-nopin=\"true\" nopin=\"nopin\" class=\"perfmatters-lazy\" src=\"https:\/\/i.ytimg.com\/vi\/TzrrOijZ2gY\/hqdefault.jpg\"\/><img decoding=\"async\" src=\"https:\/\/i.ytimg.com\/vi\/TzrrOijZ2gY\/hqdefault.jpg\" alt=\"YouTube video\" width=\"480\" height=\"360\" data-pin-nopin=\"true\" nopin=\"nopin\"\/><\/div>\n<\/div>\n<p><noscript><iframe title=\"Moraes usou TSE para abastecer inqu\u00e9rito das fake news\" width=\"800\" height=\"450\" src=\"https:\/\/www.youtube.com\/embed\/TzrrOijZ2gY?feature=oembed\" frameborder=\"0\" allow=\"accelerometer; autoplay; clipboard-write; encrypted-media; gyroscope; picture-in-picture; web-share\" referrerpolicy=\"strict-origin-when-cross-origin\" allowfullscreen><\/iframe><\/noscript>\n<\/div>\n<\/figure>\n<p><strong>Leia tamb\u00e9m: \u201cA lei morreu\u201d, artigo de J. R. Guzzo publicado na Edi\u00e7\u00e3o 258 da Revista Oeste<\/strong><\/p>\n<hr class=\"wp-block-separator has-alpha-channel-opacity\"\/>\n<p><em><strong>Andre Marsiglia<\/strong> \u00e9 advogado constitucionalista e especialista em liberdade de express\u00e3o. Professor de Direito Constitucional e doutorando pela Pontif\u00edcia Universidade Cat\u00f3lica de S\u00e3o Paulo. Especialista do <strong>Instituto Millenium<\/strong><\/em><\/p>\n<\/p><\/div>\n<p><br \/>\n<br \/>Fonte: <a href=\"https:\/\/revistaoeste.com\/politica\/seis-anos-do-malfadado-inquerito-das-fake-news\/\">Ag\u00eancia Brasil<\/a><\/p>\n","protected":false},"excerpt":{"rendered":"<p>Por Andre Marsiglia No dia 14 de mar\u00e7o de 2019, o Supremo Tribunal Federal (STF) inaugurava um dos cap\u00edtulos mais conturbados de nossa recente hist\u00f3ria jur\u00eddica, o Inqu\u00e9rito 4.781, conhecido como \u201cdas Fake News\u201d. Teve por alvo inicial o artigo de um procurador da Rep\u00fablica, que dizia que o STF agia com mal\u00edcia ao enviar [&hellip;]<\/p>\n","protected":false},"author":5,"featured_media":5477,"comment_status":"open","ping_status":"open","sticky":false,"template":"","format":"standard","meta":{"_seopress_robots_primary_cat":"","_seopress_titles_title":"","_seopress_titles_desc":"","_seopress_robots_index":"","footnotes":""},"categories":[47,1],"tags":[],"class_list":["post-5476","post","type-post","status-publish","format-standard","has-post-thumbnail","hentry","category-politica","category-ultimas-noticias"],"_links":{"self":[{"href":"https:\/\/mussicom.com\/noticias\/wp-json\/wp\/v2\/posts\/5476","targetHints":{"allow":["GET"]}}],"collection":[{"href":"https:\/\/mussicom.com\/noticias\/wp-json\/wp\/v2\/posts"}],"about":[{"href":"https:\/\/mussicom.com\/noticias\/wp-json\/wp\/v2\/types\/post"}],"author":[{"embeddable":true,"href":"https:\/\/mussicom.com\/noticias\/wp-json\/wp\/v2\/users\/5"}],"replies":[{"embeddable":true,"href":"https:\/\/mussicom.com\/noticias\/wp-json\/wp\/v2\/comments?post=5476"}],"version-history":[{"count":0,"href":"https:\/\/mussicom.com\/noticias\/wp-json\/wp\/v2\/posts\/5476\/revisions"}],"wp:featuredmedia":[{"embeddable":true,"href":"https:\/\/mussicom.com\/noticias\/wp-json\/wp\/v2\/media\/5477"}],"wp:attachment":[{"href":"https:\/\/mussicom.com\/noticias\/wp-json\/wp\/v2\/media?parent=5476"}],"wp:term":[{"taxonomy":"category","embeddable":true,"href":"https:\/\/mussicom.com\/noticias\/wp-json\/wp\/v2\/categories?post=5476"},{"taxonomy":"post_tag","embeddable":true,"href":"https:\/\/mussicom.com\/noticias\/wp-json\/wp\/v2\/tags?post=5476"}],"curies":[{"name":"wp","href":"https:\/\/api.w.org\/{rel}","templated":true}]}}