{"id":5470,"date":"2025-03-14T06:18:03","date_gmt":"2025-03-14T09:18:03","guid":{"rendered":"https:\/\/www.mussicom.com\/com-mc-luanna-tsunami-e-mais-festival-verao-urbano-comeca-nesta-sexta-14-veja-line-up\/"},"modified":"2025-03-14T06:18:03","modified_gmt":"2025-03-14T09:18:03","slug":"com-mc-luanna-tsunami-e-mais-festival-verao-urbano-comeca-nesta-sexta-14-veja-line-up","status":"publish","type":"post","link":"https:\/\/mussicom.com\/noticias\/com-mc-luanna-tsunami-e-mais-festival-verao-urbano-comeca-nesta-sexta-14-veja-line-up\/","title":{"rendered":"Com MC Luanna, Tsunami e mais, Festival Ver\u00e3o Urbano come\u00e7a nesta sexta (14); Veja line-up"},"content":{"rendered":"<p> <br \/>\n<\/p>\n<div>\n<p>O <strong>Festival Ver\u00e3o Urbano<\/strong> est\u00e1 preparado para sua segunda edi\u00e7\u00e3o. Nos dias 14, 15 e 16 de mar\u00e7o (sexta-feira, s\u00e1bado e domingo), o evento encerra a esta\u00e7\u00e3o com uma programa\u00e7\u00e3o diversificada no <strong>Central 1926<\/strong>, no Centro de S\u00e3o Paulo.<\/p>\n<p>Criado e realizado por <strong>Central Music<\/strong>, a proposta do festival \u00e9 promover novas formas de ocupar e vivenciar o espa\u00e7o urbano por meio da m\u00fasica e da cultura (para mais informa\u00e7\u00f5es sobre ingressos, clique aqui).<\/p>\n<p>O primeiro dia do <strong>Ver\u00e3o Urbano<\/strong> \u00e9 dedicado \u00e0s sonoridades da periferia brasileira, explorando g\u00eaneros como dancehall, funk e rap. O destaque da noite ser\u00e1 a <strong>MC Luanna<\/strong>, que traz seu estilo \u00fanico ao rap nacional. Al\u00e9m disso, a programa\u00e7\u00e3o contar\u00e1 com DJ sets de nomes do underground, como <strong>Afreekassia<\/strong>, <strong>DJ Dayeh<\/strong>, <strong>Bonekinha Iraquiana<\/strong>, <strong>IamLopess<\/strong>, <strong>DJ Sophia<\/strong> e <strong>Rafa Duartt<\/strong>. O line-up reflete a ascens\u00e3o desses ritmos e a for\u00e7a da cultura da favela, indo do baile funk ao dub.<\/p>\n<p>No segundo dia, a vez \u00e9 da mistura do grime com o funk, com <strong>Tsunami<\/strong> chegando diretamente do Reino Unido para conectar as batidas brit\u00e2nicas com o underground brasileiro. J\u00e1 o <strong>DJ Leo<\/strong><strong>da 17<\/strong> representa a pot\u00eancia do funk de S\u00e3o Paulo, conhecido por seus sets envolventes que transitam entre o mandel\u00e3o e influ\u00eancias eletr\u00f4nicas. Al\u00e9m deles, a noite contar\u00e1 com <strong>Luks<\/strong>, <strong>Maestro<\/strong>, <strong>Kidzz,<\/strong><strong>The Mente<\/strong>, <strong>Sapienza<\/strong>, <strong>Bella Branco<\/strong> e <strong>Braga<\/strong>, garantindo uma fus\u00e3o sonora entre o rap, o funk e a cena eletr\u00f4nica contempor\u00e2nea.\u00a0<\/p>\n<p>Por fim, o terceiro dia marca a nova cena eletr\u00f4nica underground urbana com <strong>Clementaum<\/strong> e <strong>Carlos do Complexo<\/strong>, bem como a apresenta\u00e7\u00e3o do artista <strong>Tonyyymon<\/strong>, que vem se destacando na fus\u00e3o da m\u00fasica eletr\u00f4nica com trap, grime, funk e disco. A noite tamb\u00e9m conta com a apresenta\u00e7\u00e3o da artista <strong>Janvi<\/strong>, trazendo seu R&amp;B e Hip Hop. E para completar o evento a <strong>DJ L\u00edvia<\/strong> (<strong>Tasha e Tracie<\/strong>) e a <strong>DJ Sub\u00farbia<\/strong> soltam seu set durante o evento.<\/p>\n<p>Com tr\u00eas dias de apresenta\u00e7\u00f5es, o <strong>Festival Ver\u00e3o Urbano <\/strong>busca proporcionar uma experi\u00eancia acess\u00edvel, ampla e plural para o p\u00fablico, com uma curadoria encabe\u00e7ada por <strong>Rafa Duarte<\/strong>, <strong>Mafalda Ramos<\/strong>, <strong>Caio PK<\/strong>, <strong>Lys Vieira<\/strong> e <strong>F\u00e1bio Gabriel<\/strong>, e um time de comunica\u00e7\u00e3o dirigido por <strong>Tau\u00e3 Teixeira<\/strong> e a ag\u00eancia <em>RSW<\/em>. A proposta esse ano chega cheia de inclus\u00e3o, provando que a cultura, a arte e a m\u00fasica s\u00e3o para todos.<\/p>\n<p><strong>Festival Ver\u00e3o Urbano<br \/><\/strong>Datas: 14, 15 e 16 de mar\u00e7o\u00a0<br \/>Local: Central 1926<br \/>Endere\u00e7o: Pra\u00e7a da Bandeira, 137 &#8211; Bela Vista, S\u00e3o Paulo &#8211; SP<br \/>Ingressos: www.zig.tickets\/eventos\/festival-verao-urbano-2<\/p>\n<p><strong>DIA 14.03 (SEXTA-FEIRA)<br \/><\/strong>Palco principal<br \/>22:00 &#8211; 23:00 \u2013 Kaim<br \/>23:00 &#8211; 00:00 \u2013 Iam Lope$$<br \/>00:00 &#8211; 01:00 \u2013 Afreekassia<br \/>01:00 &#8211; 02:00 \u2013 Sophia<br \/>02:00 &#8211; 02:30 \u2013 Mc Luanna<br \/>02:30 &#8211; 03:00 \u2013 Scof<br \/>03:00 &#8211; 03:30\u2013 Rafa Duartt<br \/>03:30 &#8211; 04:30 \u2013 Dayeh<br \/>04:30 &#8211; 05:30 \u2013 Bonekinha Iraquiana<\/p>\n<p>Palco Ralach\u00e3o<br \/>00:00 &#8211; 01:00 \u2013 Xuliana<br \/>01:00 &#8211; 02:00 \u2013 Andy Paulino<br \/>02:00 &#8211; 03:00 \u2013 Lorrany<br \/>03:00 &#8211; 04:00 \u2013 PinkJay<\/p>\n<p>DIA 15.03 (S\u00c1BADO)<br \/>Palco Dale Baile\u00a0<br \/>22 &#8211; 23:30 \u2013 The Mente<br \/>23:30 &#8211; 01:00 \u2013 Maestro<br \/>01:00 &#8211; 03:00 \u2013 Bella Branco<br \/>03:00 &#8211; 04:20 \u2013 Tsunamy<br \/>04:20 &#8211; 05:00 \u2013 L\u00e9o da 17<br \/>05:00 &#8211; 06:00 \u2013 Lukz<\/p>\n<p>Palco Club<br \/>00:00 &#8211; 02:00 \u2013 Kiddz<br \/>02:00 &#8211; 04:00 \u2013 Braga<\/p>\n<p>DIA 16.03 (DOMINGO)<br \/>Palco Central Music<br \/>16:00 \u2013 18:00 \u2013 Dj Sub\u00farbia<br \/>18:00 \u2013 18:30 \u2013 Janvi<br \/>18:30 \u2013 20:00 \u2013 Dj L\u00edvea<br \/>\u00a020:00 \u2013 20:30 \u2013 Tonyyymon part. Solto<br \/>20:30 \u2013 22:00 \u2013 Clementaum<br \/>22:00 \u2013 23:30 \u2013 Carlos do Complexo<\/p>\n<p>+++LEIA MAIS: Por que Jimi Hendrix teria adorado hip-hop, segundo seu engenheiro de som<\/p>\n<p>+++LEIA MAIS: Poetisas no Topo: 4\u00aa edi\u00e7\u00e3o do projeto re\u00fane Luedji Luna, Duquesa e mais<\/p>\n<\/div>\n<p><br \/>\n<br \/>Fonte: <a href=\"https:\/\/rollingstone.com.br\/musica\/com-mc-luanna-tsunami-e-mais-festival-verao-urbano-comeca-nesta-sexta-14-veja-line-up\/\">rollingstone.com.br<\/a><\/p>\n","protected":false},"excerpt":{"rendered":"<p>O Festival Ver\u00e3o Urbano est\u00e1 preparado para sua segunda edi\u00e7\u00e3o. Nos dias 14, 15 e 16 de mar\u00e7o (sexta-feira, s\u00e1bado e domingo), o evento encerra a esta\u00e7\u00e3o com uma programa\u00e7\u00e3o diversificada no Central 1926, no Centro de S\u00e3o Paulo. Criado e realizado por Central Music, a proposta do festival \u00e9 promover novas formas de ocupar [&hellip;]<\/p>\n","protected":false},"author":5,"featured_media":5471,"comment_status":"open","ping_status":"open","sticky":false,"template":"","format":"standard","meta":{"_seopress_robots_primary_cat":"","_seopress_titles_title":"","_seopress_titles_desc":"","_seopress_robots_index":"","footnotes":""},"categories":[51],"tags":[],"class_list":["post-5470","post","type-post","status-publish","format-standard","has-post-thumbnail","hentry","category-musica"],"_links":{"self":[{"href":"https:\/\/mussicom.com\/noticias\/wp-json\/wp\/v2\/posts\/5470","targetHints":{"allow":["GET"]}}],"collection":[{"href":"https:\/\/mussicom.com\/noticias\/wp-json\/wp\/v2\/posts"}],"about":[{"href":"https:\/\/mussicom.com\/noticias\/wp-json\/wp\/v2\/types\/post"}],"author":[{"embeddable":true,"href":"https:\/\/mussicom.com\/noticias\/wp-json\/wp\/v2\/users\/5"}],"replies":[{"embeddable":true,"href":"https:\/\/mussicom.com\/noticias\/wp-json\/wp\/v2\/comments?post=5470"}],"version-history":[{"count":0,"href":"https:\/\/mussicom.com\/noticias\/wp-json\/wp\/v2\/posts\/5470\/revisions"}],"wp:featuredmedia":[{"embeddable":true,"href":"https:\/\/mussicom.com\/noticias\/wp-json\/wp\/v2\/media\/5471"}],"wp:attachment":[{"href":"https:\/\/mussicom.com\/noticias\/wp-json\/wp\/v2\/media?parent=5470"}],"wp:term":[{"taxonomy":"category","embeddable":true,"href":"https:\/\/mussicom.com\/noticias\/wp-json\/wp\/v2\/categories?post=5470"},{"taxonomy":"post_tag","embeddable":true,"href":"https:\/\/mussicom.com\/noticias\/wp-json\/wp\/v2\/tags?post=5470"}],"curies":[{"name":"wp","href":"https:\/\/api.w.org\/{rel}","templated":true}]}}