{"id":54698,"date":"2025-11-06T06:12:16","date_gmt":"2025-11-06T09:12:16","guid":{"rendered":"https:\/\/mussicom.com\/tenis-em-cadeira-de-rodas-do-brasil-soma-3-ouros-no-parapan-de-jovens\/"},"modified":"2025-11-06T06:12:16","modified_gmt":"2025-11-06T09:12:16","slug":"tenis-em-cadeira-de-rodas-do-brasil-soma-3-ouros-no-parapan-de-jovens","status":"publish","type":"post","link":"https:\/\/mussicom.com\/noticias\/tenis-em-cadeira-de-rodas-do-brasil-soma-3-ouros-no-parapan-de-jovens\/","title":{"rendered":"T\u00eanis em cadeira de rodas do Brasil soma 3 ouros no Parapan de Jovens"},"content":{"rendered":"<p> <br \/>\n<\/p>\n<div>\n<p>O t\u00eanis em cadeira de rodas foi um dos destaques brasileiros desta quarta-feira (5) nos Jogos Parapan-Americanos de Jovens, que est\u00e3o sando disputados em Santiago (Chile), com a conquista de tr\u00eas ouros e uma prata. O atletismo do Brasil tamb\u00e9m brilhou, com mais 11 p\u00f3dios (oito dourados, dois de prata e um de bronze).<img decoding=\"async\" src=\"https:\/\/agenciabrasil.ebc.com.br\/ebc.gif?id=1666322&amp;o=node\" style=\"width:1px; height:1px; display:inline;\"\/><\/p>\n<p>No t\u00eanis em cadeira de rodas, um dos ouros veio com a mineira Vit\u00f3ria Miranda, que conquistou o bicampeonato na disputa feminina ap\u00f3s superar na decis\u00e3o a colombiana Paula Meza por 2 sets a 1 (parciais de 3\/6, 6\/3, 6\/0). \u201cComecei o jogo tensa, ansiosa demais para acabar o ponto. No segundo set eu abri 5\/1, dei uma enrolada e consegui fechar 6\/3. A\u00ed no terceiro set eu entrei mais relaxada, consegui fazer meu jogo e fechei 6\/0\u201d, afirmou a brasileira.<\/p>\n<p>J\u00e1 na disputa masculina o Brasil garantiu uma dobradinha, com Luiz Calixto derrotando Lucas Dutra na decis\u00e3o pelo placar de 2 sets a 0 (6\/0, 6\/1) para ficar com o ouro.<\/p>\n<p>A terceira medalha\u00a0dourada brasileira no t\u00eanis em cadeira de rodas foi conquistada nas duplas mistas, com Luiz Calixto e Vit\u00f3ria Miranda superando os colombianos Paula Meza e Mart\u00ednez Sanchez por 2 sets a 0 (6\/1, 6\/1) na final.<\/p>\n<p>Com todas as medalhas somadas nesta quarta o Brasil permanece na lideran\u00e7a do quadro geral de medalhas, com o total de 51 p\u00f3dios (29 ouros, 15 pratas e sete bronzes).<\/p>\n<p>      <!-- Relacionada --><\/p>\n<p>            <!-- Relacionada -->\n    <\/div>\n<p><br \/>\n<br \/>Fonte: <a href=\"https:\/\/agenciabrasil.ebc.com.br\/esportes\/noticia\/2025-11\/tenis-em-cadeira-de-rodas-do-brasil-soma-3-ouros-no-parapan-de-jovens\">Ag\u00eancia Brasil<\/a><\/p>\n","protected":false},"excerpt":{"rendered":"<p>O t\u00eanis em cadeira de rodas foi um dos destaques brasileiros desta quarta-feira (5) nos Jogos Parapan-Americanos de Jovens, que est\u00e3o sando disputados em Santiago (Chile), com a conquista de tr\u00eas ouros e uma prata. O atletismo do Brasil tamb\u00e9m brilhou, com mais 11 p\u00f3dios (oito dourados, dois de prata e um de bronze). No [&hellip;]<\/p>\n","protected":false},"author":5,"featured_media":54699,"comment_status":"open","ping_status":"open","sticky":false,"template":"","format":"standard","meta":{"_seopress_robots_primary_cat":"","_seopress_titles_title":"","_seopress_titles_desc":"","_seopress_robots_index":"","footnotes":""},"categories":[40],"tags":[],"class_list":["post-54698","post","type-post","status-publish","format-standard","has-post-thumbnail","hentry","category-esportes"],"_links":{"self":[{"href":"https:\/\/mussicom.com\/noticias\/wp-json\/wp\/v2\/posts\/54698","targetHints":{"allow":["GET"]}}],"collection":[{"href":"https:\/\/mussicom.com\/noticias\/wp-json\/wp\/v2\/posts"}],"about":[{"href":"https:\/\/mussicom.com\/noticias\/wp-json\/wp\/v2\/types\/post"}],"author":[{"embeddable":true,"href":"https:\/\/mussicom.com\/noticias\/wp-json\/wp\/v2\/users\/5"}],"replies":[{"embeddable":true,"href":"https:\/\/mussicom.com\/noticias\/wp-json\/wp\/v2\/comments?post=54698"}],"version-history":[{"count":0,"href":"https:\/\/mussicom.com\/noticias\/wp-json\/wp\/v2\/posts\/54698\/revisions"}],"wp:featuredmedia":[{"embeddable":true,"href":"https:\/\/mussicom.com\/noticias\/wp-json\/wp\/v2\/media\/54699"}],"wp:attachment":[{"href":"https:\/\/mussicom.com\/noticias\/wp-json\/wp\/v2\/media?parent=54698"}],"wp:term":[{"taxonomy":"category","embeddable":true,"href":"https:\/\/mussicom.com\/noticias\/wp-json\/wp\/v2\/categories?post=54698"},{"taxonomy":"post_tag","embeddable":true,"href":"https:\/\/mussicom.com\/noticias\/wp-json\/wp\/v2\/tags?post=54698"}],"curies":[{"name":"wp","href":"https:\/\/api.w.org\/{rel}","templated":true}]}}