{"id":54675,"date":"2025-11-06T00:48:14","date_gmt":"2025-11-06T03:48:14","guid":{"rendered":"https:\/\/mussicom.com\/pt-aciona-stf-contra-castro-por-contato-com-governo-trump\/"},"modified":"2025-11-06T00:48:14","modified_gmt":"2025-11-06T03:48:14","slug":"pt-aciona-stf-contra-castro-por-contato-com-governo-trump","status":"publish","type":"post","link":"https:\/\/mussicom.com\/noticias\/pt-aciona-stf-contra-castro-por-contato-com-governo-trump\/","title":{"rendered":"PT aciona STF contra Castro por contato com governo Trump"},"content":{"rendered":"<p> <br \/>\n<\/p>\n<div>\n<p class=\"postParagraph_post-paragraph-innerHtml__Q5vwc\">O l\u00edder do PT na C\u00e2mara, Lindbergh Farias (RJ), acionou o Supremo Tribunal Federal (STF) contra o governador do Rio de Janeiro, Cl\u00e1udio Castro (PL), por supostos crimes de espionagem e atentado \u00e0 soberania nacional. O petista acusa o governador de ser um &#8220;informante&#8221; dos Estados Unidos. A representa\u00e7\u00e3o foi protocolada na segunda-feira (3) ap\u00f3s a megaopera\u00e7\u00e3o policial contra o Comando Vermelho (CV) na capital fluminense.<\/p>\n<p class=\"postParagraph_post-paragraph__juWZN\">O parlamentar sustenta que Castro enviou informa\u00e7\u00f5es e um pedido formal ao governo americano para que o CV e outras fac\u00e7\u00f5es fossem classificadas como \u201corganiza\u00e7\u00f5es narcoterroristas\u201d. O governo Lula (PT) rejeita a possibilidade de adotar essa classifica\u00e7\u00e3o.<\/p>\n<p class=\"postParagraph_post-paragraph__juWZN\">\u201cTal classifica\u00e7\u00e3o, se acolhida, poderia permitir a aplica\u00e7\u00e3o de san\u00e7\u00f5es e bloqueios de ativos por parte dos EUA a pessoas, grupos e institui\u00e7\u00f5es brasileiras e autorizar medidas de coopera\u00e7\u00e3o direta de intelig\u00eancia em territ\u00f3rio brasileiro, inclusive de natureza militar, sem participa\u00e7\u00e3o das autoridades federais\u201d, destacou Lindbergh.<\/p>\n<div class=\"postViewMore_post-view-more-container___5wai\" data-mrf-recirculation=\"Post - Veja tamb\u00e9m\">\n<p class=\"gp-styles-module-size-small-afeYRa gp-styles-module-font-family2-afeYRa gp-styles-module-color-secondary-afeYRa gp-styles-module-weight-bold-afeYRa\">VEJA TAMB\u00c9M:<\/p>\n<ul class=\"postViewMore_post-view-more-list__CU_CE\">\n<li class=\"postViewMore_post-view-more-item__2MzRb\"><span class=\"postViewMore_post-view-more-link-icon___stPC\"><svg xmlns=\"http:\/\/www.w3.org\/2000\/svg\" width=\"16\" height=\"16\" viewbox=\"0 0 16 16\"><rect width=\"16\" height=\"16\" fill=\"none\"\/><g transform=\"translate(3 3)\"><path d=\"M22.5,15l3.4,3.4-3.4,3.4\" transform=\"translate(-15.896 -11.793)\" fill=\"none\" stroke=\"#717171\" stroke-linecap=\"round\" stroke-width=\"1.4\"\/><path d=\"M6,6v4.2a2.452,2.452,0,0,0,2.5,2.4H16\" transform=\"translate(-6 -6)\" fill=\"none\" stroke=\"#717171\" stroke-linecap=\"round\" stroke-width=\"1.4\"\/><\/g><\/svg><\/span><span class=\"postViewMore_post-view-more-link-text__hO_kM\">PT alfineta Cl\u00e1udio Castro e diz que governo Lula faz opera\u00e7\u00f5es sem confronto<\/span><\/li>\n<\/ul>\n<\/div>\n<p class=\"postParagraph_post-paragraph-innerHtml__Q5vwc\">Em uma carta, o DEA lamentou as mortes dos quatro policiais na a\u00e7\u00e3o e afirmou que os Estados Unidos \u201cse colocam \u00e0 disposi\u00e7\u00e3o para qualquer apoio que se fa\u00e7a necess\u00e1rio\u201d, sinalizando disposi\u00e7\u00e3o de cooperar com o governo do Rio no combate ao tr\u00e1fico de drogas e ao crime organizado.<\/p>\n<p class=\"postParagraph_post-paragraph__juWZN\">A peti\u00e7\u00e3o cita uma viagem oficial realizada por Castro aos Estados Unidos em maio de 2025. Na ocasi\u00e3o, o governador anunciou a inten\u00e7\u00e3o de firmar um acordo de coopera\u00e7\u00e3o em seguran\u00e7a p\u00fablica com a Administra\u00e7\u00e3o para o Controle de Drogas do governo dos Estados Unidos (DEA, na sigla em ingl\u00eas), visando &#8220;fortalecer o combate ao tr\u00e1fico e \u00e0s fac\u00e7\u00f5es criminosas&#8221;.<\/p>\n<p class=\"postParagraph_post-paragraph__juWZN\">Para o l\u00edder, a conduta viola diretamente a compet\u00eancia privativa da Uni\u00e3o para conduzir rela\u00e7\u00f5es internacionais. Ele afirmou que a entrega de um relat\u00f3rio para autoridades internacionais \u201cextrapola o \u00e2mbito administrativo e inaugura canal de intelig\u00eancia paralelo\u201d.<\/p>\n<p class=\"postParagraph_post-paragraph__juWZN\">\u201cO governador atuou na condi\u00e7\u00e3o de informante de pa\u00eds estrangeiro, com partilha de dados sigilosos e influ\u00eancia externa em decis\u00f5es de seguran\u00e7a p\u00fablica, ferindo o art. 144 da CF e as diretrizes da ADPF 635, que imp\u00f5em coordena\u00e7\u00e3o federal e transpar\u00eancia nas opera\u00e7\u00f5es\u201d, enfatizou.<\/p>\n<p class=\"postParagraph_post-paragraph__juWZN\">Segundo o documento, houve a \u201cnegocia\u00e7\u00e3o com governo estrangeiro para inger\u00eancia em atos de soberania nacional e transfer\u00eancia de informa\u00e7\u00f5es sens\u00edveis a agentes externos, com poss\u00edvel correspond\u00eancia aos tipos de atentado \u00e0 soberania e espionagem\u201d.<\/p>\n<p class=\"postParagraph_post-paragraph__juWZN\">Lindbergh pediu que a not\u00edcia de fato seja distribu\u00edda ao ministro Alexandre de Moraes, relator da \u201cADPF das Favelas\u201d, na qual a megaopera\u00e7\u00e3o \u00e9 analisada no STF, e do inqu\u00e9rito que apura a atua\u00e7\u00e3o do deputado Eduardo Bolsonaro (PL-SP) contra autoridades brasileiras nos Estados Unidos (Inq 4995). Veja abaixo as outras solicita\u00e7\u00f5es:<\/p>\n<ol class=\"postList_post-list-container__W0E4y postList_visual-type-ordered-list__k3xuL\">\n<li class=\"postList_post-list-item__34Ck1\">Recebimento da representa\u00e7\u00e3o como not\u00edcia de fato;<\/li>\n<li class=\"postList_post-list-item__34Ck1\">O envio de c\u00f3pia \u00e0 Procuradoria-Geral da Rep\u00fablica (PGR) para an\u00e1lise e ado\u00e7\u00e3o de medidas, especialmente a instaura\u00e7\u00e3o de inqu\u00e9rito ou a amplia\u00e7\u00e3o do escopo do Inq 4995;<\/li>\n<li class=\"postList_post-list-item__34Ck1\">A requisi\u00e7\u00e3o de todos os documentos e of\u00edcios do governo do Rio de Janeiro relativos \u00e0 viagem aos EUA;<\/li>\n<li class=\"postList_post-list-item__34Ck1\">A oitiva de representantes dos Minist\u00e9rios das Rela\u00e7\u00f5es Exteriores e da Justi\u00e7a;<\/li>\n<li class=\"postList_post-list-item__34Ck1\">comunica\u00e7\u00e3o \u00e0 Controladoria-Geral da Uni\u00e3o e \u00e0 Abin, para preservar dados e mapear poss\u00edvel vazamento de informa\u00e7\u00f5es estrat\u00e9gicas;<\/li>\n<li class=\"postList_post-list-item__34Ck1\">A decreta\u00e7\u00e3o do afastamento do governador e a proibi\u00e7\u00e3o de novos contatos n\u00e3o autorizados com agentes estrangeiros, sob pena de pris\u00e3o preventiva;<\/li>\n<li class=\"postList_post-list-item__34Ck1\">Quebra de sigilo de comunica\u00e7\u00f5es institucionais eventualmente mantidas entre o governo fluminense e \u00f3rg\u00e3os estrangeiros, observadas as formalidades legais.<\/li>\n<\/ol>\n<\/div>\n<p><br \/>\n<br \/>Fonte: <a href=\"https:\/\/www.gazetadopovo.com.br\/republica\/pt-fala-em-espionagem-e-aciona-stf-contra-castro-por-contato-com-governo-trump\/\">Revista Oeste<\/a><\/p>\n","protected":false},"excerpt":{"rendered":"<p>O l\u00edder do PT na C\u00e2mara, Lindbergh Farias (RJ), acionou o Supremo Tribunal Federal (STF) contra o governador do Rio de Janeiro, Cl\u00e1udio Castro (PL), por supostos crimes de espionagem e atentado \u00e0 soberania nacional. O petista acusa o governador de ser um &#8220;informante&#8221; dos Estados Unidos. A representa\u00e7\u00e3o foi protocolada na segunda-feira (3) ap\u00f3s [&hellip;]<\/p>\n","protected":false},"author":5,"featured_media":54676,"comment_status":"open","ping_status":"open","sticky":false,"template":"","format":"standard","meta":{"_seopress_robots_primary_cat":"","_seopress_titles_title":"","_seopress_titles_desc":"","_seopress_robots_index":"","footnotes":""},"categories":[1],"tags":[],"class_list":["post-54675","post","type-post","status-publish","format-standard","has-post-thumbnail","hentry","category-ultimas-noticias"],"_links":{"self":[{"href":"https:\/\/mussicom.com\/noticias\/wp-json\/wp\/v2\/posts\/54675","targetHints":{"allow":["GET"]}}],"collection":[{"href":"https:\/\/mussicom.com\/noticias\/wp-json\/wp\/v2\/posts"}],"about":[{"href":"https:\/\/mussicom.com\/noticias\/wp-json\/wp\/v2\/types\/post"}],"author":[{"embeddable":true,"href":"https:\/\/mussicom.com\/noticias\/wp-json\/wp\/v2\/users\/5"}],"replies":[{"embeddable":true,"href":"https:\/\/mussicom.com\/noticias\/wp-json\/wp\/v2\/comments?post=54675"}],"version-history":[{"count":0,"href":"https:\/\/mussicom.com\/noticias\/wp-json\/wp\/v2\/posts\/54675\/revisions"}],"wp:featuredmedia":[{"embeddable":true,"href":"https:\/\/mussicom.com\/noticias\/wp-json\/wp\/v2\/media\/54676"}],"wp:attachment":[{"href":"https:\/\/mussicom.com\/noticias\/wp-json\/wp\/v2\/media?parent=54675"}],"wp:term":[{"taxonomy":"category","embeddable":true,"href":"https:\/\/mussicom.com\/noticias\/wp-json\/wp\/v2\/categories?post=54675"},{"taxonomy":"post_tag","embeddable":true,"href":"https:\/\/mussicom.com\/noticias\/wp-json\/wp\/v2\/tags?post=54675"}],"curies":[{"name":"wp","href":"https:\/\/api.w.org\/{rel}","templated":true}]}}