{"id":54633,"date":"2025-11-05T15:39:20","date_gmt":"2025-11-05T18:39:20","guid":{"rendered":"https:\/\/mussicom.com\/psol-abre-mao-de-candidaturas-proprias-em-2026-para-derrotar-extrema-direita\/"},"modified":"2025-11-05T15:39:20","modified_gmt":"2025-11-05T18:39:20","slug":"psol-abre-mao-de-candidaturas-proprias-em-2026-para-derrotar-extrema-direita","status":"publish","type":"post","link":"https:\/\/mussicom.com\/noticias\/psol-abre-mao-de-candidaturas-proprias-em-2026-para-derrotar-extrema-direita\/","title":{"rendered":"PSOL abre m\u00e3o de candidaturas pr\u00f3prias em 2026 para &#8220;derrotar extrema-direita&#8221;"},"content":{"rendered":"<p> <br \/>\n<\/p>\n<div>\n<p class=\"postParagraph_post-paragraph-innerHtml__Q5vwc\">O PSOL decidiu n\u00e3o lan\u00e7ar candidaturas pr\u00f3prias a alguns cargos nas elei\u00e7\u00f5es do ano que vem para apoiar a reelei\u00e7\u00e3o do presidente Luiz In\u00e1cio Lula da Silva (PT) e coliga\u00e7\u00f5es de esquerda com candidatos mais competitivos. A decis\u00e3o foi aprovada pela Executiva Nacional do partido com o alegado objetivo de \u201cderrotar a extrema-direita e o centr\u00e3o\u201d, mesmo que isso signifique abrir m\u00e3o de uma presen\u00e7a maior nos \u00e2mbitos pol\u00edtico e eleitoral.<\/p>\n<p class=\"postParagraph_post-paragraph__juWZN\">Segundo a resolu\u00e7\u00e3o, o PSOL \u201ctem atuado para derrotar a extrema-direita e disputar na sociedade uma agenda pol\u00edtica em favor do povo\u201d, mantendo-se na \u201clinha de frente contra retrocessos\u201d e refor\u00e7ando o apoio ao governo petista. O texto deixa claro que a legenda pretende se manter como parte da base de sustenta\u00e7\u00e3o de Lula, priorizando a unidade da chamada \u201cfrente progressista\u201d em vez de buscar autonomia eleitoral.<\/p>\n<p class=\"postParagraph_post-paragraph-innerHtml__Q5vwc\">\u201cEssa tarefa segue colocada como um dos principais desafios para 2026, tanto na recondu\u00e7\u00e3o do campo progressista ao governo quanto na redu\u00e7\u00e3o da representa\u00e7\u00e3o da extrema-direita e do centr\u00e3o no parlamento, ampliando o n\u00famero de parlamentares dos setores de esquerda\u201d, afirmou na resolu\u00e7\u00e3o (veja na \u00edntegra).<\/p>\n<div class=\"postViewMore_post-view-more-container___5wai\" data-mrf-recirculation=\"Post - Veja tamb\u00e9m\">\n<p class=\"gp-styles-module-size-small-afeYRa gp-styles-module-font-family2-afeYRa gp-styles-module-color-secondary-afeYRa gp-styles-module-weight-bold-afeYRa\">VEJA TAMB\u00c9M:<\/p>\n<ul class=\"postViewMore_post-view-more-list__CU_CE\">\n<li class=\"postViewMore_post-view-more-item__2MzRb\">\n<div class=\"postViewMore_post-view-more-image__5gUSe\"><picture class=\"imageDefault_image-container__XGd8_\"><\/picture><\/div>\n<p>Castro volta ao p\u00e1reo por vaga ao Senado ap\u00f3s cogitar abrir m\u00e3o da disputa eleitoral<\/li>\n<\/ul>\n<\/div>\n<p class=\"postParagraph_post-paragraph__juWZN\">A guinada do PSOL para uma maior ader\u00eancia \u00e0 base governista se d\u00e1, ainda, pela recente nomea\u00e7\u00e3o do deputado federal Guilherme Boulos (PSOL-SP) como ministro da Secretaria-Geral da Presid\u00eancia (SGP), al\u00e9m de j\u00e1 ter Sonia Guajajara comandando o Minist\u00e9rio dos Povos Ind\u00edgenas.<\/p>\n<p class=\"postParagraph_post-paragraph__juWZN\">De acordo com o documento, o PSOL tamb\u00e9m priorizar\u00e1 a supera\u00e7\u00e3o da cl\u00e1usula de barreira, que exige o m\u00ednimo de 2,5% dos votos v\u00e1lidos em nove estados, com ao menos 1,5% em cada um. A legenda reconhece que esse desafio \u00e9 vital para a sobreviv\u00eancia institucional do partido, que depende do cumprimento dessa meta para manter acesso ao fundo partid\u00e1rio e ao tempo de TV.<\/p>\n<p class=\"postParagraph_post-paragraph__juWZN\">O texto orienta que os estados \u201cdever\u00e3o, quando poss\u00edvel\u201d priorizar o que chama de \u201cunidade do campo progressista desde o primeiro turno, em torno da disputa de governo que represente o melhor nome para derrotar a extrema-direita\u201d. A mesma regra valer\u00e1 para as candidaturas ao Senado, em que o partido admite recuar em prol de nomes mais competitivos de outras siglas.<\/p>\n<p class=\"postParagraph_post-paragraph__juWZN\">Em um gesto simb\u00f3lico, a resolu\u00e7\u00e3o tamb\u00e9m indica o empenho do PSOL em atrair novos quadros, como Manuela D\u2019\u00c1vila e \u00c1urea Carolina, que devem figurar entre as prioridades eleitorais de 2026.<\/p>\n<p class=\"postParagraph_post-paragraph__juWZN\">O plano do partido prev\u00ea, ainda, a realiza\u00e7\u00e3o de pesquisas internas para avaliar o desempenho e a imagem do PSOL, com o objetivo de \u201cajudar na comunica\u00e7\u00e3o da agenda pol\u00edtica\u201d e preparar terreno para a campanha.<\/p>\n<p class=\"postParagraph_post-paragraph__juWZN\">O PSOL atualmente faz parte de uma federa\u00e7\u00e3o com a Rede Sustentabilidade desde as elei\u00e7\u00f5es de 2022, uma manobra para driblar a cl\u00e1usula de barreira ao somar o desempenho eleitoral de dois partidos. A regra obriga que as legendas sigam juntas por, pelo menos, quatro anos, com prazo final indeterminado.<\/p>\n<p class=\"postParagraph_post-paragraph__juWZN\">Naquele ano, as duas legendas aderiram \u00e0 \u201cfrente ampla\u201d que apoiou a candidatura de Lula ao terceiro mandato e que o governo pretende manter na disputa \u00e0 reelei\u00e7\u00e3o. Al\u00e9m deles e do PT, tamb\u00e9m fizeram parte o PC do B, PV, Solidariedade, PSB \/ Agir, Avante e PROS.<\/p>\n<\/div>\n<p><br \/>\n<br \/>Fonte: <a href=\"https:\/\/www.gazetadopovo.com.br\/republica\/psol-abre-mao-candidaturas-proprias-2026-derrotar-extrema-direita\/\">Revista Oeste<\/a><\/p>\n","protected":false},"excerpt":{"rendered":"<p>O PSOL decidiu n\u00e3o lan\u00e7ar candidaturas pr\u00f3prias a alguns cargos nas elei\u00e7\u00f5es do ano que vem para apoiar a reelei\u00e7\u00e3o do presidente Luiz In\u00e1cio Lula da Silva (PT) e coliga\u00e7\u00f5es de esquerda com candidatos mais competitivos. A decis\u00e3o foi aprovada pela Executiva Nacional do partido com o alegado objetivo de \u201cderrotar a extrema-direita e o [&hellip;]<\/p>\n","protected":false},"author":5,"featured_media":54634,"comment_status":"open","ping_status":"open","sticky":false,"template":"","format":"standard","meta":{"_seopress_robots_primary_cat":"","_seopress_titles_title":"","_seopress_titles_desc":"","_seopress_robots_index":"","footnotes":""},"categories":[1],"tags":[],"class_list":["post-54633","post","type-post","status-publish","format-standard","has-post-thumbnail","hentry","category-ultimas-noticias"],"_links":{"self":[{"href":"https:\/\/mussicom.com\/noticias\/wp-json\/wp\/v2\/posts\/54633","targetHints":{"allow":["GET"]}}],"collection":[{"href":"https:\/\/mussicom.com\/noticias\/wp-json\/wp\/v2\/posts"}],"about":[{"href":"https:\/\/mussicom.com\/noticias\/wp-json\/wp\/v2\/types\/post"}],"author":[{"embeddable":true,"href":"https:\/\/mussicom.com\/noticias\/wp-json\/wp\/v2\/users\/5"}],"replies":[{"embeddable":true,"href":"https:\/\/mussicom.com\/noticias\/wp-json\/wp\/v2\/comments?post=54633"}],"version-history":[{"count":0,"href":"https:\/\/mussicom.com\/noticias\/wp-json\/wp\/v2\/posts\/54633\/revisions"}],"wp:featuredmedia":[{"embeddable":true,"href":"https:\/\/mussicom.com\/noticias\/wp-json\/wp\/v2\/media\/54634"}],"wp:attachment":[{"href":"https:\/\/mussicom.com\/noticias\/wp-json\/wp\/v2\/media?parent=54633"}],"wp:term":[{"taxonomy":"category","embeddable":true,"href":"https:\/\/mussicom.com\/noticias\/wp-json\/wp\/v2\/categories?post=54633"},{"taxonomy":"post_tag","embeddable":true,"href":"https:\/\/mussicom.com\/noticias\/wp-json\/wp\/v2\/tags?post=54633"}],"curies":[{"name":"wp","href":"https:\/\/api.w.org\/{rel}","templated":true}]}}