{"id":54605,"date":"2025-11-05T10:34:15","date_gmt":"2025-11-05T13:34:15","guid":{"rendered":"https:\/\/mussicom.com\/ccj-marca-sabatina-para-reconducao-de-gonet-a-pgr-para-12-de-novembro\/"},"modified":"2025-11-05T10:34:15","modified_gmt":"2025-11-05T13:34:15","slug":"ccj-marca-sabatina-para-reconducao-de-gonet-a-pgr-para-12-de-novembro","status":"publish","type":"post","link":"https:\/\/mussicom.com\/noticias\/ccj-marca-sabatina-para-reconducao-de-gonet-a-pgr-para-12-de-novembro\/","title":{"rendered":"CCJ marca sabatina para recondu\u00e7\u00e3o de Gonet \u00e0 PGR para 12 de novembro"},"content":{"rendered":"<p> <br \/>\n<\/p>\n<div>\n<p class=\"postParagraph_post-paragraph-innerHtml__Q5vwc\">A Comiss\u00e3o de Constitui\u00e7\u00e3o e Justi\u00e7a (CCJ) do Senado marcou para o dia 12 de novembro a sabatina do atual procurador-geral da Rep\u00fablica, Paulo Gonet, para mais uma gest\u00e3o \u00e0 frente do \u00f3rg\u00e3o ap\u00f3s ter sido indicado pelo presidente Luiz In\u00e1cio Lula da Silva (PT), em meados de agosto, para ser reconduzido ao cargo.<\/p>\n<p class=\"postParagraph_post-paragraph__juWZN\">O encaminhamento da indica\u00e7\u00e3o de Gonet para mais uma gest\u00e3o na PGR foi teve um pedido de vista coletiva aprovado nesta quarta (5) ap\u00f3s a leitura do relat\u00f3rio do senador Omar Aziz (PSD-AM), que n\u00e3o teve questionamentos. O parlamentar afirmou n\u00e3o ter encontrado impedimentos para reconduzi-lo ao cargo.<\/p>\n<p class=\"postParagraph_post-paragraph-innerHtml__Q5vwc\">\u201cA atua\u00e7\u00e3o apartid\u00e1ria e t\u00e9cnica do sr. Paulo Gonet \u00e9, ali\u00e1s, evidenciada pela pr\u00f3pria pacifica\u00e7\u00e3o interna do Minist\u00e9rio P\u00fablico desde a sua posse como procurador-geral da Rep\u00fablica. Com efeito, j\u00e1 n\u00e3o se verificam diverg\u00eancias ou dissen\u00e7\u00f5es radicais com a gest\u00e3o que se iniciou e aos trabalhos at\u00e9 aqui realizados\u201d, citou elencando feitos do procurador-geral no cargo, entre eles a condu\u00e7\u00e3o dos processos relativos aos atos de 8 de janeiro de 2023 e \u00e0 suposta tentativa de golpe de Estado.<\/p>\n<div class=\"postViewMore_post-view-more-container___5wai\" data-mrf-recirculation=\"Post - Veja tamb\u00e9m\">\n<p class=\"gp-styles-module-size-small-afeYRa gp-styles-module-font-family2-afeYRa gp-styles-module-color-secondary-afeYRa gp-styles-module-weight-bold-afeYRa\">VEJA TAMB\u00c9M:<\/p>\n<ul class=\"postViewMore_post-view-more-list__CU_CE\">\n<li class=\"postViewMore_post-view-more-item__2MzRb\">\n<div class=\"postViewMore_post-view-more-image__5gUSe\"><picture class=\"imageDefault_image-container__XGd8_\"><\/picture><\/div>\n<p>STF marca julgamento para receber den\u00fancia contra Eduardo Bolsonaro<\/li>\n<\/ul>\n<\/div>\n<p class=\"postParagraph_post-paragraph-innerHtml__Q5vwc\">\u00c0 frente da PGR desde dezembro de 2023, Gonet adotou uma postura dura nos processos que tratam da suposta tentativa de golpe e, que apontou o ex-presidente Jair Bolsonaro (PL) como l\u00edder do plano. Em uma das sustenta\u00e7\u00f5es no Supremo Tribunal Federal (STF), classificou os atos como um \u201cteatro do golpe\u201d, descrevendo um cen\u00e1rio \u201cespantoso e tenebroso\u201d que, segundo ele, justificaria puni\u00e7\u00f5es severas aos envolvidos.<\/p>\n<p class=\"postParagraph_post-paragraph__juWZN\">Em uma das den\u00fancias apresentadas ao STF, Gonet afirmou que o 8 de janeiro representou a \u201c\u00faltima esperan\u00e7a da organiza\u00e7\u00e3o criminosa\u201d que buscava impedir a posse do presidente eleito. Segundo o procurador, o movimento teria tentado cooptar setores das For\u00e7as Armadas, mas o Ex\u00e9rcito teria sido \u201cv\u00edtima da conspirata\u201d, resistindo \u00e0s press\u00f5es.<\/p>\n<p class=\"postParagraph_post-paragraph-innerHtml__Q5vwc\">&#8220;\u00c9 de ser observado que o pr\u00f3prio Ex\u00e9rcito foi v\u00edtima da conspirata. A sua participa\u00e7\u00e3o no golpe foi objeto de constante procura e provoca\u00e7\u00e3o por parte dos denunciados&#8221;, afirmou durante a apresenta\u00e7\u00e3o da den\u00fancia contra 23 militares.<\/p>\n<p class=\"postParagraph_post-paragraph__juWZN\">Em outra fala, rebateu acusa\u00e7\u00f5es de falta de provas e garantiu que as den\u00fancias n\u00e3o se baseiam em \u201cconjecturas ou suposi\u00e7\u00f5es fr\u00e1geis\u201d, sustentando que os pr\u00f3prios investigados documentaram os passos do suposto plano de golpe.<\/p>\n<p class=\"postParagraph_post-paragraph__juWZN\">\u201cN\u00e3o podem ser tratados como atos de import\u00e2ncia menor, como devaneios ut\u00f3picos, como aventuras inconsideradas, nem como precipita\u00e7\u00f5es a serem reduzidas com o passar dos dias a um plano bonach\u00e3o das curiosidades t\u00e3o s\u00f3 irreverentes da vida nacional\u201d, disse em uma das sustenta\u00e7\u00f5es.<\/p>\n<p class=\"postParagraph_post-paragraph-innerHtml__Q5vwc\">Ao longo do processo que investigou o alegado plano de golpe, Gonet dividiu os r\u00e9us denunciados em quatro \u201cn\u00facleos\u201d que teriam diferentes atribui\u00e7\u00f5es, sendo o primeiro deles tido como crucial e que teve a condena\u00e7\u00e3o de Bolsonaro a 27 anos e tr\u00eas meses de pris\u00e3o.<\/p>\n<\/div>\n<p><br \/>\n<br \/>Fonte: <a href=\"https:\/\/www.gazetadopovo.com.br\/republica\/ccj-sabatina-reconducao-gonet-pgr-12-novembro\/\">Revista Oeste<\/a><\/p>\n","protected":false},"excerpt":{"rendered":"<p>A Comiss\u00e3o de Constitui\u00e7\u00e3o e Justi\u00e7a (CCJ) do Senado marcou para o dia 12 de novembro a sabatina do atual procurador-geral da Rep\u00fablica, Paulo Gonet, para mais uma gest\u00e3o \u00e0 frente do \u00f3rg\u00e3o ap\u00f3s ter sido indicado pelo presidente Luiz In\u00e1cio Lula da Silva (PT), em meados de agosto, para ser reconduzido ao cargo. O [&hellip;]<\/p>\n","protected":false},"author":5,"featured_media":54606,"comment_status":"open","ping_status":"open","sticky":false,"template":"","format":"standard","meta":{"_seopress_robots_primary_cat":"","_seopress_titles_title":"","_seopress_titles_desc":"","_seopress_robots_index":"","footnotes":""},"categories":[1],"tags":[],"class_list":["post-54605","post","type-post","status-publish","format-standard","has-post-thumbnail","hentry","category-ultimas-noticias"],"_links":{"self":[{"href":"https:\/\/mussicom.com\/noticias\/wp-json\/wp\/v2\/posts\/54605","targetHints":{"allow":["GET"]}}],"collection":[{"href":"https:\/\/mussicom.com\/noticias\/wp-json\/wp\/v2\/posts"}],"about":[{"href":"https:\/\/mussicom.com\/noticias\/wp-json\/wp\/v2\/types\/post"}],"author":[{"embeddable":true,"href":"https:\/\/mussicom.com\/noticias\/wp-json\/wp\/v2\/users\/5"}],"replies":[{"embeddable":true,"href":"https:\/\/mussicom.com\/noticias\/wp-json\/wp\/v2\/comments?post=54605"}],"version-history":[{"count":0,"href":"https:\/\/mussicom.com\/noticias\/wp-json\/wp\/v2\/posts\/54605\/revisions"}],"wp:featuredmedia":[{"embeddable":true,"href":"https:\/\/mussicom.com\/noticias\/wp-json\/wp\/v2\/media\/54606"}],"wp:attachment":[{"href":"https:\/\/mussicom.com\/noticias\/wp-json\/wp\/v2\/media?parent=54605"}],"wp:term":[{"taxonomy":"category","embeddable":true,"href":"https:\/\/mussicom.com\/noticias\/wp-json\/wp\/v2\/categories?post=54605"},{"taxonomy":"post_tag","embeddable":true,"href":"https:\/\/mussicom.com\/noticias\/wp-json\/wp\/v2\/tags?post=54605"}],"curies":[{"name":"wp","href":"https:\/\/api.w.org\/{rel}","templated":true}]}}