{"id":54594,"date":"2025-11-05T08:32:18","date_gmt":"2025-11-05T11:32:18","guid":{"rendered":"https:\/\/mussicom.com\/lula-foi-infeliz-ao-chamar-traficante-de-vitima\/"},"modified":"2025-11-05T08:32:18","modified_gmt":"2025-11-05T11:32:18","slug":"lula-foi-infeliz-ao-chamar-traficante-de-vitima","status":"publish","type":"post","link":"https:\/\/mussicom.com\/noticias\/lula-foi-infeliz-ao-chamar-traficante-de-vitima\/","title":{"rendered":"Lula foi infeliz ao chamar traficante de v\u00edtima"},"content":{"rendered":"<p> <br \/>\n<\/p>\n<div>\n<p class=\"postParagraph_post-paragraph-innerHtml__Q5vwc\">O senador Fabiano Contarato (PT-ES), presidente da CPI do Crime Organizado, classificou como &#8220;infeliz&#8221; a fala do presidente Lula (PT), que disse que <strong>&#8220;os usu\u00e1rios s\u00e3o respons\u00e1veis pelos traficantes, que s\u00e3o v\u00edtimas dos usu\u00e1rios tamb\u00e9m\u201d. <\/strong>O senador concedeu entrevista ao <em>O Globo<\/em>, publicada nesta quarta-feira (5).<\/p>\n<p class=\"postParagraph_post-paragraph__juWZN\">Rebatendo a fala de Lula, Contarato diz que &#8220;o traficante \u00e9 o que h\u00e1 de mais pernicioso dentro da sociedade brasileira.&#8221; Ele diz que defende &#8220;mais rigor, inclusive no aumento das penas para o tr\u00e1fico de entorpecentes.&#8221; Delegado de pol\u00edcia, o petista diz que presidir\u00e1 a CPI com autonomia. Sobre a declara\u00e7\u00e3o de Lula, pontuou que respeita o posicionamento do presidente, mas que mant\u00e9m suas convic\u00e7\u00f5es.<\/p>\n<h2 class=\"postParagraph_post-paragraph__juWZN postParagraph_type-tag-h2__TtFkT\">Contarato questiona sucesso da Opera\u00e7\u00e3o Conten\u00e7\u00e3o<\/h2>\n<p class=\"postParagraph_post-paragraph__juWZN\">Contarato, no entanto, critica a Opera\u00e7\u00e3o Conten\u00e7\u00e3o, que combateu a expans\u00e3o do Comando Vermelho no Rio de Janeiro. O senador relembra os 121 mortos, incluindo quatro policiais, e argumenta: &#8220;um dos alvos, o Doca, n\u00e3o foi capturado. Ent\u00e3o, ela foi um sucesso?&#8221;<\/p>\n<p class=\"postParagraph_post-paragraph__juWZN\">O presidente da CPI reconhece que a esquerda trata a seguran\u00e7a p\u00fablica com &#8220;romantiza\u00e7\u00e3o&#8221;. &#8220;\u00c9 claro que eu tamb\u00e9m sou adepto dos direitos humanos. Fa\u00e7o parte de um partido que defende isso, mas \u00e9 preciso compreender que pol\u00edticas p\u00fablicas de combate \u00e0 desigualdade, educa\u00e7\u00e3o em tempo integral, ilumina\u00e7\u00e3o p\u00fablica, saneamento b\u00e1sico, tudo isso faz parte&#8221;, concluiu.<\/p>\n<p class=\"postParagraph_post-paragraph__juWZN\">Pauta frequente na direita, a cr\u00edtica \u00e0s sa\u00eddas tempor\u00e1rias (&#8216;saidinhas&#8217;) tamb\u00e9m aparece no discurso do senador. Ele soma a esse benef\u00edcio outros que, em suas palavras, trazem &#8220;a certeza da impunidade&#8221;.<\/p>\n<p class=\"postParagraph_post-paragraph__juWZN\">Sobre o ministro da Justi\u00e7a e Seguran\u00e7a P\u00fablica, Ricardo Lewandowski, Contarato o classifica como &#8220;sereno e t\u00e9cnico&#8221;. O senador evitou cr\u00edticas, dizendo apenas que Lewandowski est\u00e1 no momento certo para &#8220;avan\u00e7ar em pautas relevantes para o pa\u00eds, restabelecendo a pacifica\u00e7\u00e3o social e garantindo seguran\u00e7a p\u00fablica como direito de todos&#8221;.<\/p>\n<\/div>\n<p><br \/>\n<br \/>Fonte: <a href=\"https:\/\/www.gazetadopovo.com.br\/republica\/contarato-lula-foi-infeliz-ao-chamar-traficante-de-vitima\/\">Revista Oeste<\/a><\/p>\n","protected":false},"excerpt":{"rendered":"<p>O senador Fabiano Contarato (PT-ES), presidente da CPI do Crime Organizado, classificou como &#8220;infeliz&#8221; a fala do presidente Lula (PT), que disse que &#8220;os usu\u00e1rios s\u00e3o respons\u00e1veis pelos traficantes, que s\u00e3o v\u00edtimas dos usu\u00e1rios tamb\u00e9m\u201d. O senador concedeu entrevista ao O Globo, publicada nesta quarta-feira (5). Rebatendo a fala de Lula, Contarato diz que &#8220;o [&hellip;]<\/p>\n","protected":false},"author":5,"featured_media":54595,"comment_status":"open","ping_status":"open","sticky":false,"template":"","format":"standard","meta":{"_seopress_robots_primary_cat":"","_seopress_titles_title":"","_seopress_titles_desc":"","_seopress_robots_index":"","footnotes":""},"categories":[1],"tags":[],"class_list":["post-54594","post","type-post","status-publish","format-standard","has-post-thumbnail","hentry","category-ultimas-noticias"],"_links":{"self":[{"href":"https:\/\/mussicom.com\/noticias\/wp-json\/wp\/v2\/posts\/54594","targetHints":{"allow":["GET"]}}],"collection":[{"href":"https:\/\/mussicom.com\/noticias\/wp-json\/wp\/v2\/posts"}],"about":[{"href":"https:\/\/mussicom.com\/noticias\/wp-json\/wp\/v2\/types\/post"}],"author":[{"embeddable":true,"href":"https:\/\/mussicom.com\/noticias\/wp-json\/wp\/v2\/users\/5"}],"replies":[{"embeddable":true,"href":"https:\/\/mussicom.com\/noticias\/wp-json\/wp\/v2\/comments?post=54594"}],"version-history":[{"count":0,"href":"https:\/\/mussicom.com\/noticias\/wp-json\/wp\/v2\/posts\/54594\/revisions"}],"wp:featuredmedia":[{"embeddable":true,"href":"https:\/\/mussicom.com\/noticias\/wp-json\/wp\/v2\/media\/54595"}],"wp:attachment":[{"href":"https:\/\/mussicom.com\/noticias\/wp-json\/wp\/v2\/media?parent=54594"}],"wp:term":[{"taxonomy":"category","embeddable":true,"href":"https:\/\/mussicom.com\/noticias\/wp-json\/wp\/v2\/categories?post=54594"},{"taxonomy":"post_tag","embeddable":true,"href":"https:\/\/mussicom.com\/noticias\/wp-json\/wp\/v2\/tags?post=54594"}],"curies":[{"name":"wp","href":"https:\/\/api.w.org\/{rel}","templated":true}]}}