{"id":54568,"date":"2025-11-05T01:25:28","date_gmt":"2025-11-05T04:25:28","guid":{"rendered":"https:\/\/mussicom.com\/presidente-do-stm-enfrenta-ministro-apos-criticas\/"},"modified":"2025-11-05T01:25:28","modified_gmt":"2025-11-05T04:25:28","slug":"presidente-do-stm-enfrenta-ministro-apos-criticas","status":"publish","type":"post","link":"https:\/\/mussicom.com\/noticias\/presidente-do-stm-enfrenta-ministro-apos-criticas\/","title":{"rendered":"Presidente do STM enfrenta ministro ap\u00f3s cr\u00edticas"},"content":{"rendered":"<p> <br \/>\n<\/p>\n<div>\n<p class=\"postParagraph_post-paragraph__juWZN\">A presidente do Superior Tribunal Militar (STM), Maria Elizabeth Rocha, rebateu nesta ter\u00e7a-feira (4) o ministro Carlos Augusto Amaral Oliveira que a criticou por pedir perd\u00e3o \u00e0s v\u00edtimas da ditadura no Brasil. A ministra classificou a declara\u00e7\u00e3o do colega como uma \u201cagress\u00e3o desrespeitosa\u201d de \u201ctom mis\u00f3gino\u201d. Oliveira retrucou dizendo que &#8220;n\u00e3o liga&#8221; para a opini\u00e3o da colega.<\/p>\n<p class=\"postParagraph_post-paragraph-innerHtml__Q5vwc\">Na semana passada, o tenente-brigadeiro do ar disse que Rocha deveria \u201cestudar um pouco mais da hist\u00f3ria do Tribunal\u201d antes de \u201copinar\u201d sobre o tema. Ele expressou sua \u201ctotal discord\u00e2ncia\u201d e disse que o discurso de eprd\u00e3o teve uma \u201cabordagem pol\u00edtica\u201d.<\/p>\n<p class=\"postParagraph_post-paragraph__juWZN\">A cr\u00edtica do ministro foi feita durante a sess\u00e3o no \u00faltimo dia 30, que ocorreu sem a presen\u00e7a da presidente da Corte. A ministra pediu perd\u00e3o em nome da Justi\u00e7a Militar durante um evento ecum\u00eanico na Catedral da S\u00e9, em S\u00e3o Paulo, em mem\u00f3ria do jornalista Vladimir Herzog, assassinado h\u00e1 50 anos pela ditadura.<\/p>\n<div class=\"postViewMore_post-view-more-container___5wai\" data-mrf-recirculation=\"Post - Veja tamb\u00e9m\">\n<p class=\"gp-styles-module-size-small-afeYRa gp-styles-module-font-family2-afeYRa gp-styles-module-color-secondary-afeYRa gp-styles-module-weight-bold-afeYRa\">VEJA TAMB\u00c9M:<\/p>\n<ul class=\"postViewMore_post-view-more-list__CU_CE\">\n<li class=\"postViewMore_post-view-more-item__2MzRb\"><span class=\"postViewMore_post-view-more-link-icon___stPC\"><svg xmlns=\"http:\/\/www.w3.org\/2000\/svg\" width=\"16\" height=\"16\" viewbox=\"0 0 16 16\"><rect width=\"16\" height=\"16\" fill=\"none\"\/><g transform=\"translate(3 3)\"><path d=\"M22.5,15l3.4,3.4-3.4,3.4\" transform=\"translate(-15.896 -11.793)\" fill=\"none\" stroke=\"#717171\" stroke-linecap=\"round\" stroke-width=\"1.4\"\/><path d=\"M6,6v4.2a2.452,2.452,0,0,0,2.5,2.4H16\" transform=\"translate(-6 -6)\" fill=\"none\" stroke=\"#717171\" stroke-linecap=\"round\" stroke-width=\"1.4\"\/><\/g><\/svg><\/span><span class=\"postViewMore_post-view-more-link-text__hO_kM\">Relatora no TSE vota pela cassa\u00e7\u00e3o do mandato de Cl\u00e1udio Castro<\/span><\/li>\n<\/ul>\n<\/div>\n<p class=\"postParagraph_post-paragraph__juWZN\">&#8220;A diverg\u00eancia de ideias \u00e9 leg\u00edtima. O que n\u00e3o \u00e9 leg\u00edtimo \u00e9 o tom mis\u00f3gino, travestido de conselho paternalista sobre estudar um pouco mais a hist\u00f3ria da institui\u00e7\u00e3o, adotado pelo interlocutor. Uma institui\u00e7\u00e3o que integro h\u00e1 quase duas d\u00e9cadas e bem conhe\u00e7o\u201d, disse a ministra nesta ter\u00e7a.<\/p>\n<p class=\"postParagraph_post-paragraph__juWZN\">\u201cEssa agress\u00e3o desrespeitosa n\u00e3o atinge apenas esta magistrada, atinge a magistratura feminina como um todo, a quem devo respeito e prote\u00e7\u00e3o\u201d, acrescentou. Rocha tamb\u00e9m ressaltou que \u201co gesto de pedir perd\u00e3o n\u00e3o revisou o passado com intuito de humilha\u00e7\u00e3o, nem, tampouco, revestiu-se de ato pol\u00edtico-partid\u00e1rio\u201d.<\/p>\n<p class=\"postParagraph_post-paragraph__juWZN\">Em seguida, Oliveira afirmou que n\u00e3o permite que a presidente do STM fale em seu nome. &#8220;N\u00e3o vou ficar criando pol\u00eamica&#8221;, disse o militar, destacando que n\u00e3o fez as cr\u00edticas pessoalmente, porque a ministra n\u00e3o teria comparecido em v\u00e1rias sess\u00f5es do Tribunal.<\/p>\n<p class=\"postParagraph_post-paragraph__juWZN\">&#8220;O seu curr\u00edculo \u00e9 maravilhoso. Ningu\u00e9m tem d\u00favida disso. A senhora tem compet\u00eancia t\u00e9cnica para estar em qualquer lugar dando aula, dando palestra, mas com rela\u00e7\u00e3o a hist\u00f3ria do Tribunal \u2014 e a senhora falou &#8216;na qualidade de presidente da Corte, venho pedir perd\u00e3o&#8217; \u2014 a senhora est\u00e1 pedindo em meu nome e n\u00e3o lhe dou essa delega\u00e7\u00e3o. Continuo n\u00e3o dando&#8221;, disse o ministro.<\/p>\n<p class=\"postParagraph_post-paragraph__juWZN\">A presidente do STF rebateu: \u201cNem quero\u201d.<\/p>\n<p class=\"postParagraph_post-paragraph__juWZN\">&#8220;\u00d3timo&#8221;, interrompeu Oliveira.<\/p>\n<p class=\"postParagraph_post-paragraph__juWZN\">&#8220;Eu n\u00e3o tenho nada a falar em nome de Vossa Excel\u00eancia&#8221;, disse a ministra.<\/p>\n<p class=\"postParagraph_post-paragraph__juWZN\">&#8220;\u00d3timo&#8221;, repetiu Oliveira. &#8220;S\u00f3 pedi para registrar [minha manifesta\u00e7\u00e3o]. N\u00e3o pedi nem para a senhora concordar. N\u00e3o pedi nada disso. Agora, a senhora dizer que sou mis\u00f3gino. O ministro Joseli [Parente Camelo, ex-presidente do STM] tamb\u00e9m fez algumas declara\u00e7\u00f5es que eu n\u00e3o concordei e eu fui l\u00e1 e conversei com ele muito claramente sobre o tema. \u00c9 isso. E [Joseli] \u00e9 homem, eu acho&#8221;, alfinetou o militar.<\/p>\n<p class=\"postParagraph_post-paragraph__juWZN\">&#8220;A senhora diz que isso mis\u00f3gino. A senhora pode achar o que quiser. Eu, realmente, n\u00e3o ligo muito&#8221;, acrescentou Oliveira, sugerindo que a ministra perguntasse aos demais integrantes do Tribunal, se eles concordam que ela fale em nome do STM.<\/p>\n<p class=\"postParagraph_post-paragraph__juWZN\">Em resposta, a presidente do STM afirmou: &#8220;Reitero que falei investida do m\u00fanus [dever] constitucional que tenho e nesse sentido n\u00e3o abrirei m\u00e3o. S\u00f3 digo o seguinte para finalizar essa discuss\u00e3o: pedir perd\u00e3o \u00e9 necess\u00e1rio e perdoar \u00e9 necess\u00e1rio. Ent\u00e3o, ministro, eu n\u00e3o retrucarei briga com briga, nem ofensa com ofensa&#8221;, concluiu Rocha.<\/p>\n<h2 class=\"postParagraph_post-paragraph__juWZN postParagraph_type-tag-h2__TtFkT\">O que a presidente do STM disse no evento em SP<\/h2>\n<p class=\"postParagraph_post-paragraph__juWZN\">Durante a celebra\u00e7\u00e3o, a ministra fez um breve discurso para perdir perd\u00e3o \u00e0s v\u00edtimas da ditadura militar. &#8220;Estou presente neste ato ecum\u00eanico de 2025 para, na qualidade de presidente da Justi\u00e7a Militar da Uni\u00e3o, pedir perd\u00e3o a todos que tombaram e sofreram lutando pela liberdade no Brasil&#8221;, disse a ministra no \u00faltimo dia 25.<\/p>\n<p class=\"postParagraph_post-paragraph__juWZN\">\u201cPerd\u00e3o pelos erros e omiss\u00f5es judiciais cometidos durante a ditadura. Eu pe\u00e7o perd\u00e3o a Vladimir Herzog e sua fam\u00edlia, a Paulo Ribeiro Bastos e sua fam\u00edlia, a Rubens Paiva e a Miriam Leit\u00e3o e a seus filhos, a Jos\u00e9 Dirceu, a Aldo Arantes, e Jos\u00e9 Genoino, a Paulo Vannuchi, a Jo\u00e3o Vicente Goulart e a tantos outros homens e mulheres que sofreram com as torturas, as mortes, os desaparecimentos for\u00e7ados e o ex\u00edlio\u201d, acrescentou a presidente do Tribunal.<\/p>\n<\/div>\n<p><br \/>\n<br \/>Fonte: <a href=\"https:\/\/www.gazetadopovo.com.br\/republica\/presidente-do-stm-enfrenta-ministro-apos-criticas-por-fala-sobre-ditadura\/\">Revista Oeste<\/a><\/p>\n","protected":false},"excerpt":{"rendered":"<p>A presidente do Superior Tribunal Militar (STM), Maria Elizabeth Rocha, rebateu nesta ter\u00e7a-feira (4) o ministro Carlos Augusto Amaral Oliveira que a criticou por pedir perd\u00e3o \u00e0s v\u00edtimas da ditadura no Brasil. A ministra classificou a declara\u00e7\u00e3o do colega como uma \u201cagress\u00e3o desrespeitosa\u201d de \u201ctom mis\u00f3gino\u201d. Oliveira retrucou dizendo que &#8220;n\u00e3o liga&#8221; para a opini\u00e3o [&hellip;]<\/p>\n","protected":false},"author":5,"featured_media":54569,"comment_status":"open","ping_status":"open","sticky":false,"template":"","format":"standard","meta":{"_seopress_robots_primary_cat":"","_seopress_titles_title":"","_seopress_titles_desc":"","_seopress_robots_index":"","footnotes":""},"categories":[1],"tags":[],"class_list":["post-54568","post","type-post","status-publish","format-standard","has-post-thumbnail","hentry","category-ultimas-noticias"],"_links":{"self":[{"href":"https:\/\/mussicom.com\/noticias\/wp-json\/wp\/v2\/posts\/54568","targetHints":{"allow":["GET"]}}],"collection":[{"href":"https:\/\/mussicom.com\/noticias\/wp-json\/wp\/v2\/posts"}],"about":[{"href":"https:\/\/mussicom.com\/noticias\/wp-json\/wp\/v2\/types\/post"}],"author":[{"embeddable":true,"href":"https:\/\/mussicom.com\/noticias\/wp-json\/wp\/v2\/users\/5"}],"replies":[{"embeddable":true,"href":"https:\/\/mussicom.com\/noticias\/wp-json\/wp\/v2\/comments?post=54568"}],"version-history":[{"count":0,"href":"https:\/\/mussicom.com\/noticias\/wp-json\/wp\/v2\/posts\/54568\/revisions"}],"wp:featuredmedia":[{"embeddable":true,"href":"https:\/\/mussicom.com\/noticias\/wp-json\/wp\/v2\/media\/54569"}],"wp:attachment":[{"href":"https:\/\/mussicom.com\/noticias\/wp-json\/wp\/v2\/media?parent=54568"}],"wp:term":[{"taxonomy":"category","embeddable":true,"href":"https:\/\/mussicom.com\/noticias\/wp-json\/wp\/v2\/categories?post=54568"},{"taxonomy":"post_tag","embeddable":true,"href":"https:\/\/mussicom.com\/noticias\/wp-json\/wp\/v2\/tags?post=54568"}],"curies":[{"name":"wp","href":"https:\/\/api.w.org\/{rel}","templated":true}]}}