{"id":54554,"date":"2025-11-04T22:22:18","date_gmt":"2025-11-05T01:22:18","guid":{"rendered":"https:\/\/mussicom.com\/sete-lideres-do-comando-vermelho-sao-transferidos\/"},"modified":"2025-11-04T22:22:18","modified_gmt":"2025-11-05T01:22:18","slug":"sete-lideres-do-comando-vermelho-sao-transferidos","status":"publish","type":"post","link":"https:\/\/mussicom.com\/noticias\/sete-lideres-do-comando-vermelho-sao-transferidos\/","title":{"rendered":"Sete l\u00edderes do Comando Vermelho s\u00e3o transferidos"},"content":{"rendered":"<p> <br \/>\n<\/p>\n<div>\n<p class=\"postParagraph_post-paragraph__juWZN\">O Tribunal de Justi\u00e7a do Rio de Janeiro decidiu nesta ter\u00e7a-feira (4) transferir para pres\u00eddios federais sete dos dez presos que, segundo o governo do Rio de Janeiro, atuariam no crime organizado como l\u00edderes do Comando Vermelho (CV).<\/p>\n<p class=\"postParagraph_post-paragraph__juWZN\">Segundo a Ag\u00eancia Brasil, os presos transferidos s\u00e3o: Arnaldo da Silva Dias, o \u201cNaldinho\u201d; Carlos Vinicius L\u00edrio da Silva, o \u201cCabe\u00e7a do Sab\u00e3o\u201d; Eliezer Miranda Joaquim, o \u201cCriam\u201d; Fabr\u00edcio de Melo Jesus, o \u201cBicinho\u201d; Marco Ant\u00f4nio Pereira Firmino da Silva, o \u201cMy Thor\u201d; Alexander de Jesus Carlos, o \u201cChoque\u201d; e Roberto de Souza Brito, o \u201cIrm\u00e3o Metralha\u201d. Todos atuariam como lideran\u00e7as da fac\u00e7\u00e3o de dentro do sistema penal.<\/p>\n<div class=\"postViewMore_post-view-more-container___5wai\" data-mrf-recirculation=\"Post - Veja tamb\u00e9m\">\n<p class=\"gp-styles-module-size-small-afeYRa gp-styles-module-font-family2-afeYRa gp-styles-module-color-secondary-afeYRa gp-styles-module-weight-bold-afeYRa\">VEJA TAMB\u00c9M:<\/p>\n<ul class=\"postViewMore_post-view-more-list__CU_CE\">\n<li class=\"postViewMore_post-view-more-item__2MzRb\">\n<div class=\"postViewMore_post-view-more-image__5gUSe\"><picture class=\"imageDefault_image-container__XGd8_\"><\/picture><\/div>\n<p>Conhe\u00e7a as fac\u00e7\u00f5es inimigas do Comando Vermelho, alvo de opera\u00e7\u00e3o no Rio<\/li>\n<\/ul>\n<\/div>\n<p class=\"postParagraph_post-paragraph__juWZN\">Em rela\u00e7\u00e3o a Wagner Teixeira Carlos e Leonardo Farinazzo Pampuri, o \u201cL\u00e9o Barr\u00e3o\u201d, o ju\u00edzo da VEP requereu que, no prazo de cinco dias, a Secretaria de Pol\u00edcia Civil do Rio de Janeiro encaminhe mais informa\u00e7\u00f5es que permitam fundamentar a transfer\u00eancia, de acordo com os dispositivos da lei que rege transfer\u00eancias em penitenci\u00e1rias.<\/p>\n<p class=\"postParagraph_post-paragraph__juWZN\">J\u00e1 o processo relativo ao cabo da Marinha, Riam Maur\u00edcio Tavares Mota, que foi o 10\u00ba relacionado na lista da Secretaria da Pol\u00edcia Civil, est\u00e1 no ju\u00edzo de organiza\u00e7\u00e3o criminosa, dependendo, ainda, de julgamento. O militar das For\u00e7as Armadas foi preso sob acusa\u00e7\u00e3o de operar drones para o Comando Vermelho.<\/p>\n<h2 class=\"postParagraph_post-paragraph__juWZN postParagraph_type-tag-h2__TtFkT\">Acusado de treinar CV<\/h2>\n<p class=\"postParagraph_post-paragraph__juWZN\">Em 2023, Riam foi preso pela Pol\u00edcia Federal dentro de um quartel em Niter\u00f3i, na regi\u00e3o metropolitana do Rio. Ele foi apontado como respons\u00e1vel por desenvolver dispositivos capazes de acoplar granadas aos drones e por treinar criminosos para o uso dos equipamentos durante ataques a grupos rivais.<\/p>\n<p class=\"postParagraph_post-paragraph__juWZN\">A requisi\u00e7\u00e3o para a transfer\u00eancia dos presos ocorreu ap\u00f3s a realiza\u00e7\u00e3o da Opera\u00e7\u00e3o Conten\u00e7\u00e3o, pelas pol\u00edcias civil e militar, que resultou na morte de 121 pessoas, entre eles dois policiais civis e dois militares do Batalh\u00e3o de Opera\u00e7\u00f5es Especiais (Bope). Os presos permanecem em pres\u00eddio de seguran\u00e7a m\u00e1xima do estado do Rio at\u00e9 a transfer\u00eancia para um pres\u00eddio federal.<\/p>\n<h2 class=\"postParagraph_post-paragraph__juWZN postParagraph_type-tag-h2__TtFkT\">Presos<\/h2>\n<p class=\"postParagraph_post-paragraph__juWZN\">A Justi\u00e7a esclareceu que os presos requisitados para transfer\u00eancia, exceto o cabo Riam, tinham condena\u00e7\u00f5es em processos sobre tr\u00e1fico de drogas e n\u00e3o foram presos durante a realiza\u00e7\u00e3o da Opera\u00e7\u00e3o Conten\u00e7\u00e3o. De acordo com a den\u00fancia, eles exercem lideran\u00e7a na fac\u00e7\u00e3o Comando Vermelho.<\/p>\n<\/div>\n<p><br \/>\n<br \/>Fonte: <a href=\"https:\/\/www.gazetadopovo.com.br\/republica\/sete-lideres-do-comando-vermelho-sao-transferidos-para-prisoes-federais\/\">Revista Oeste<\/a><\/p>\n","protected":false},"excerpt":{"rendered":"<p>O Tribunal de Justi\u00e7a do Rio de Janeiro decidiu nesta ter\u00e7a-feira (4) transferir para pres\u00eddios federais sete dos dez presos que, segundo o governo do Rio de Janeiro, atuariam no crime organizado como l\u00edderes do Comando Vermelho (CV). Segundo a Ag\u00eancia Brasil, os presos transferidos s\u00e3o: Arnaldo da Silva Dias, o \u201cNaldinho\u201d; Carlos Vinicius L\u00edrio [&hellip;]<\/p>\n","protected":false},"author":5,"featured_media":54555,"comment_status":"open","ping_status":"open","sticky":false,"template":"","format":"standard","meta":{"_seopress_robots_primary_cat":"","_seopress_titles_title":"","_seopress_titles_desc":"","_seopress_robots_index":"","footnotes":""},"categories":[1],"tags":[],"class_list":["post-54554","post","type-post","status-publish","format-standard","has-post-thumbnail","hentry","category-ultimas-noticias"],"_links":{"self":[{"href":"https:\/\/mussicom.com\/noticias\/wp-json\/wp\/v2\/posts\/54554","targetHints":{"allow":["GET"]}}],"collection":[{"href":"https:\/\/mussicom.com\/noticias\/wp-json\/wp\/v2\/posts"}],"about":[{"href":"https:\/\/mussicom.com\/noticias\/wp-json\/wp\/v2\/types\/post"}],"author":[{"embeddable":true,"href":"https:\/\/mussicom.com\/noticias\/wp-json\/wp\/v2\/users\/5"}],"replies":[{"embeddable":true,"href":"https:\/\/mussicom.com\/noticias\/wp-json\/wp\/v2\/comments?post=54554"}],"version-history":[{"count":0,"href":"https:\/\/mussicom.com\/noticias\/wp-json\/wp\/v2\/posts\/54554\/revisions"}],"wp:featuredmedia":[{"embeddable":true,"href":"https:\/\/mussicom.com\/noticias\/wp-json\/wp\/v2\/media\/54555"}],"wp:attachment":[{"href":"https:\/\/mussicom.com\/noticias\/wp-json\/wp\/v2\/media?parent=54554"}],"wp:term":[{"taxonomy":"category","embeddable":true,"href":"https:\/\/mussicom.com\/noticias\/wp-json\/wp\/v2\/categories?post=54554"},{"taxonomy":"post_tag","embeddable":true,"href":"https:\/\/mussicom.com\/noticias\/wp-json\/wp\/v2\/tags?post=54554"}],"curies":[{"name":"wp","href":"https:\/\/api.w.org\/{rel}","templated":true}]}}