{"id":54534,"date":"2025-11-04T18:36:16","date_gmt":"2025-11-04T21:36:16","guid":{"rendered":"https:\/\/mussicom.com\/cpf-dos-imoveis-pode-aumentar-iptu\/"},"modified":"2025-11-04T18:36:16","modified_gmt":"2025-11-04T21:36:16","slug":"cpf-dos-imoveis-pode-aumentar-iptu","status":"publish","type":"post","link":"https:\/\/mussicom.com\/noticias\/cpf-dos-imoveis-pode-aumentar-iptu\/","title":{"rendered":"&#8220;CPF dos Im\u00f3veis&#8221; pode aumentar IPTU"},"content":{"rendered":"<p> <br \/>\n<\/p>\n<div>\n<p class=\"postParagraph_post-paragraph__juWZN\">Um dos pilares da reforma tribut\u00e1ria, o Cadastro Imobili\u00e1rio Brasileiro (CIB), apelidado de &#8220;CPF dos Im\u00f3veis&#8221;, entra em vigor em 2026 e pode favorecer o aumento do IPTU em milhares de munic\u00edpios. Ao centralizar dados e criar um valor de refer\u00eancia nacional, o sistema fornecer\u00e1 \u00e0s prefeituras as ferramentas para corrigir valores venais eventualmente defasados, afetando diretamente o bolso dos donos de im\u00f3veis e a tributa\u00e7\u00e3o de alugu\u00e9is.<\/p>\n<h2 class=\"postParagraph_post-paragraph__juWZN postParagraph_type-tag-h2__TtFkT\">O que \u00e9 o CIB e por que ele pode gerar um aumento do IPTU?<\/h2>\n<p class=\"postParagraph_post-paragraph__juWZN\">O CIB foi institu\u00eddo pela Lei Complementar 214\/2025, que regulamentou parte da reforma tribut\u00e1ria sobre o consumo. O cadastro foi criado para dar suporte \u00e0 fiscaliza\u00e7\u00e3o do IBS e da CBS, respectivamente Imposto e Contribui\u00e7\u00e3o sobre Bens e Servi\u00e7os, que substituir\u00e3o cinco tributos atuais (ICMS, ISS, IPI, PIS e Cofins) a partir de 2027.<\/p>\n<p class=\"postParagraph_post-paragraph__juWZN\">A centraliza\u00e7\u00e3o de dados imobili\u00e1rios facilita o controle sobre opera\u00e7\u00f5es de loca\u00e7\u00e3o, que passar\u00e3o a ser tributadas pelo novo sistema. Embora o CIB n\u00e3o tenha sido criado para cobrar o IPTU, ele d\u00e1 \u00e0 Receita Federal visibilidade total sobre o patrim\u00f4nio imobili\u00e1rio do pa\u00eds e compartilha esses dados com os munic\u00edpios.<\/p>\n<p class=\"postParagraph_post-paragraph__juWZN\">O tributarista Samuel Miranda, do Rangel de Miranda Advogados Associados, acredita que o cen\u00e1rio de alta do IPTU \u00e9 mais prov\u00e1vel em cidades do interior. Segundo ele, nas capitais, o valor de refer\u00eancia para o imposto j\u00e1 est\u00e1 pr\u00f3ximo do praticado pelo mercado.<\/p>\n<p class=\"postParagraph_post-paragraph__juWZN\">O peso do IPTU nos cofres p\u00fablicos vem perdendo for\u00e7a desde 2019, quando correspondeu a 0,65% do PIB, de acordo com o Observat\u00f3rio de Pol\u00edtica Fiscal da Funda\u00e7\u00e3o Getulio Vargas (FGV). No ano passado, caiu para 0,59%. No mesmo per\u00edodo, a carga tribut\u00e1ria brasileira passou de 32,5% do PIB para 34,2%, segundo a mesma fonte.<\/p>\n<p class=\"postParagraph_post-paragraph__juWZN\">A perda de participa\u00e7\u00e3o do IPTU na arrecada\u00e7\u00e3o reflete, em parte, a defasagem dos valores venais. Enquanto o mercado imobili\u00e1rio se valorizou, muitas prefeituras n\u00e3o atualizaram suas bases de c\u00e1lculo, seja por falta de dados confi\u00e1veis, seja por resist\u00eancia pol\u00edtica a aumentos de impostos.<\/p>\n<h2 class=\"postParagraph_post-paragraph__juWZN postParagraph_type-tag-h2__TtFkT\">Fim da fragmenta\u00e7\u00e3o: como o &#8220;CPF dos Im\u00f3veis&#8221; unifica os dados<\/h2>\n<p class=\"postParagraph_post-paragraph__juWZN\">A informalidade nos contratos de aluguel e a omiss\u00e3o patrimonial ficam mais dif\u00edceis a partir de 2026. O CIB funciona como um identificador nacional \u00fanico para cada im\u00f3vel, seja urbano ou rural, centralizando informa\u00e7\u00f5es que at\u00e9 hoje permaneciam dispersas. O sistema integra dados de cart\u00f3rios de registro de im\u00f3veis, prefeituras, Receita Federal e Instituto Nacional de Coloniza\u00e7\u00e3o e Reforma Agr\u00e1ria (Incra).<\/p>\n<p class=\"postParagraph_post-paragraph__juWZN\">O advogado Vinicius Cunha, especialista em Direito Tribut\u00e1rio e s\u00f3cio da MCW Advogados, explica que o CIB responde a uma antiga demanda por maior controle e efici\u00eancia. Ele detalha que o cadastro permitir\u00e1 \u00e0s administra\u00e7\u00f5es tribut\u00e1rias acompanhar e fiscalizar de forma mais abrangente as opera\u00e7\u00f5es imobili\u00e1rias, com o cruzamento de informa\u00e7\u00f5es que tabelionatos, registros de im\u00f3veis e cadastros municipais mantinham fragmentadas.<\/p>\n<p class=\"postParagraph_post-paragraph__juWZN\">At\u00e9 agora, cada entidade tinha seu pr\u00f3prio n\u00famero para o mesmo bem:<\/p>\n<ul class=\"postList_post-list-container__W0E4y postList_visual-type-unordered-list__M8U7t\">\n<li class=\"postList_post-list-item__34Ck1\">O cart\u00f3rio de registro de im\u00f3veis (RGI) usava o n\u00famero de matr\u00edcula<\/li>\n<li class=\"postList_post-list-item__34Ck1\">A prefeitura, a inscri\u00e7\u00e3o imobili\u00e1ria para IPTU e licen\u00e7a de obra<\/li>\n<li class=\"postList_post-list-item__34Ck1\">O Incra, um n\u00famero espec\u00edfico para o im\u00f3vel rural<\/li>\n<\/ul>\n<p class=\"postParagraph_post-paragraph__juWZN\">O CIB acaba com essa fragmenta\u00e7\u00e3o e integra-se ao Sinter (Sistema Nacional de Gest\u00e3o de Informa\u00e7\u00f5es Territoriais). Com todos os im\u00f3veis cadastrados em um sistema \u00fanico, a Receita Federal ganha capacidade de fiscaliza\u00e7\u00e3o sem precedentes.<\/p>\n<h3 class=\"postParagraph_post-paragraph__juWZN postParagraph_type-tag-h3__xSAn9\">Receita fecha o cerco sobre a sonega\u00e7\u00e3o de alugu\u00e9is<\/h3>\n<p class=\"postParagraph_post-paragraph__juWZN\">Na pr\u00e1tica, o Fisco ter\u00e1 condi\u00e7\u00f5es de identificar inconsist\u00eancias entre as declara\u00e7\u00f5es de renda, os registros de ocupa\u00e7\u00e3o e os contratos formais. Quando o inquilino declarar que aluga um im\u00f3vel e o propriet\u00e1rio n\u00e3o declarar o rendimento, o Fisco encontrar\u00e1 sistematicamente essa diverg\u00eancia.<\/p>\n<p class=\"postParagraph_post-paragraph__juWZN\">A partir de janeiro de 2026, o propriet\u00e1rio que nunca declarou sua propriedade no Imposto de Renda ter\u00e1 de incluir o bem no CIB. O Fisco pode cobrar Imposto de Renda atrasado, multa de at\u00e9 150%, corre\u00e7\u00e3o monet\u00e1ria e juros (Selic) sobre os rendimentos de alugu\u00e9is n\u00e3o declarados nos \u00faltimos cinco anos. Para quem est\u00e1 nessa situa\u00e7\u00e3o, a \u00fanica solu\u00e7\u00e3o vi\u00e1vel \u00e9 a declara\u00e7\u00e3o espont\u00e2nea, que evita crime fiscal e permite parcelar os valores devidos.<\/p>\n<h2 class=\"postParagraph_post-paragraph__juWZN postParagraph_type-tag-h2__TtFkT\">Valor de refer\u00eancia nacional pressiona prefeituras a reajustar IPTU<\/h2>\n<p class=\"postParagraph_post-paragraph__juWZN\">Junto com o CIB, a Receita Federal estabeleceu regras para o compartilhamento de informa\u00e7\u00f5es pelo Sinter. Anualmente, o Fisco definir\u00e1 um valor de refer\u00eancia para cada bem, calculado com base em dados de mercado, caracter\u00edsticas f\u00edsicas e jur\u00eddicas do im\u00f3vel. A Receita divulgar\u00e1 a informa\u00e7\u00e3o no Cinter (Cadastro de Informa\u00e7\u00f5es Territoriais), criando um elo indireto com o IPTU.<\/p>\n<p class=\"postParagraph_post-paragraph__juWZN\">A prefeitura define o valor venal de cada im\u00f3vel e calcula o IPTU com base nele. Muitas cidades mant\u00eam valores venais desatualizados, abaixo do pre\u00e7o de mercado. A cria\u00e7\u00e3o de um banco de dados nacional com valor de refer\u00eancia que reflete o pre\u00e7o de mercado cria um ponto de compara\u00e7\u00e3o que as prefeituras n\u00e3o poder\u00e3o ignorar.<\/p>\n<p class=\"postParagraph_post-paragraph-innerHtml__Q5vwc\">O advogado Eduardo Natal, s\u00f3cio do escrit\u00f3rio Natal &amp; Manssur Advogados, avalia que o par\u00e2metro se tornar\u00e1 refer\u00eancia para a fiscaliza\u00e7\u00e3o, aumentando o cruzamento de informa\u00e7\u00f5es.<\/p>\n<p class=\"postParagraph_post-paragraph__juWZN\">Segundo Miranda, as prefeituras poder\u00e3o aumentar significativamente o IPTU. Ele aponta que em cidades menores e no interior os valores est\u00e3o muito defasados. &#8220;O CIB tornar\u00e1 muito plaus\u00edvel que v\u00e1rias cidades com valor venal defasado usem esse dado para atualizar o IPTU&#8221;, afirma.<\/p>\n<p class=\"postParagraph_post-paragraph__juWZN\">O racioc\u00ednio municipal \u00e9 simples: se o valor de refer\u00eancia indica que o im\u00f3vel vale muito mais do que o valor venal atual, a prefeitura pode concluir que deve cobrar mais. O CIB, portanto, n\u00e3o altera a lei do IPTU, mas fornece dados que podem justificar a corre\u00e7\u00e3o dos valores venais defasados. A decis\u00e3o de reajustar a base de c\u00e1lculo do imposto, por\u00e9m, cabe a cada munic\u00edpio.<\/p>\n<h3 class=\"postParagraph_post-paragraph__juWZN postParagraph_type-tag-h3__xSAn9\">Os efeitos da nova tributa\u00e7\u00e3o de alugu\u00e9is com a reforma tribut\u00e1ria<\/h3>\n<p class=\"postParagraph_post-paragraph__juWZN\">Para os propriet\u00e1rios que se enquadrarem nas novas regras de IBS e CBS sobre loca\u00e7\u00e3o, o Fisco n\u00e3o cobrar\u00e1 o IPTU em dobro. O contribuinte pode abater o IPTU da base de c\u00e1lculo do novo imposto sobre consumo.<\/p>\n<p class=\"postParagraph_post-paragraph__juWZN\">A reforma tribut\u00e1ria visa evitar distor\u00e7\u00f5es na conta do aluguel. IBS e CBS incidir\u00e3o sobre o valor do aluguel, juros e multas. A lei prev\u00ea, contudo, que o contribuinte remova condom\u00ednio, IPTU e emolumentos da base de c\u00e1lculo.<\/p>\n<p class=\"postParagraph_post-paragraph__juWZN\">A tributarista Bianca Xavier, professora da FGV Direito Rio, explica que, na apura\u00e7\u00e3o do tributo, o contribuinte pode descontar o valor dos impostos (como o IPTU) e do condom\u00ednio.<\/p>\n<p class=\"postParagraph_post-paragraph__juWZN\">Este mecanismo impede que o propriet\u00e1rio pague o novo imposto sobre custos que apenas repassa, como o IPTU. O imposto predial permanece como um custo municipal. O propriet\u00e1rio o paga diretamente ou o repassa ao inquilino, mas o retira da base de c\u00e1lculo de  IBS e CBS.<\/p>\n<h3 class=\"postParagraph_post-paragraph__juWZN postParagraph_type-tag-h3__xSAn9\">Quem ser\u00e1 tributado por IBS e CBS na loca\u00e7\u00e3o?<\/h3>\n<p class=\"postParagraph_post-paragraph__juWZN\">O novo regime de tributa\u00e7\u00e3o sobre alugu\u00e9is come\u00e7a em 2027. O Fisco tributar\u00e1 apenas pessoas f\u00edsicas com atividade econ\u00f4mica que preencham dois crit\u00e9rios cumulativos:<\/p>\n<ul class=\"postList_post-list-container__W0E4y postList_visual-type-unordered-list__M8U7t\">\n<li class=\"postList_post-list-item__34Ck1\">Possuir mais de tr\u00eas im\u00f3veis alugados<\/li>\n<li class=\"postList_post-list-item__34Ck1\">Ter receita anual de alugu\u00e9is superior a R$ 240 mil (corrigidos pelo IPCA)<\/li>\n<\/ul>\n<p class=\"postParagraph_post-paragraph__juWZN\">Quem n\u00e3o atender a ambos os crit\u00e9rios permanece no regime atual de tributa\u00e7\u00e3o pela tabela progressiva do Imposto de Renda.<\/p>\n<p class=\"postParagraph_post-paragraph__juWZN\">Para quem se enquadrar, a al\u00edquota ser\u00e1 reduzida em 70% em rela\u00e7\u00e3o \u00e0 al\u00edquota padr\u00e3o de IBS e CBS. Existe ainda um abatimento mensal de R$ 600 na base de c\u00e1lculo para loca\u00e7\u00e3o residencial.<\/p>\n<h2 class=\"postParagraph_post-paragraph__juWZN postParagraph_type-tag-h2__TtFkT\">O que esperar: custos repassados e a\u00e7\u00f5es imediatas<\/h2>\n<p class=\"postParagraph_post-paragraph__juWZN\">A implementa\u00e7\u00e3o do CIB e a poss\u00edvel atualiza\u00e7\u00e3o do IPTU trazem consequ\u00eancias diretas ao mercado imobili\u00e1rio. Se as prefeituras reajustarem o IPTU, propriet\u00e1rios tender\u00e3o a repassar o custo aos inquilinos.<\/p>\n<p class=\"postParagraph_post-paragraph__juWZN\">Al\u00e9m do IPTU, a nova incid\u00eancia de IBS e CBS sobre loca\u00e7\u00f5es de alto volume a partir de 2027 elevar\u00e1 os pre\u00e7os. O advogado Vinicius Cunha orienta que os locadores insiram cl\u00e1usulas contratuais, via aditivos, prevendo expressamente o repasse do IBS e CBS.<\/p>\n<p class=\"postParagraph_post-paragraph__juWZN\">A tributarista Andressa Sehn da Costa, s\u00f3cia da \u00e1rea de entidades no escrit\u00f3rio Rafael Pandolfo Advogados Associado, ressalta que a Lei Complementar 214\/2025 estabelece prazos apertados para adequa\u00e7\u00e3o dos contratos em vig\u00eancia, com limite em 31 de dezembro de 2025.<\/p>\n<p class=\"postParagraph_post-paragraph__juWZN\">Propriet\u00e1rios com contratos antigos (com firma reconhecida antes de janeiro de 2025) t\u00eam at\u00e9 essa data para registrar o contrato no Registro Geral de Im\u00f3veis (RGI) e ter direito a uma redu\u00e7\u00e3o ainda maior do novo imposto.<\/p>\n<h3 class=\"postParagraph_post-paragraph__juWZN postParagraph_type-tag-h3__xSAn9\">O que os donos de im\u00f3veis devem fazer agora com a reforma tribut\u00e1ria?<\/h3>\n<p class=\"postParagraph_post-paragraph__juWZN\">O impacto no bolso vir\u00e1 de dois lados. Primeiro, a poss\u00edvel atualiza\u00e7\u00e3o de valores venais defasados pelas prefeituras, com consequente reajuste do IPTU. Segundo, a nova tributa\u00e7\u00e3o sobre loca\u00e7\u00f5es de alto volume (mais de tr\u00eas im\u00f3veis e receita anual acima de R$ 240 mil). Propriet\u00e1rios tendem a repassar ambos os custos aos inquilinos, elevando o pre\u00e7o dos alugu\u00e9is.<\/p>\n<p class=\"postParagraph_post-paragraph__juWZN\">Os especialistas recomendam tr\u00eas a\u00e7\u00f5es imediatas:<\/p>\n<ul class=\"postList_post-list-container__W0E4y postList_visual-type-unordered-list__M8U7t\">\n<li class=\"postList_post-list-item__34Ck1\"><span><strong>Regularizar contratos de aluguel:<\/strong> Propriet\u00e1rios com contratos antigos devem registr\u00e1-los no RGI at\u00e9 31 de dezembro de 2025 para garantir redu\u00e7\u00e3o adicional do IBS\/CBS.<\/span><\/li>\n<li class=\"postList_post-list-item__34Ck1\"><span><strong>Declarar rendimentos omitidos:<\/strong> Quem nunca declarou alugu\u00e9is deve fazer declara\u00e7\u00e3o espont\u00e2nea antes de 2026, evitando multas de at\u00e9 150%.<\/span><\/li>\n<li class=\"postList_post-list-item__34Ck1\"><span><strong>Revisar estrat\u00e9gia tribut\u00e1ria:<\/strong> Propriet\u00e1rios com mais de tr\u00eas im\u00f3veis e receita anual acima de R$ 240 mil devem consultar um tributarista para avaliar o impacto do novo regime.<\/span><\/li>\n<\/ul>\n<\/div>\n<p><br \/>\n<br \/>Fonte: <a href=\"https:\/\/www.gazetadopovo.com.br\/economia\/reforma-tributaria-cpf-imoveis-aumento-iptu\/\">Gazeta do Povo<\/a><\/p>\n","protected":false},"excerpt":{"rendered":"<p>Um dos pilares da reforma tribut\u00e1ria, o Cadastro Imobili\u00e1rio Brasileiro (CIB), apelidado de &#8220;CPF dos Im\u00f3veis&#8221;, entra em vigor em 2026 e pode favorecer o aumento do IPTU em milhares de munic\u00edpios. Ao centralizar dados e criar um valor de refer\u00eancia nacional, o sistema fornecer\u00e1 \u00e0s prefeituras as ferramentas para corrigir valores venais eventualmente defasados, [&hellip;]<\/p>\n","protected":false},"author":5,"featured_media":54535,"comment_status":"open","ping_status":"open","sticky":false,"template":"","format":"standard","meta":{"_seopress_robots_primary_cat":"","_seopress_titles_title":"","_seopress_titles_desc":"","_seopress_robots_index":"","footnotes":""},"categories":[45],"tags":[],"class_list":["post-54534","post","type-post","status-publish","format-standard","has-post-thumbnail","hentry","category-economia"],"_links":{"self":[{"href":"https:\/\/mussicom.com\/noticias\/wp-json\/wp\/v2\/posts\/54534","targetHints":{"allow":["GET"]}}],"collection":[{"href":"https:\/\/mussicom.com\/noticias\/wp-json\/wp\/v2\/posts"}],"about":[{"href":"https:\/\/mussicom.com\/noticias\/wp-json\/wp\/v2\/types\/post"}],"author":[{"embeddable":true,"href":"https:\/\/mussicom.com\/noticias\/wp-json\/wp\/v2\/users\/5"}],"replies":[{"embeddable":true,"href":"https:\/\/mussicom.com\/noticias\/wp-json\/wp\/v2\/comments?post=54534"}],"version-history":[{"count":0,"href":"https:\/\/mussicom.com\/noticias\/wp-json\/wp\/v2\/posts\/54534\/revisions"}],"wp:featuredmedia":[{"embeddable":true,"href":"https:\/\/mussicom.com\/noticias\/wp-json\/wp\/v2\/media\/54535"}],"wp:attachment":[{"href":"https:\/\/mussicom.com\/noticias\/wp-json\/wp\/v2\/media?parent=54534"}],"wp:term":[{"taxonomy":"category","embeddable":true,"href":"https:\/\/mussicom.com\/noticias\/wp-json\/wp\/v2\/categories?post=54534"},{"taxonomy":"post_tag","embeddable":true,"href":"https:\/\/mussicom.com\/noticias\/wp-json\/wp\/v2\/tags?post=54534"}],"curies":[{"name":"wp","href":"https:\/\/api.w.org\/{rel}","templated":true}]}}