{"id":54518,"date":"2025-11-04T16:16:29","date_gmt":"2025-11-04T19:16:29","guid":{"rendered":"https:\/\/mussicom.com\/senadores-querem-ouvir-lewandowski-mucio-e-diretores-da-pf-na-cpi\/"},"modified":"2025-11-04T16:16:29","modified_gmt":"2025-11-04T19:16:29","slug":"senadores-querem-ouvir-lewandowski-mucio-e-diretores-da-pf-na-cpi","status":"publish","type":"post","link":"https:\/\/mussicom.com\/noticias\/senadores-querem-ouvir-lewandowski-mucio-e-diretores-da-pf-na-cpi\/","title":{"rendered":"Senadores querem ouvir Lewandowski, M\u00facio e diretores da PF na CPI"},"content":{"rendered":"<p> <br \/>\n<\/p>\n<div>\n<p class=\"postParagraph_post-paragraph__juWZN\">Os senadores da Comiss\u00e3o Parlamentar de Inqu\u00e9rito (CPI) do Crime Organizado aprovaram nesta ter\u00e7a (4) diversos requerimentos para ouvir autoridades envolvidas nas pol\u00edticas de seguran\u00e7a p\u00fablica, entre eles os ministros Ricardo Lewandowski (Justi\u00e7a) e Jos\u00e9 M\u00facio Monteiro (Defesa) e diretores da Pol\u00edcia Federal.<\/p>\n<p class=\"postParagraph_post-paragraph-innerHtml__Q5vwc\">A aprova\u00e7\u00e3o dos requerimentos de convite \u2013 o que dispensa o comparecimento obrigat\u00f3rio \u2013 ocorreu na mesma sess\u00e3o que instalou o colegiado no Senado e que ter\u00e1 o senador governista Fabiano Contarato (PT-ES) como presidente. A oposi\u00e7\u00e3o ficou com a vice-presid\u00eancia para o senador Hamilton Mour\u00e3o (Rep\u00fablicanos-RS), enquanto que o proponente da CPI, Alessandro Vieira (MDB-SE), ficou com a relatoria.<\/p>\n<p class=\"postParagraph_post-paragraph__juWZN\">Entre os v\u00e1rios requerimentos aprovados, tamb\u00e9m ser\u00e3o ouvidos nas pr\u00f3ximas sess\u00f5es em datas a serem agendadas:<\/p>\n<ul class=\"postList_post-list-container__W0E4y postList_visual-type-unordered-list__M8U7t\">\n<li class=\"postList_post-list-item__34Ck1\">Andrei Rodrigues, diretor-geral da Pol\u00edcia Federal;<\/li>\n<li class=\"postList_post-list-item__34Ck1\">Leandro Almada (PF), diretor da Diretoria de Intelig\u00eancia Policial da PF;<\/li>\n<li class=\"postList_post-list-item__34Ck1\">Luis Otavio Gouveia, diretor da Secretaria Nacional de Pol\u00edticas Penais (Senappen);<\/li>\n<li class=\"postList_post-list-item__34Ck1\">Luiz Fernando Corr\u00eaa, diretor Ag\u00eancia Brasileira de Intelig\u00eancia (Abin).<\/li>\n<\/ul>\n<div class=\"postViewMore_post-view-more-container___5wai\" data-mrf-recirculation=\"Post - Veja tamb\u00e9m\">\n<p class=\"gp-styles-module-size-small-afeYRa gp-styles-module-font-family2-afeYRa gp-styles-module-color-secondary-afeYRa gp-styles-module-weight-bold-afeYRa\">VEJA TAMB\u00c9M:<\/p>\n<ul class=\"postViewMore_post-view-more-list__CU_CE\">\n<li class=\"postViewMore_post-view-more-item__2MzRb\">\n<div class=\"postViewMore_post-view-more-image__5gUSe\"><picture class=\"imageDefault_image-container__XGd8_\"><\/picture><\/div>\n<p>Lula chama opera\u00e7\u00e3o policial no Rio de \u201cmatan\u00e7a\u201d e quer investiga\u00e7\u00e3o federal<\/li>\n<\/ul>\n<\/div>\n<p class=\"postParagraph_post-paragraph__juWZN\">A CPI tamb\u00e9m pretende ouvir especialistas na \u00e1rea de seguran\u00e7a p\u00fablica e outras autoridades, al\u00e9m de solicitar informa\u00e7\u00f5es de \u00f3rg\u00e3os correlatos. O colegiado ter\u00e1 120 de prazo para concluir os trabalhos e \u00e9 formado por 11 senadores titulares e 11 suplentes.<\/p>\n<p class=\"postParagraph_post-paragraph__juWZN\">Durante a elei\u00e7\u00e3o da presid\u00eancia da comiss\u00e3o, mais cedo, houve discuss\u00e3o entre senadores da base governista e da oposi\u00e7\u00e3o, e o governo saiu vitorioso com uma vota\u00e7\u00e3o apertada de 6 a 5 para eleger Contarato. J\u00e1 a elei\u00e7\u00e3o de Mour\u00e3o como vice-presidente ocorreu ap\u00f3s um pedido das senadoras Damares Alves (Republicanos-DF) e Soraya Thronicke (Podemos-MS), dado ao alto volume de trabalho que o colegiado deve ter.<\/p>\n<p class=\"postParagraph_post-paragraph__juWZN\">Apesar de ser da base governista, Fabiano Contarato afirmou que trabalhar\u00e1 com independ\u00eancia. \u201cN\u00e3o tenham d\u00favida do meu comprometimento com essa CPI, o que me move est\u00e1 na pol\u00edtica. \u00c9 ter a capacidade de dialogar com os diferentes, de convergir com os antag\u00f4nicos\u201d, pontuou.<\/p>\n<p class=\"postParagraph_post-paragraph__juWZN\">A CPI vai investigar a estrutura, expans\u00e3o e o funcionamento do crime organizado, com \u00eanfase na atua\u00e7\u00e3o de mil\u00edcias e fac\u00e7\u00f5es criminosas \u2013 principalmente o PCC e o Comando Vermelho. A iniciativa ocorre em um momento em que o Congresso Nacional tem intensificado o debate sobre seguran\u00e7a p\u00fablica.<\/p>\n<p class=\"postParagraph_post-paragraph__juWZN\">C\u00e2mara e Senado v\u00eam aprovando projetos que endurecem penas e ampliam tipos penais, enquanto o Supremo Tribunal Federal busca impor limites \u00e0 letalidade policial, por meio da ADPF 635, conhecida como \u201cADPF das Favelas\u201d.<\/p>\n<\/div>\n<p><br \/>\n<br \/>Fonte: <a href=\"https:\/\/www.gazetadopovo.com.br\/republica\/senadores-ouvir-lewandowski-mucio-diretores-pf-cpi\/\">Revista Oeste<\/a><\/p>\n","protected":false},"excerpt":{"rendered":"<p>Os senadores da Comiss\u00e3o Parlamentar de Inqu\u00e9rito (CPI) do Crime Organizado aprovaram nesta ter\u00e7a (4) diversos requerimentos para ouvir autoridades envolvidas nas pol\u00edticas de seguran\u00e7a p\u00fablica, entre eles os ministros Ricardo Lewandowski (Justi\u00e7a) e Jos\u00e9 M\u00facio Monteiro (Defesa) e diretores da Pol\u00edcia Federal. A aprova\u00e7\u00e3o dos requerimentos de convite \u2013 o que dispensa o comparecimento [&hellip;]<\/p>\n","protected":false},"author":5,"featured_media":54519,"comment_status":"open","ping_status":"open","sticky":false,"template":"","format":"standard","meta":{"_seopress_robots_primary_cat":"","_seopress_titles_title":"","_seopress_titles_desc":"","_seopress_robots_index":"","footnotes":""},"categories":[1],"tags":[],"class_list":["post-54518","post","type-post","status-publish","format-standard","has-post-thumbnail","hentry","category-ultimas-noticias"],"_links":{"self":[{"href":"https:\/\/mussicom.com\/noticias\/wp-json\/wp\/v2\/posts\/54518","targetHints":{"allow":["GET"]}}],"collection":[{"href":"https:\/\/mussicom.com\/noticias\/wp-json\/wp\/v2\/posts"}],"about":[{"href":"https:\/\/mussicom.com\/noticias\/wp-json\/wp\/v2\/types\/post"}],"author":[{"embeddable":true,"href":"https:\/\/mussicom.com\/noticias\/wp-json\/wp\/v2\/users\/5"}],"replies":[{"embeddable":true,"href":"https:\/\/mussicom.com\/noticias\/wp-json\/wp\/v2\/comments?post=54518"}],"version-history":[{"count":0,"href":"https:\/\/mussicom.com\/noticias\/wp-json\/wp\/v2\/posts\/54518\/revisions"}],"wp:featuredmedia":[{"embeddable":true,"href":"https:\/\/mussicom.com\/noticias\/wp-json\/wp\/v2\/media\/54519"}],"wp:attachment":[{"href":"https:\/\/mussicom.com\/noticias\/wp-json\/wp\/v2\/media?parent=54518"}],"wp:term":[{"taxonomy":"category","embeddable":true,"href":"https:\/\/mussicom.com\/noticias\/wp-json\/wp\/v2\/categories?post=54518"},{"taxonomy":"post_tag","embeddable":true,"href":"https:\/\/mussicom.com\/noticias\/wp-json\/wp\/v2\/tags?post=54518"}],"curies":[{"name":"wp","href":"https:\/\/api.w.org\/{rel}","templated":true}]}}