{"id":54414,"date":"2025-11-03T16:35:14","date_gmt":"2025-11-03T19:35:14","guid":{"rendered":"https:\/\/mussicom.com\/vitor-roque-e-convocado-para-a-selecao-e-vai-desfalcar-o-palmeiras-contra-o-santos-na-vila\/"},"modified":"2025-11-03T16:35:14","modified_gmt":"2025-11-03T19:35:14","slug":"vitor-roque-e-convocado-para-a-selecao-e-vai-desfalcar-o-palmeiras-contra-o-santos-na-vila","status":"publish","type":"post","link":"https:\/\/mussicom.com\/noticias\/vitor-roque-e-convocado-para-a-selecao-e-vai-desfalcar-o-palmeiras-contra-o-santos-na-vila\/","title":{"rendered":"Vitor Roque \u00e9 convocado para a Sele\u00e7\u00e3o e vai desfalcar o Palmeiras contra o Santos na Vila"},"content":{"rendered":"<p> <br \/>\n<\/p>\n<div>\n<div id=\"attachment_175476\" style=\"width: 971px\" class=\"wp-caption aligncenter\"><\/p>\n<p id=\"caption-attachment-175476\" class=\"wp-caption-text\">Vitor Roque foi convocado pela Sele\u00e7\u00e3o Brasileira para amistosos no meio de novembro (Cr\u00e9dito: Divulga\u00e7\u00e3o)<\/p>\n<\/div>\n<p>O atacante Vitor Roque foi convocado pela Sele\u00e7\u00e3o Brasileira para a Data Fifa e vai desfalcar o Palmeiras diante do <strong>Santo<\/strong>s no pr\u00f3ximo s\u00e1bado (15), \u00e0s 21 horas, na Vila Belmiro, em jogo atrasado v\u00e1lido pela 13\u00aa rodada do Brasileir\u00e3o. O Brasil joga no mesmo dia 15 em amistoso contra o Senegal, \u00e0s 13 horas (Bras\u00edlia), no Emirates Stadium, em Londres.<\/p>\n<p>Al\u00e9m disso, o time do t\u00e9cnico Abel Ferreira poder\u00e1 perder o volante An\u00edbal Moreno e o atacante Flaco L\u00f3pez, que aguardam a convoca\u00e7\u00e3o da Sele\u00e7\u00e3o Argentina. Os hermanos ter\u00e3o amistosos na sexta-feira (14) diante da Angola. O lateral Joaqu\u00edn Piquerez e o meia-atacante Facundo Torres, tamb\u00e9m palmeirenses, aguardam a Sele\u00e7\u00e3o Uruguaia.<\/p>\n<p><em><strong>Leia tamb\u00e9m:<\/strong> Jo\u00e3o Pedro projeta estreia do Brasil contra a Honduras na Copa do Mundo Sub-17<\/em><\/p>\n<p>Eles podem ser convocados pela Celeste que faz amistoso contra M\u00e9xico no dia do cl\u00e1ssico. Sem contar a Sele\u00e7\u00e3o Paraguaia, que pode convocar zagueiros e desfalcar ambos os times. O Gustavo Gom\u00e9z pelo Palmeiras e o Alexis Duarte pelo Peixe. A Albirroja faz amistoso contra os Estados Unidos tamb\u00e9m no s\u00e1bado do duelo.<\/p>\n<p>Vojvoda poder\u00e1 montar um Alvinegro visando os poss\u00edveis desfalques do rival da Barra Funda. Antes do confronto, Santos e Palmeiras se enfrentam nesta quinta-feira (06), \u00e0s 21h30min, no Allianz Parque. Depois, o time santista ainda duela contra o Flamengo no domingo (09), \u00e0s 18h30min, no Maracan\u00e3. Santos vai enfrentar os finalistas da Libertadores fora de casa.<\/p>\n<\/p><\/div>\n<p><br \/>\n<br \/>Fonte: <a href=\"https:\/\/www.diariodopeixe.com.br\/noticias\/vitor-roque-e-convocado-para-a-selecao-e-vai-desfalcar-o-palmeiras-contra-o-santos-na-vila\/\">Placar<\/a><\/p>\n","protected":false},"excerpt":{"rendered":"<p>Vitor Roque foi convocado pela Sele\u00e7\u00e3o Brasileira para amistosos no meio de novembro (Cr\u00e9dito: Divulga\u00e7\u00e3o) O atacante Vitor Roque foi convocado pela Sele\u00e7\u00e3o Brasileira para a Data Fifa e vai desfalcar o Palmeiras diante do Santos no pr\u00f3ximo s\u00e1bado (15), \u00e0s 21 horas, na Vila Belmiro, em jogo atrasado v\u00e1lido pela 13\u00aa rodada do Brasileir\u00e3o. [&hellip;]<\/p>\n","protected":false},"author":5,"featured_media":54415,"comment_status":"open","ping_status":"open","sticky":false,"template":"","format":"standard","meta":{"_seopress_robots_primary_cat":"","_seopress_titles_title":"","_seopress_titles_desc":"","_seopress_robots_index":"","footnotes":""},"categories":[55],"tags":[],"class_list":["post-54414","post","type-post","status-publish","format-standard","has-post-thumbnail","hentry","category-santos-fc"],"_links":{"self":[{"href":"https:\/\/mussicom.com\/noticias\/wp-json\/wp\/v2\/posts\/54414","targetHints":{"allow":["GET"]}}],"collection":[{"href":"https:\/\/mussicom.com\/noticias\/wp-json\/wp\/v2\/posts"}],"about":[{"href":"https:\/\/mussicom.com\/noticias\/wp-json\/wp\/v2\/types\/post"}],"author":[{"embeddable":true,"href":"https:\/\/mussicom.com\/noticias\/wp-json\/wp\/v2\/users\/5"}],"replies":[{"embeddable":true,"href":"https:\/\/mussicom.com\/noticias\/wp-json\/wp\/v2\/comments?post=54414"}],"version-history":[{"count":0,"href":"https:\/\/mussicom.com\/noticias\/wp-json\/wp\/v2\/posts\/54414\/revisions"}],"wp:featuredmedia":[{"embeddable":true,"href":"https:\/\/mussicom.com\/noticias\/wp-json\/wp\/v2\/media\/54415"}],"wp:attachment":[{"href":"https:\/\/mussicom.com\/noticias\/wp-json\/wp\/v2\/media?parent=54414"}],"wp:term":[{"taxonomy":"category","embeddable":true,"href":"https:\/\/mussicom.com\/noticias\/wp-json\/wp\/v2\/categories?post=54414"},{"taxonomy":"post_tag","embeddable":true,"href":"https:\/\/mussicom.com\/noticias\/wp-json\/wp\/v2\/tags?post=54414"}],"curies":[{"name":"wp","href":"https:\/\/api.w.org\/{rel}","templated":true}]}}