{"id":54378,"date":"2025-11-03T07:44:17","date_gmt":"2025-11-03T10:44:17","guid":{"rendered":"https:\/\/mussicom.com\/moraes-comeca-semana-apos-operacao-com-agenda-no-rio\/"},"modified":"2025-11-03T07:44:17","modified_gmt":"2025-11-03T10:44:17","slug":"moraes-comeca-semana-apos-operacao-com-agenda-no-rio","status":"publish","type":"post","link":"https:\/\/mussicom.com\/noticias\/moraes-comeca-semana-apos-operacao-com-agenda-no-rio\/","title":{"rendered":"Moraes come\u00e7a semana ap\u00f3s opera\u00e7\u00e3o com agenda no Rio"},"content":{"rendered":"<p> <br \/>\n<\/p>\n<div>\n<p class=\"postParagraph_post-paragraph__juWZN\">O ministro do Supremo Tribunal Federal Alexandre de Moraes conduzir\u00e1, nesta segunda-feira (3), uma audi\u00eancia p\u00fablica com a participa\u00e7\u00e3o do governador do estado do Rio de Janeiro, Cl\u00e1udio Castro. Moraes chegar\u00e1 ao estado \u00e0s 10h, e a audi\u00eancia p\u00fablica est\u00e1 prevista para come\u00e7ar \u00e0s 11h, e ocorrer\u00e1 no Centro Integrado de Comando e Controle.<\/p>\n<p class=\"postParagraph_post-paragraph__juWZN\">A pauta da audi\u00eancia \u00e9 a Opera\u00e7\u00e3o Conten\u00e7\u00e3o. Moraes \u00e9 relator da Argui\u00e7\u00e3o de Descumprimento de Preceito Fundamental n\u00ba 635 (ADPF das Favelas), que visa definir crit\u00e9rios para a realiza\u00e7\u00e3o de opera\u00e7\u00f5es policiais em favelas. A a\u00e7\u00e3o estava sob relatoria do agora ministro aposentado Lu\u00eds Roberto Barroso. Apesar disso, Moraes \u00e9 o ministro com mais processos sob sua relatoria (2.635), com exce\u00e7\u00e3o, por raz\u00f5es burocr\u00e1ticas, do pr\u00f3prio presidente do STF, ministro Edson Fachin.<\/p>\n<p class=\"postParagraph_post-paragraph__juWZN\">Moraes deve exigir do governador detalhes sobre a opera\u00e7\u00e3o, para averiguar se o grau de for\u00e7a utilizado no combate ao Comando Vermelho foi justific\u00e1vel. Al\u00e9m disso, Castro dever\u00e1 apresentar a Moraes relat\u00f3rios detalhados sobre os resultados da opera\u00e7\u00e3o, al\u00e9m de informar quais medidas foram tomadas para evitar poss\u00edveis abusos de direito durante a condu\u00e7\u00e3o da opera\u00e7\u00e3o.<\/p>\n<div class=\"postViewMore_post-view-more-container___5wai\" data-mrf-recirculation=\"Post - Veja tamb\u00e9m\">\n<p class=\"gp-styles-module-size-small-afeYRa gp-styles-module-font-family2-afeYRa gp-styles-module-color-secondary-afeYRa gp-styles-module-weight-bold-afeYRa\">VEJA TAMB\u00c9M:<\/p>\n<ul class=\"postViewMore_post-view-more-list__CU_CE\">\n<li class=\"postViewMore_post-view-more-item__2MzRb\"><span class=\"postViewMore_post-view-more-link-icon___stPC\"><svg xmlns=\"http:\/\/www.w3.org\/2000\/svg\" width=\"16\" height=\"16\" viewbox=\"0 0 16 16\"><rect width=\"16\" height=\"16\" fill=\"none\"\/><g transform=\"translate(3 3)\"><path d=\"M22.5,15l3.4,3.4-3.4,3.4\" transform=\"translate(-15.896 -11.793)\" fill=\"none\" stroke=\"#717171\" stroke-linecap=\"round\" stroke-width=\"1.4\"\/><path d=\"M6,6v4.2a2.452,2.452,0,0,0,2.5,2.4H16\" transform=\"translate(-6 -6)\" fill=\"none\" stroke=\"#717171\" stroke-linecap=\"round\" stroke-width=\"1.4\"\/><\/g><\/svg><\/span><span class=\"postViewMore_post-view-more-link-text__hO_kM\">CPI do Crime Organizado vai investigar expans\u00e3o e infiltra\u00e7\u00e3o das fac\u00e7\u00f5es<\/span><\/li>\n<li class=\"postViewMore_post-view-more-item__2MzRb\"><span class=\"postViewMore_post-view-more-link-icon___stPC\"><svg xmlns=\"http:\/\/www.w3.org\/2000\/svg\" width=\"16\" height=\"16\" viewbox=\"0 0 16 16\"><rect width=\"16\" height=\"16\" fill=\"none\"\/><g transform=\"translate(3 3)\"><path d=\"M22.5,15l3.4,3.4-3.4,3.4\" transform=\"translate(-15.896 -11.793)\" fill=\"none\" stroke=\"#717171\" stroke-linecap=\"round\" stroke-width=\"1.4\"\/><path d=\"M6,6v4.2a2.452,2.452,0,0,0,2.5,2.4H16\" transform=\"translate(-6 -6)\" fill=\"none\" stroke=\"#717171\" stroke-linecap=\"round\" stroke-width=\"1.4\"\/><\/g><\/svg><\/span><span class=\"postViewMore_post-view-more-link-text__hO_kM\">Genial\/Quaest: 62% reprovam governo Lula na seguran\u00e7a p\u00fablica<\/span><\/li>\n<\/ul>\n<\/div>\n<p class=\"postParagraph_post-paragraph__juWZN\">Al\u00e9m do governador, Moraes deve ouvir o presidente do Tribunal de Justi\u00e7a do estado do Rio de Janeiro, Ricardo Couto de Castro (\u00e0s 13h30), o procurador-geral de justi\u00e7a do estado do Rio de Janeiro, Antonio Jos\u00e9 Campos Moreira (\u00e0s 15h), o defensor p\u00fablico-geral do Rio de Janeiro, Paulo Vin\u00edcius Cozzolino (\u00e0s 16h30) e o prefeito do Rio de Janeiro, Eduardo Paes (PSD, \u00e0s 18h).<\/p>\n<p class=\"postParagraph_post-paragraph__juWZN\">Na reuni\u00e3o com Castro, tamb\u00e9m participar\u00e3o o secret\u00e1rio de Seguran\u00e7a P\u00fablica, Victor Santos, o secret\u00e1rio da Pol\u00edcia Civil, Felipe Curi, o secret\u00e1rio da Pol\u00edcia Militar, coronel Marcelo de Menezes Nogueira e o diretor da Superintend\u00eancia-Geral de Pol\u00edcia T\u00e9cnica Cient\u00edfica, Waldyr Ramos.<\/p>\n<p class=\"postParagraph_post-paragraph__juWZN\">Fruto do esfor\u00e7o conjunto entre o Minist\u00e9rio P\u00fablico do estado de S\u00e3o Paulo e as pol\u00edcias fluminenses, a opera\u00e7\u00e3o buscou combater a expans\u00e3o do Comando Vermelho por favelas do Rio de Janeiro. O resultado final inclui 113 presos e 120 armas apreendidas, sendo 93 fuzis. A pol\u00eamica que motiva Moraes a visitar o estado \u00e9 o total de mortos da opera\u00e7\u00e3o: 121 pessoas morreram, segundo o governo estadual, incluindo quatro policiais, al\u00e9m de nove chefes do tr\u00e1fico de drogas.<\/p>\n<\/div>\n<p><br \/>\n<br \/>Fonte: <a href=\"https:\/\/www.gazetadopovo.com.br\/republica\/moraes-comeca-semana-apos-operacao-com-agenda-no-rio\/\">Revista Oeste<\/a><\/p>\n","protected":false},"excerpt":{"rendered":"<p>O ministro do Supremo Tribunal Federal Alexandre de Moraes conduzir\u00e1, nesta segunda-feira (3), uma audi\u00eancia p\u00fablica com a participa\u00e7\u00e3o do governador do estado do Rio de Janeiro, Cl\u00e1udio Castro. Moraes chegar\u00e1 ao estado \u00e0s 10h, e a audi\u00eancia p\u00fablica est\u00e1 prevista para come\u00e7ar \u00e0s 11h, e ocorrer\u00e1 no Centro Integrado de Comando e Controle. A [&hellip;]<\/p>\n","protected":false},"author":5,"featured_media":54379,"comment_status":"open","ping_status":"open","sticky":false,"template":"","format":"standard","meta":{"_seopress_robots_primary_cat":"","_seopress_titles_title":"","_seopress_titles_desc":"","_seopress_robots_index":"","footnotes":""},"categories":[1],"tags":[],"class_list":["post-54378","post","type-post","status-publish","format-standard","has-post-thumbnail","hentry","category-ultimas-noticias"],"_links":{"self":[{"href":"https:\/\/mussicom.com\/noticias\/wp-json\/wp\/v2\/posts\/54378","targetHints":{"allow":["GET"]}}],"collection":[{"href":"https:\/\/mussicom.com\/noticias\/wp-json\/wp\/v2\/posts"}],"about":[{"href":"https:\/\/mussicom.com\/noticias\/wp-json\/wp\/v2\/types\/post"}],"author":[{"embeddable":true,"href":"https:\/\/mussicom.com\/noticias\/wp-json\/wp\/v2\/users\/5"}],"replies":[{"embeddable":true,"href":"https:\/\/mussicom.com\/noticias\/wp-json\/wp\/v2\/comments?post=54378"}],"version-history":[{"count":0,"href":"https:\/\/mussicom.com\/noticias\/wp-json\/wp\/v2\/posts\/54378\/revisions"}],"wp:featuredmedia":[{"embeddable":true,"href":"https:\/\/mussicom.com\/noticias\/wp-json\/wp\/v2\/media\/54379"}],"wp:attachment":[{"href":"https:\/\/mussicom.com\/noticias\/wp-json\/wp\/v2\/media?parent=54378"}],"wp:term":[{"taxonomy":"category","embeddable":true,"href":"https:\/\/mussicom.com\/noticias\/wp-json\/wp\/v2\/categories?post=54378"},{"taxonomy":"post_tag","embeddable":true,"href":"https:\/\/mussicom.com\/noticias\/wp-json\/wp\/v2\/tags?post=54378"}],"curies":[{"name":"wp","href":"https:\/\/api.w.org\/{rel}","templated":true}]}}