{"id":54366,"date":"2025-11-02T20:30:15","date_gmt":"2025-11-02T23:30:15","guid":{"rendered":"https:\/\/mussicom.com\/vojvoda-admite-preocupacao-com-desempenho-na-vila-e-aponta-peso-emocional-na-reta-final\/"},"modified":"2025-11-02T20:30:15","modified_gmt":"2025-11-02T23:30:15","slug":"vojvoda-admite-preocupacao-com-desempenho-na-vila-e-aponta-peso-emocional-na-reta-final","status":"publish","type":"post","link":"https:\/\/mussicom.com\/noticias\/vojvoda-admite-preocupacao-com-desempenho-na-vila-e-aponta-peso-emocional-na-reta-final\/","title":{"rendered":"Vojvoda admite preocupa\u00e7\u00e3o com desempenho na Vila e aponta peso emocional na reta final"},"content":{"rendered":"<p> <br \/>\n<\/p>\n<div>\n<div id=\"attachment_175388\" style=\"width: 958px\" class=\"wp-caption aligncenter\"><\/p>\n<p id=\"caption-attachment-175388\" class=\"wp-caption-text\">Vojvoda tem duas vit\u00f3rias em seis jogos com o Santos na Vila Belmiro (Foto: Raul Baretta \/ Santos FC)<\/p>\n<\/div>\n<p>O empate por 1 a 1 com o Fortaleza voltou a escancarar um problema que acompanha o <strong>Santos<\/strong> ao longo da temporada: a dificuldade para vencer na Vila Belmiro. Ap\u00f3s a partida, Juan Pablo Vojvoda reconheceu que a atua\u00e7\u00e3o do time dentro de casa ainda n\u00e3o alcan\u00e7a o n\u00edvel necess\u00e1rio para a situa\u00e7\u00e3o do clube no Campeonato Brasileiro e afirmou que o fator psicol\u00f3gico tem pesado nos jogos diante da pr\u00f3pria torcida.<\/p>\n<p>Ao falar sobre o momento, Vojvoda destacou que o time precisa criar mais e ser mais incisivo em casa.<\/p>\n<p>\u201cVoc\u00ea me pede diagn\u00f3stico de tr\u00eas jogos, mas com Gr\u00eamio e Vit\u00f3ria o time teve posse de bola e finaliza\u00e7\u00f5es. Hoje me preocupou mais. N\u00e3o tivemos chances no primeiro tempo. Quanto ao psicol\u00f3gico, pesou um pouco todo o contexto. Cada vez menos rodadas e press\u00e3o aumentando. O time sentiu. Tivemos posse de bola, mas faltava cria\u00e7\u00e3o de chances de gol. Temos que preparar melhor em todos os aspectos.\u201d<\/p>\n<p>O Santos \u00e9 o pen\u00faltimo colocado na campanha como mandante no Brasileir\u00e3o. S\u00e3o apenas 20 pontos conquistados em 15 jogos na Vila, desempenho que coloca o time atr\u00e1s de quase todos os rivais na disputa, \u00e0 frente apenas do Sport. Desde a chegada de Vojvoda, a equipe atuou seis vezes no est\u00e1dio: venceu S\u00e3o Paulo e Corinthians, empatou com Fluminense, Gr\u00eamio e Fortaleza, e perdeu para o Vit\u00f3ria. A oscila\u00e7\u00e3o mant\u00e9m o ambiente pressionado.<\/p>\n<p>No empate deste s\u00e1bado, o Fortaleza abriu o placar ainda no primeiro tempo, e o Santos s\u00f3 conseguiu reagir na etapa final, chegando ao empate com Adon\u00eds Fr\u00edas, em lance que desviou em Bruno Pacheco. A melhora ap\u00f3s o intervalo n\u00e3o foi suficiente para afastar o inc\u00f4modo: a equipe segue sem conseguir se impor como mandante em jogos decisivos.<\/p>\n<p>E o peso da Vila pode aumentar nas pr\u00f3ximas semanas. Das oito partidas restantes no Brasileir\u00e3o, quatro ser\u00e3o em casa \u2013 contra Palmeiras, Mirassol, Sport e Cruzeiro. Pontuar nesses duelos se tornou determinante para o Santos permanecer na S\u00e9rie A.<\/p>\n<p>O pr\u00f3ximo compromisso j\u00e1 \u00e9 um cl\u00e1ssico: o Santos enfrenta o Palmeiras na quinta-feira, \u00e0s 21h30 (de Bras\u00edlia), no Allianz Parque. Mas a conta da sobreviv\u00eancia passa, inevitavelmente, pelo que o time conseguir \u2013 ou n\u00e3o \u2013 fazer dentro de casa.<\/p>\n<\/p><\/div>\n<p><br \/>\n<br \/>Fonte: <a href=\"https:\/\/www.diariodopeixe.com.br\/noticias\/vojvoda-admite-preocupacao-com-desempenho-na-vila-e-aponta-peso-emocional-na-reta-final\/\">Placar<\/a><\/p>\n","protected":false},"excerpt":{"rendered":"<p>Vojvoda tem duas vit\u00f3rias em seis jogos com o Santos na Vila Belmiro (Foto: Raul Baretta \/ Santos FC) O empate por 1 a 1 com o Fortaleza voltou a escancarar um problema que acompanha o Santos ao longo da temporada: a dificuldade para vencer na Vila Belmiro. Ap\u00f3s a partida, Juan Pablo Vojvoda reconheceu [&hellip;]<\/p>\n","protected":false},"author":5,"featured_media":54367,"comment_status":"open","ping_status":"open","sticky":false,"template":"","format":"standard","meta":{"_seopress_robots_primary_cat":"","_seopress_titles_title":"","_seopress_titles_desc":"","_seopress_robots_index":"","footnotes":""},"categories":[55],"tags":[],"class_list":["post-54366","post","type-post","status-publish","format-standard","has-post-thumbnail","hentry","category-santos-fc"],"_links":{"self":[{"href":"https:\/\/mussicom.com\/noticias\/wp-json\/wp\/v2\/posts\/54366","targetHints":{"allow":["GET"]}}],"collection":[{"href":"https:\/\/mussicom.com\/noticias\/wp-json\/wp\/v2\/posts"}],"about":[{"href":"https:\/\/mussicom.com\/noticias\/wp-json\/wp\/v2\/types\/post"}],"author":[{"embeddable":true,"href":"https:\/\/mussicom.com\/noticias\/wp-json\/wp\/v2\/users\/5"}],"replies":[{"embeddable":true,"href":"https:\/\/mussicom.com\/noticias\/wp-json\/wp\/v2\/comments?post=54366"}],"version-history":[{"count":0,"href":"https:\/\/mussicom.com\/noticias\/wp-json\/wp\/v2\/posts\/54366\/revisions"}],"wp:featuredmedia":[{"embeddable":true,"href":"https:\/\/mussicom.com\/noticias\/wp-json\/wp\/v2\/media\/54367"}],"wp:attachment":[{"href":"https:\/\/mussicom.com\/noticias\/wp-json\/wp\/v2\/media?parent=54366"}],"wp:term":[{"taxonomy":"category","embeddable":true,"href":"https:\/\/mussicom.com\/noticias\/wp-json\/wp\/v2\/categories?post=54366"},{"taxonomy":"post_tag","embeddable":true,"href":"https:\/\/mussicom.com\/noticias\/wp-json\/wp\/v2\/tags?post=54366"}],"curies":[{"name":"wp","href":"https:\/\/api.w.org\/{rel}","templated":true}]}}