{"id":54355,"date":"2025-11-02T17:30:14","date_gmt":"2025-11-02T20:30:14","guid":{"rendered":"https:\/\/mussicom.com\/gilmar-mendes-diz-que-stf-nao-proibiu-operacoes-policiais\/"},"modified":"2025-11-02T17:30:14","modified_gmt":"2025-11-02T20:30:14","slug":"gilmar-mendes-diz-que-stf-nao-proibiu-operacoes-policiais","status":"publish","type":"post","link":"https:\/\/mussicom.com\/noticias\/gilmar-mendes-diz-que-stf-nao-proibiu-operacoes-policiais\/","title":{"rendered":"Gilmar Mendes diz que STF n\u00e3o proibiu opera\u00e7\u00f5es policiais"},"content":{"rendered":"<p> <br \/>\n<\/p>\n<div>\n<p class=\"postParagraph_post-paragraph__juWZN\">Em uma postagem publicada neste domingo (2) na rede social X, o ministro Gilmar Mendes, do Supremo Tribunal Federal (STF), fez uma defesa da Corte, criticada pelas restri\u00e7\u00f5es impostas \u00e0 realiza\u00e7\u00e3o de opera\u00e7\u00f5es policiais no Rio de Janeiro. Ele afirmou que, &#8220;ao julgar a ADPF das Favelas, o Supremo Tribunal Federal n\u00e3o proibiu opera\u00e7\u00f5es policiais&#8221;.<\/p>\n<p class=\"postParagraph_post-paragraph-innerHtml__Q5vwc\">Por meio da Argui\u00e7\u00e3o de Descumprimento de Preceito Fundamental (ADPF) 635, conhecida como &#8220;ADPF das Favelas&#8221;, o STF imp\u00f4s em junho de 2020 uma\u00a0s\u00e9rie de restri\u00e7\u00f5es\u00a0ao ingresso das for\u00e7as policiais nas comunidades do Rio de Janeiro. A medida s\u00f3 foi derrubada em abril deste ano, ap\u00f3s decis\u00e3o em plen\u00e1rio.<\/p>\n<p class=\"postParagraph_post-paragraph__juWZN\">Ao sustentar que as opera\u00e7\u00f5es n\u00e3o foram proibidas, Mendes argumentou que o STF &#8220;apenas estabeleceu par\u00e2metros para que essas a\u00e7\u00f5es sejam planejadas, proporcionais e transparentes, com o objetivo de reduzir mortes e proteger vidas, tanto de civis quanto de agentes p\u00fablicos&#8221;.<\/p>\n<h2 class=\"postParagraph_post-paragraph__juWZN postParagraph_type-tag-h2__TtFkT\">Ministro cobra plano de reocupa\u00e7\u00e3o<\/h2>\n<p class=\"postParagraph_post-paragraph__juWZN\">Em sua publica\u00e7\u00e3o, o ministro do STF tamb\u00e9m fez uma cobran\u00e7a indireta ao governador do Rio, Cl\u00e1udio Castro (PL). Segundo o magistrado, o Supremo determinou em abril que o Estado apresentasse um plano de reocupa\u00e7\u00e3o dos territ\u00f3rios dominados por fac\u00e7\u00f5es e mil\u00edcias, com a presen\u00e7a permanente de servi\u00e7os p\u00fablicos. &#8220;Enquanto esse plano n\u00e3o sair do papel, e as incurs\u00f5es forem pontuais, o resultado dessas opera\u00e7\u00f5es continuar\u00e1 sendo parcial e insustent\u00e1vel&#8221;, sustenta.<\/p>\n<p class=\"postParagraph_post-paragraph-innerHtml__Q5vwc\">Na \u00faltima ter\u00e7a-feira (28), uma megaopera\u00e7\u00e3o da contra o Comando Vermelho terminou com 121 mortos, sendo quatro policiais. O ministro Alexandre de Moraes, que assumiu temporariamente a relatoria da ADPF 635, convocou uma audi\u00eancia para que o governador e a c\u00fapula de seguran\u00e7a prestem explica\u00e7\u00f5es sobre a opera\u00e7\u00e3o.<\/p>\n<\/div>\n<p><br \/>\n<br \/>Fonte: <a href=\"https:\/\/www.gazetadopovo.com.br\/republica\/gilmar-mendes-stf-operacoes-policiais\/\">Revista Oeste<\/a><\/p>\n","protected":false},"excerpt":{"rendered":"<p>Em uma postagem publicada neste domingo (2) na rede social X, o ministro Gilmar Mendes, do Supremo Tribunal Federal (STF), fez uma defesa da Corte, criticada pelas restri\u00e7\u00f5es impostas \u00e0 realiza\u00e7\u00e3o de opera\u00e7\u00f5es policiais no Rio de Janeiro. Ele afirmou que, &#8220;ao julgar a ADPF das Favelas, o Supremo Tribunal Federal n\u00e3o proibiu opera\u00e7\u00f5es policiais&#8221;. [&hellip;]<\/p>\n","protected":false},"author":5,"featured_media":54356,"comment_status":"open","ping_status":"open","sticky":false,"template":"","format":"standard","meta":{"_seopress_robots_primary_cat":"","_seopress_titles_title":"","_seopress_titles_desc":"","_seopress_robots_index":"","footnotes":""},"categories":[1],"tags":[],"class_list":["post-54355","post","type-post","status-publish","format-standard","has-post-thumbnail","hentry","category-ultimas-noticias"],"_links":{"self":[{"href":"https:\/\/mussicom.com\/noticias\/wp-json\/wp\/v2\/posts\/54355","targetHints":{"allow":["GET"]}}],"collection":[{"href":"https:\/\/mussicom.com\/noticias\/wp-json\/wp\/v2\/posts"}],"about":[{"href":"https:\/\/mussicom.com\/noticias\/wp-json\/wp\/v2\/types\/post"}],"author":[{"embeddable":true,"href":"https:\/\/mussicom.com\/noticias\/wp-json\/wp\/v2\/users\/5"}],"replies":[{"embeddable":true,"href":"https:\/\/mussicom.com\/noticias\/wp-json\/wp\/v2\/comments?post=54355"}],"version-history":[{"count":0,"href":"https:\/\/mussicom.com\/noticias\/wp-json\/wp\/v2\/posts\/54355\/revisions"}],"wp:featuredmedia":[{"embeddable":true,"href":"https:\/\/mussicom.com\/noticias\/wp-json\/wp\/v2\/media\/54356"}],"wp:attachment":[{"href":"https:\/\/mussicom.com\/noticias\/wp-json\/wp\/v2\/media?parent=54355"}],"wp:term":[{"taxonomy":"category","embeddable":true,"href":"https:\/\/mussicom.com\/noticias\/wp-json\/wp\/v2\/categories?post=54355"},{"taxonomy":"post_tag","embeddable":true,"href":"https:\/\/mussicom.com\/noticias\/wp-json\/wp\/v2\/tags?post=54355"}],"curies":[{"name":"wp","href":"https:\/\/api.w.org\/{rel}","templated":true}]}}