{"id":54354,"date":"2025-11-02T16:29:16","date_gmt":"2025-11-02T19:29:16","guid":{"rendered":"https:\/\/mussicom.com\/vaquinha-vai-ajudar-familias-de-policiais-mortos-em-operacao\/"},"modified":"2025-11-02T16:29:16","modified_gmt":"2025-11-02T19:29:16","slug":"vaquinha-vai-ajudar-familias-de-policiais-mortos-em-operacao","status":"publish","type":"post","link":"https:\/\/mussicom.com\/noticias\/vaquinha-vai-ajudar-familias-de-policiais-mortos-em-operacao\/","title":{"rendered":"&#8220;Vaquinha&#8221; vai ajudar fam\u00edlias de policiais mortos em Opera\u00e7\u00e3o"},"content":{"rendered":"<p> <br \/>\n<\/p>\n<div>\n<p class=\"postParagraph_post-paragraph-innerHtml__Q5vwc\">O senador Fl\u00e1vio Bolsonaro (PL-RJ) anunciou neste domingo (2) a cria\u00e7\u00e3o de uma campanha de arrecada\u00e7\u00e3o virtual para ajudar as fam\u00edlias dos quatro policiais que morreram recentemente durante a megaopera\u00e7\u00e3o \u00adOpera\u00e7\u00e3o Conten\u00e7\u00e3o contra o Comando Vermelho, realizada na zona norte do Rio de Janeiro.<\/p>\n<p class=\"postParagraph_post-paragraph__juWZN\">Com meta de alcan\u00e7ar R$ 400 mil, a vaquinha j\u00e1 havia reunido cerca de R$ 87 350 at\u00e9 as 15h15, segundo o pr\u00f3prio an\u00fancio do senador. Ao divulgar a iniciativa em seu perfil no X (antigo Twitter), Fl\u00e1vio Bolsonaro escreveu: \u201cEles perderam a vida lutando por n\u00f3s. Agora, \u00e9 hora de lutarmos por suas fam\u00edlias. Toda a arrecada\u00e7\u00e3o ser\u00e1 destinada \u00e0s fam\u00edlias dos policiais tombados em combate.\u201d<\/p>\n<p class=\"postParagraph_post-paragraph__juWZN\">Tamb\u00e9m o deputado federal Nikolas Ferreira (PL-MG) apoiou a campanha, compartilhando o link da vaquinha e convidando \u00e0 doa\u00e7\u00e3o: \u201cFa\u00e7a uma doa\u00e7\u00e3o para as fam\u00edlias dos quatro policiais tombados em combate no Rio de Janeiro, que deram suas vidas por n\u00f3s! Qualquer ajuda faz uma grande diferen\u00e7a.\u201d<\/p>\n<h2 class=\"postParagraph_post-paragraph__juWZN postParagraph_type-tag-h2__TtFkT\">Como foi a Opera\u00e7\u00e3o Conten\u00e7\u00e3o <\/h2>\n<p class=\"postParagraph_post-paragraph__juWZN\">A opera\u00e7\u00e3o Conten\u00e7\u00e3o, realizada dia 28 de outubro, resultou em 121 mortes, incluindo os quatro agentes. Ainda segundo a corpora\u00e7\u00e3o, cerca de 40% dos 113 presos n\u00e3o eram do estado do Rio;  havia suspeitos de oito unidades da federa\u00e7\u00e3o: Par\u00e1, Amazonas, Bahia, Cear\u00e1, Para\u00edba, Goi\u00e1s, Mato Grosso e Esp\u00edrito Santo. O secret\u00e1rio de Pol\u00edcia Civil do Rio de Janeiro, Felipe Curi, declarou que entre os mortos estavam chefes de fac\u00e7\u00e3o de diferentes estados.<\/p>\n<p class=\"postParagraph_post-paragraph__juWZN\">Os quatro policiais mortos durante a opera\u00e7\u00e3o s\u00e3o: Marcus Vin\u00edcius Cardoso de Carvalho (51 anos), comiss\u00e1rio da 53\u00aa DP (Mesquita), apelidado \u201cM\u00e1skara\u201d; Rodrigo Velloso Cabral (34 anos), da 39\u00aa DP (Pavuna); Cleiton Serafim Gon\u00e7alves (42 anos), 3\u00ba sargento do Bope; e Heber Carvalho da Fonseca (39 anos), tamb\u00e9m 3\u00ba sargento do Bope.<\/p>\n<p class=\"postParagraph_post-paragraph__juWZN\">Em nota, a Pol\u00edcia Civil do Estado do Rio de Janeiro manifestou profundo pesar pela perda dos agentes, definindo-os como \u201cher\u00f3is que deram suas vidas em defesa da sociedade\u201d. A corpora\u00e7\u00e3o afirmou ainda que \u201cos ataques covardes de criminosos contra nossos agentes n\u00e3o ficar\u00e3o impunes. A resposta est\u00e1 vindo, e \u00e0 altura\u201d.<\/p>\n<\/div>\n<p><br \/>\n<br \/>Fonte: <a href=\"https:\/\/www.gazetadopovo.com.br\/republica\/flavio-bolsonaro-cria-vaquinha-para-familias-de-policiais-mortos-em-operacao\/\">Revista Oeste<\/a><\/p>\n","protected":false},"excerpt":{"rendered":"<p>O senador Fl\u00e1vio Bolsonaro (PL-RJ) anunciou neste domingo (2) a cria\u00e7\u00e3o de uma campanha de arrecada\u00e7\u00e3o virtual para ajudar as fam\u00edlias dos quatro policiais que morreram recentemente durante a megaopera\u00e7\u00e3o \u00adOpera\u00e7\u00e3o Conten\u00e7\u00e3o contra o Comando Vermelho, realizada na zona norte do Rio de Janeiro. Com meta de alcan\u00e7ar R$ 400 mil, a vaquinha j\u00e1 havia [&hellip;]<\/p>\n","protected":false},"author":5,"featured_media":50817,"comment_status":"open","ping_status":"open","sticky":false,"template":"","format":"standard","meta":{"_seopress_robots_primary_cat":"","_seopress_titles_title":"","_seopress_titles_desc":"","_seopress_robots_index":"","footnotes":""},"categories":[1],"tags":[],"class_list":["post-54354","post","type-post","status-publish","format-standard","has-post-thumbnail","hentry","category-ultimas-noticias"],"_links":{"self":[{"href":"https:\/\/mussicom.com\/noticias\/wp-json\/wp\/v2\/posts\/54354","targetHints":{"allow":["GET"]}}],"collection":[{"href":"https:\/\/mussicom.com\/noticias\/wp-json\/wp\/v2\/posts"}],"about":[{"href":"https:\/\/mussicom.com\/noticias\/wp-json\/wp\/v2\/types\/post"}],"author":[{"embeddable":true,"href":"https:\/\/mussicom.com\/noticias\/wp-json\/wp\/v2\/users\/5"}],"replies":[{"embeddable":true,"href":"https:\/\/mussicom.com\/noticias\/wp-json\/wp\/v2\/comments?post=54354"}],"version-history":[{"count":0,"href":"https:\/\/mussicom.com\/noticias\/wp-json\/wp\/v2\/posts\/54354\/revisions"}],"wp:featuredmedia":[{"embeddable":true,"href":"https:\/\/mussicom.com\/noticias\/wp-json\/wp\/v2\/media\/50817"}],"wp:attachment":[{"href":"https:\/\/mussicom.com\/noticias\/wp-json\/wp\/v2\/media?parent=54354"}],"wp:term":[{"taxonomy":"category","embeddable":true,"href":"https:\/\/mussicom.com\/noticias\/wp-json\/wp\/v2\/categories?post=54354"},{"taxonomy":"post_tag","embeddable":true,"href":"https:\/\/mussicom.com\/noticias\/wp-json\/wp\/v2\/tags?post=54354"}],"curies":[{"name":"wp","href":"https:\/\/api.w.org\/{rel}","templated":true}]}}