{"id":5422,"date":"2025-03-13T20:47:29","date_gmt":"2025-03-13T23:47:29","guid":{"rendered":"https:\/\/mussicom.com\/governo-trump-monta-dicionario-anti-woke-de-palavras-proibidas\/"},"modified":"2025-03-13T20:47:29","modified_gmt":"2025-03-13T23:47:29","slug":"governo-trump-monta-dicionario-anti-woke-de-palavras-proibidas","status":"publish","type":"post","link":"https:\/\/mussicom.com\/noticias\/governo-trump-monta-dicionario-anti-woke-de-palavras-proibidas\/","title":{"rendered":"Governo Trump monta \u2018dicion\u00e1rio anti-woke\u2019 de palavras proibidas"},"content":{"rendered":"<p> <br \/>\n<\/p>\n<div id=\"hd80s9wa1h892edh8192\">\n<p>A gest\u00e3o de Donald Trump determinou que 197 palavras sejam evitadas em ag\u00eancias federais dos <strong>Estados Unidos<\/strong>, de acordo com uma compila\u00e7\u00e3o publicada pelo jornal <em>The New York Times<\/em>. A lista de termos apareceu em memorandos do governo.\u00a0<\/p>\n<p>Algumas palavras foram removidas de sites voltados ao p\u00fablico, enquanto outras foram exclu\u00eddas de curr\u00edculos escolares por ordem do governo. No entanto, nem todos os termos foram completamente banidos. Alguns receberam apenas a recomenda\u00e7\u00e3o de precau\u00e7\u00e3o no uso.<\/p>\n<p><strong>+ Leia mais not\u00edcias do <\/strong><strong>Mundo<\/strong><strong> em Oeste<\/strong><\/p>\n<p>A lista divulgada pelo jornal norte-americano inclui palavras como \u201cantirracista\u201d, \u201ccrise clim\u00e1tica\u201d, \u201cdiversidade\u201d, \u201cfeminismo\u201d, \u201cLGBTQ\u201d, \u201cn\u00e3o-bin\u00e1rio\u201d e \u201cacessibilidade\u201d. \u00c9 poss\u00edvel que a rela\u00e7\u00e3o apresentada n\u00e3o seja definitiva, j\u00e1 que podem existir mais memorandos de ag\u00eancias que n\u00e3o foram acessados pela publica\u00e7\u00e3o.\u00a0<\/p>\n<figure class=\"wp-block-image aligncenter size-full\"><picture><source data-srcset=\"https:\/\/medias.revistaoeste.com\/wp-content\/uploads\/2025\/03\/palavras.png.webp 1132w, https:\/\/medias.revistaoeste.com\/wp-content\/uploads\/2025\/03\/palavras-131x300.png.webp 131w, https:\/\/medias.revistaoeste.com\/wp-content\/uploads\/2025\/03\/palavras-150x345.png.webp 150w\" data-sizes=\"(max-width: 1132px) 100vw, 1132px\" type=\"image\/webp\"><img fetchpriority=\"high\" decoding=\"async\" width=\"1132\" height=\"2600\" src=\"https:\/\/medias.revistaoeste.com\/wp-content\/uploads\/2025\/03\/palavras.png\" alt=\"Governo Trump monta \u2018dicion\u00e1rio anti-woke\u2019 de palavras proibidas\" class=\"wp-image-1918932\" srcset=\"https:\/\/medias.revistaoeste.com\/wp-content\/uploads\/2025\/03\/palavras.png 1132w, https:\/\/medias.revistaoeste.com\/wp-content\/uploads\/2025\/03\/palavras-131x300.png 131w, https:\/\/medias.revistaoeste.com\/wp-content\/uploads\/2025\/03\/palavras-150x345.png 150w\" sizes=\"(max-width: 1132px) 100vw, 1132px\" data-eio=\"p\"\/><\/source><\/picture><figcaption class=\"wp-element-caption\">Em ordem alfab\u00e9tica, 50 dos 197 termos catalogados pelo <i>The New York Times<\/i> para serem abolidos ou usados com modera\u00e7\u00e3o durante o governo Trump | Foto: Reprodu\u00e7\u00e3o\/Poder360\/<em>The New York Times<\/em><\/figcaption><\/figure>\n<p>A restri\u00e7\u00e3o desses termos faz parte da pol\u00edtica de Trump contra a cultura <em><strong>woke<\/strong><\/em>.<\/p>\n<p>Recentemente, o presidente dos EUA anunciou que havia retirado \u201co veneno da teoria cr\u00edtica da ra\u00e7a\u201d das escolas p\u00fablicas. Em alguns Estados norte-americanos, o ensino desse tema j\u00e1 est\u00e1 proibido, com a justificativa de que ele implica em suspeitar de todas as pessoas brancas como racistas.<\/p>\n<h2 class=\"wp-block-heading\"><strong>\u201cNosso pa\u00eds n\u00e3o ser\u00e1 mais <\/strong><strong><em>woke\u2019<\/em><\/strong><strong>, diz Trump<\/strong><\/h2>\n<p>Em um discurso no Congresso no in\u00edcio do m\u00eas, o republicano afirmou que seu governo estava encerrando as pol\u00edticas de diversidade. \u201cEncerramos a tirania das chamadas pol\u00edticas de diversidade, equidade e inclus\u00e3o em todo o governo federal, bem como no setor privado e em nossas for\u00e7as armadas\u201d, disse Trump. \u201cE nosso pa\u00eds n\u00e3o ser\u00e1 mais <em>woke<\/em>.\u201d<\/p>\n<p><center><\/p>\n<blockquote class=\"twitter-tweet\">\n<p lang=\"pt\" dir=\"ltr\">Trump &#8220;Am\u00e9rica n\u00e3o ser\u00e1 mais WOKE!&#8221;:<\/p>\n<p>&#8220;Acabamos com a tirania das chamadas pol\u00edticas de diversidade, equidade e inclus\u00e3o em todo o governo federal, e de fato no setor privado e em nossas for\u00e7as armadas. Nosso pa\u00eds N\u00c3O SER\u00c1 MAIS WOKE!&#8221; <a href=\"https:\/\/t.co\/56cdvGkrYZ\">pic.twitter.com\/56cdvGkrYZ<\/a><\/p>\n<p>\u2014 Brasil Paralelo (@brasilparalelo) <a href=\"https:\/\/twitter.com\/brasilparalelo\/status\/1897115869366616344?ref_src=twsrc%5Etfw\">March 5, 2025<\/a><\/p><\/blockquote>\n<p> <\/center><\/p>\n<p>Uma das ordens executivas assinadas pelo presidente dos EUA no primeiro dia de seu retorno \u00e0 <strong>Casa Branca<\/strong> condenou o que considerava uma campanha de press\u00e3o do governo do ex-presidente Joe Biden para restringir os direitos da Primeira Emenda \u201cde uma maneira que promovesse a narrativa preferida do governo sobre quest\u00f5es significativas de debate p\u00fablico\u201d, por meio da press\u00e3o sobre plataformas de tecnologia.\u00a0<\/p>\n<p>\u201cA censura governamental \u00e0 express\u00e3o \u00e9 intoler\u00e1vel em uma sociedade livre\u201d, afirmou o presidente.\u00a0<\/p>\n<\/p><\/div>\n<p><script async src=\"\/\/platform.twitter.com\/widgets.js\" charset=\"utf-8\"><\/script><br \/>\n<br \/><br \/>\n<br \/>Fonte: <a href=\"https:\/\/revistaoeste.com\/mundo\/governo-trump-monta-dicionario-anti-woke-de-palavras-proibidas\/\">Revista Oeste<\/a><\/p>\n","protected":false},"excerpt":{"rendered":"<p>A gest\u00e3o de Donald Trump determinou que 197 palavras sejam evitadas em ag\u00eancias federais dos Estados Unidos, de acordo com uma compila\u00e7\u00e3o publicada pelo jornal The New York Times. A lista de termos apareceu em memorandos do governo.\u00a0 Algumas palavras foram removidas de sites voltados ao p\u00fablico, enquanto outras foram exclu\u00eddas de curr\u00edculos escolares por [&hellip;]<\/p>\n","protected":false},"author":5,"featured_media":5423,"comment_status":"open","ping_status":"open","sticky":false,"template":"","format":"standard","meta":{"_seopress_robots_primary_cat":"","_seopress_titles_title":"","_seopress_titles_desc":"","_seopress_robots_index":"","footnotes":""},"categories":[48],"tags":[],"class_list":["post-5422","post","type-post","status-publish","format-standard","has-post-thumbnail","hentry","category-internacional"],"_links":{"self":[{"href":"https:\/\/mussicom.com\/noticias\/wp-json\/wp\/v2\/posts\/5422","targetHints":{"allow":["GET"]}}],"collection":[{"href":"https:\/\/mussicom.com\/noticias\/wp-json\/wp\/v2\/posts"}],"about":[{"href":"https:\/\/mussicom.com\/noticias\/wp-json\/wp\/v2\/types\/post"}],"author":[{"embeddable":true,"href":"https:\/\/mussicom.com\/noticias\/wp-json\/wp\/v2\/users\/5"}],"replies":[{"embeddable":true,"href":"https:\/\/mussicom.com\/noticias\/wp-json\/wp\/v2\/comments?post=5422"}],"version-history":[{"count":0,"href":"https:\/\/mussicom.com\/noticias\/wp-json\/wp\/v2\/posts\/5422\/revisions"}],"wp:featuredmedia":[{"embeddable":true,"href":"https:\/\/mussicom.com\/noticias\/wp-json\/wp\/v2\/media\/5423"}],"wp:attachment":[{"href":"https:\/\/mussicom.com\/noticias\/wp-json\/wp\/v2\/media?parent=5422"}],"wp:term":[{"taxonomy":"category","embeddable":true,"href":"https:\/\/mussicom.com\/noticias\/wp-json\/wp\/v2\/categories?post=5422"},{"taxonomy":"post_tag","embeddable":true,"href":"https:\/\/mussicom.com\/noticias\/wp-json\/wp\/v2\/tags?post=5422"}],"curies":[{"name":"wp","href":"https:\/\/api.w.org\/{rel}","templated":true}]}}