{"id":54127,"date":"2025-10-31T01:26:14","date_gmt":"2025-10-31T04:26:14","guid":{"rendered":"https:\/\/mussicom.com\/stf-pressiona-castro-e-mobiliza-brasilia\/"},"modified":"2025-10-31T01:26:14","modified_gmt":"2025-10-31T04:26:14","slug":"stf-pressiona-castro-e-mobiliza-brasilia","status":"publish","type":"post","link":"https:\/\/mussicom.com\/noticias\/stf-pressiona-castro-e-mobiliza-brasilia\/","title":{"rendered":"STF pressiona Castro e mobiliza Bras\u00edlia"},"content":{"rendered":"<p> <br \/>\n<\/p>\n<div>\n<p class=\"postParagraph_post-paragraph__juWZN\">A crise de seguran\u00e7a no Rio de Janeiro escala e se torna o epicentro pol\u00edtico do pa\u00eds, com o Supremo Tribunal Federal (STF) pressionando o governador Cl\u00e1udio Castro e mobilizando Bras\u00edlia. Enquanto o Judici\u00e1rio avan\u00e7a em outras frentes, determinando a execu\u00e7\u00e3o da pena da deputada Carla Zambelli e definindo o futuro de Mauro Cid, o governo federal enfrenta uma press\u00e3o crescente em outra \u00e1rea: as contas p\u00fablicas, cujo rombo j\u00e1 ultrapassa a marca de R$ 100 bilh\u00f5es no ano.<\/p>\n<h2 class=\"postParagraph_post-paragraph__juWZN postParagraph_type-tag-h2__TtFkT\">Crise no Rio domina cen\u00e1rio pol\u00edtico e mobiliza Bras\u00edlia<\/h2>\n<p class=\"postParagraph_post-paragraph__juWZN\">Uma megaopera\u00e7\u00e3o policial no Rio de Janeiro gerou uma forte crise institucional. O Supremo Tribunal Federal (STF) reagiu rapidamente aos acontecimentos no estado. O ministro Alexandre de Moraes ir\u00e1 pessoalmente ao Rio para ouvir o governador Cl\u00e1udio Castro. Al\u00e9m disso, o plen\u00e1rio da Corte solicitou explica\u00e7\u00f5es formais do governo fluminense.<\/p>\n<p class=\"postParagraph_post-paragraph__juWZN\">O ministro Edson Fachin classificou a situa\u00e7\u00e3o como uma &#8220;trag\u00e9dia grave&#8221;. Antes, o STF j\u00e1 havia determinado que a Pol\u00edcia Federal investigasse as fac\u00e7\u00f5es criminosas. A crise teve repercuss\u00e3o internacional, com cr\u00edticas de um advogado do Presidente dos EUA, Donald Trump. O presidente da Col\u00f4mbia, Gustavo Petro, tamb\u00e9m comentou o caso.<\/p>\n<p class=\"postParagraph_post-paragraph__juWZN\">No campo pol\u00edtico, a oposi\u00e7\u00e3o ao governo federal pediu a demiss\u00e3o do diretor-geral da PF. O deputado Lindbergh Farias solicitou o afastamento de Castro ao STF. Em outra frente, o Tribunal Superior Eleitoral (TSE) marcou o julgamento que pode cassar o mandato do governador. Em apoio, o governador de SP, Tarc\u00edsio de Freitas, manifestou solidariedade a Castro.<\/p>\n<p class=\"postParagraph_post-paragraph__juWZN\">O governo federal tamb\u00e9m se posicionou. O Ministro da Justi\u00e7a, Ricardo Lewandowski, disse que &#8220;n\u00e3o existe bala de prata&#8221; contra o crime. Ministras do governo Lula visitaram as favelas da Penha e do Alem\u00e3o. Em paralelo, o presidente Lula sancionou um projeto de lei de autoria do senador Sergio Moro. A nova lei endurece o combate ao crime organizado no pa\u00eds.<\/p>\n<h2 class=\"postParagraph_post-paragraph__juWZN postParagraph_type-tag-h2__TtFkT\">STF avan\u00e7a em casos de pol\u00edticos e define responsabilidade do Estado<\/h2>\n<p class=\"postParagraph_post-paragraph__juWZN\">O STF determinou a execu\u00e7\u00e3o da pena da deputada Carla Zambelli. Ela foi condenada por perseguir um homem armado em 2022. O ministro Alexandre de Moraes tomou duas decis\u00f5es sobre o deputado Gustavo Gayer. Ele negou um pedido de Gayer para visitar o ex-presidente Jair Bolsonaro. Em outra a\u00e7\u00e3o, Moraes suspendeu um processo penal contra o parlamentar.<\/p>\n<p class=\"postParagraph_post-paragraph__juWZN\">O ex-ajudante de ordens Mauro Cid come\u00e7ou a cumprir sua pena em regime aberto. Com isso, ele poder\u00e1 retirar a tornozeleira eletr\u00f4nica. O presidente do Senado, Rodrigo Pacheco, foi citado em uma investiga\u00e7\u00e3o sobre minera\u00e7\u00e3o ilegal. O caso foi enviado ao STF para an\u00e1lise.<\/p>\n<p class=\"postParagraph_post-paragraph__juWZN\">A Corte tamb\u00e9m definiu que o Estado deve pagar por danos materiais. A decis\u00e3o se aplica a danos causados por policiais durante protestos.<\/p>\n<h2 class=\"postParagraph_post-paragraph__juWZN postParagraph_type-tag-h2__TtFkT\">Governo federal enfrenta rombo fiscal e busca aumentar receita<\/h2>\n<p class=\"postParagraph_post-paragraph__juWZN\">O rombo nas contas do governo Lula ultrapassou a marca de R$ 100 bilh\u00f5es no ano. Os dados foram divulgados pelo Tesouro Nacional. Para tentar aumentar a arrecada\u00e7\u00e3o, a C\u00e2mara dos Deputados aprovou um projeto. A medida recomp\u00f5e a renda do governo federal. Ela permite a atualiza\u00e7\u00e3o do valor de bens declarados no Imposto de Renda.<\/p>\n<div class=\"postViewMore_post-view-more-container___5wai\" data-mrf-recirculation=\"Post - Veja tamb\u00e9m\">\n<p class=\"gp-styles-module-size-small-afeYRa gp-styles-module-font-family2-afeYRa gp-styles-module-color-secondary-afeYRa gp-styles-module-weight-bold-afeYRa\">VEJA TAMB\u00c9M:<\/p>\n<ul class=\"postViewMore_post-view-more-list__CU_CE\">\n<li class=\"postViewMore_post-view-more-item__2MzRb\"><span class=\"postViewMore_post-view-more-link-icon___stPC\"><svg xmlns=\"http:\/\/www.w3.org\/2000\/svg\" width=\"16\" height=\"16\" viewbox=\"0 0 16 16\"><rect width=\"16\" height=\"16\" fill=\"none\"\/><g transform=\"translate(3 3)\"><path d=\"M22.5,15l3.4,3.4-3.4,3.4\" transform=\"translate(-15.896 -11.793)\" fill=\"none\" stroke=\"#717171\" stroke-linecap=\"round\" stroke-width=\"1.4\"\/><path d=\"M6,6v4.2a2.452,2.452,0,0,0,2.5,2.4H16\" transform=\"translate(-6 -6)\" fill=\"none\" stroke=\"#717171\" stroke-linecap=\"round\" stroke-width=\"1.4\"\/><\/g><\/svg><\/span><span class=\"postViewMore_post-view-more-link-text__hO_kM\">Rombo das contas do governo Lula passa de R$ 100 bilh\u00f5es no ano<\/span><\/li>\n<li class=\"postViewMore_post-view-more-item__2MzRb\"><span class=\"postViewMore_post-view-more-link-icon___stPC\"><svg xmlns=\"http:\/\/www.w3.org\/2000\/svg\" width=\"16\" height=\"16\" viewbox=\"0 0 16 16\"><rect width=\"16\" height=\"16\" fill=\"none\"\/><g transform=\"translate(3 3)\"><path d=\"M22.5,15l3.4,3.4-3.4,3.4\" transform=\"translate(-15.896 -11.793)\" fill=\"none\" stroke=\"#717171\" stroke-linecap=\"round\" stroke-width=\"1.4\"\/><path d=\"M6,6v4.2a2.452,2.452,0,0,0,2.5,2.4H16\" transform=\"translate(-6 -6)\" fill=\"none\" stroke=\"#717171\" stroke-linecap=\"round\" stroke-width=\"1.4\"\/><\/g><\/svg><\/span><span class=\"postViewMore_post-view-more-link-text__hO_kM\">C\u00e2mara recomp\u00f5e bilh\u00f5es em renda do governo com \u201cjabuti\u201d em PL da atualiza\u00e7\u00e3o de bens no IRPF<\/span><\/li>\n<\/ul>\n<\/div>\n<p class=\"postParagraph_post-paragraph-innerHtml__Q5vwc\">Conte\u00fado gerado por intelig\u00eancia artificial com base em material da Gazeta do Povo, e submetido a revis\u00e3o factual. Por se tratar de uma tecnologia experimental, podem ocorrer imprecis\u00f5es. Relate qualquer erro para: [lab@gazetadopovo.com.br].<\/p>\n<\/div>\n<p><br \/>\n<br \/>Fonte: <a href=\"https:\/\/www.gazetadopovo.com.br\/republica\/politica-em-foco-stf-encurrala-castro-e-crise-no-rio-mobiliza-brasilia\/\">Revista Oeste<\/a><\/p>\n","protected":false},"excerpt":{"rendered":"<p>A crise de seguran\u00e7a no Rio de Janeiro escala e se torna o epicentro pol\u00edtico do pa\u00eds, com o Supremo Tribunal Federal (STF) pressionando o governador Cl\u00e1udio Castro e mobilizando Bras\u00edlia. Enquanto o Judici\u00e1rio avan\u00e7a em outras frentes, determinando a execu\u00e7\u00e3o da pena da deputada Carla Zambelli e definindo o futuro de Mauro Cid, o [&hellip;]<\/p>\n","protected":false},"author":5,"featured_media":54128,"comment_status":"open","ping_status":"open","sticky":false,"template":"","format":"standard","meta":{"_seopress_robots_primary_cat":"","_seopress_titles_title":"","_seopress_titles_desc":"","_seopress_robots_index":"","footnotes":""},"categories":[1],"tags":[],"class_list":["post-54127","post","type-post","status-publish","format-standard","has-post-thumbnail","hentry","category-ultimas-noticias"],"_links":{"self":[{"href":"https:\/\/mussicom.com\/noticias\/wp-json\/wp\/v2\/posts\/54127","targetHints":{"allow":["GET"]}}],"collection":[{"href":"https:\/\/mussicom.com\/noticias\/wp-json\/wp\/v2\/posts"}],"about":[{"href":"https:\/\/mussicom.com\/noticias\/wp-json\/wp\/v2\/types\/post"}],"author":[{"embeddable":true,"href":"https:\/\/mussicom.com\/noticias\/wp-json\/wp\/v2\/users\/5"}],"replies":[{"embeddable":true,"href":"https:\/\/mussicom.com\/noticias\/wp-json\/wp\/v2\/comments?post=54127"}],"version-history":[{"count":0,"href":"https:\/\/mussicom.com\/noticias\/wp-json\/wp\/v2\/posts\/54127\/revisions"}],"wp:featuredmedia":[{"embeddable":true,"href":"https:\/\/mussicom.com\/noticias\/wp-json\/wp\/v2\/media\/54128"}],"wp:attachment":[{"href":"https:\/\/mussicom.com\/noticias\/wp-json\/wp\/v2\/media?parent=54127"}],"wp:term":[{"taxonomy":"category","embeddable":true,"href":"https:\/\/mussicom.com\/noticias\/wp-json\/wp\/v2\/categories?post=54127"},{"taxonomy":"post_tag","embeddable":true,"href":"https:\/\/mussicom.com\/noticias\/wp-json\/wp\/v2\/tags?post=54127"}],"curies":[{"name":"wp","href":"https:\/\/api.w.org\/{rel}","templated":true}]}}