{"id":54075,"date":"2025-10-30T13:23:14","date_gmt":"2025-10-30T16:23:14","guid":{"rendered":"https:\/\/mussicom.com\/prazo-para-inscricao-a-vagas-remanescentes-do-fies-termina-hoje\/"},"modified":"2025-10-30T13:23:14","modified_gmt":"2025-10-30T16:23:14","slug":"prazo-para-inscricao-a-vagas-remanescentes-do-fies-termina-hoje","status":"publish","type":"post","link":"https:\/\/mussicom.com\/noticias\/prazo-para-inscricao-a-vagas-remanescentes-do-fies-termina-hoje\/","title":{"rendered":"Prazo para inscri\u00e7\u00e3o a vagas remanescentes do Fies termina hoje"},"content":{"rendered":"<p> <br \/>\n<\/p>\n<div>\n<p><strong>O prazo para as inscri\u00e7\u00f5es para as vagas remanescentes do Fundo de Financiamento Estudantil (Fies) podem ser feitas at\u00e9 as 23h59 desta quinta-feira (30), no hor\u00e1rio de Bras\u00edlia.<\/strong><img decoding=\"async\" src=\"https:\/\/agenciabrasil.ebc.com.br\/ebc.gif?id=1665228&amp;o=node\" style=\"width:1px; height:1px; display:inline;\"\/><\/p>\n<p>As inscri\u00e7\u00f5es dever\u00e3o ser feitas exclusivamente pela internet, na p\u00e1gina do Fies\u00a0dentro do Portal \u00danico de Acesso ao Ensino Superior.<\/p>\n<p><strong>O Fies \u00e9 o programa do Minist\u00e9rio da Educa\u00e7\u00e3o (MEC) que concede financiamento a estudantes de baixa renda de cursos de gradua\u00e7\u00e3o, em institui\u00e7\u00f5es de educa\u00e7\u00e3o superior privadas.<\/strong><\/p>\n<p>O financiamento para quem for selecionado para as vagas remanescentes cobrir\u00e1 as mensalidades a partir deste segundo semestre letivo de 2025.<\/p>\n<p><strong>Nesta edi\u00e7\u00e3o, o governo federal ofertou mais de 58 mil vagas para 10.319 cursos\/turnos de gradua\u00e7\u00e3o, em 690 institui\u00e7\u00f5es privadas de educa\u00e7\u00e3o superior.<\/strong><\/p>\n<h2>Quem pode se inscrever<\/h2>\n<p>O edital\u00a0com as regras para ocupa\u00e7\u00e3o das vagas remanescentes do Fies referente ao segundo semestre de 2025 estabelece que os candidatos devem:<\/p>\n<ul>\n<li>ter renda familiar mensal bruta per capita de at\u00e9 tr\u00eas sal\u00e1rios m\u00ednimos;<\/li>\n<li>ter condi\u00e7\u00f5es de atingir a frequ\u00eancia m\u00ednima exigida, ou seja, 70% de presen\u00e7a, neste segundo semestre letivo, no curso escolhido;<\/li>\n<li>ter participado de uma das edi\u00e7\u00f5es do Exame Nacional do Ensino M\u00e9dio (Enem), a partir de 2010;<\/li>\n<li>ter obtido m\u00e9dia aritm\u00e9tica das notas nas cinco provas do Enem igual ou superior a 450 pontos e n\u00e3o ter tirado nota zero na reda\u00e7\u00e3o.<\/li>\n<\/ul>\n<p>Aqueles candidatos que participaram de edi\u00e7\u00f5es do Enem apenas na condi\u00e7\u00e3o de treineiro n\u00e3o podem se inscrever para ter acesso ao Fies.<\/p>\n<p><strong>O edital destaca que 50% das vagas remanescentes ser\u00e3o reservadas ao Fies Social, modalidade que contempla os candidatos com renda familiar por pessoa de at\u00e9 meio sal\u00e1rio m\u00ednimo, inscritos no Cadastro \u00danico para Programas Sociais do Governo Federal (Cad\u00danico), com registro ativo.<\/strong><\/p>\n<h2>Sele\u00e7\u00e3o<\/h2>\n<p><strong>O resultado da chamada \u00fanica do Fies ser\u00e1 divulgado na pr\u00f3xima ter\u00e7a-feira (4).<\/strong>\u00a0<\/p>\n<p>De acordo com o MEC, a classifica\u00e7\u00e3o seguir\u00e1 a ordem decrescente das notas do Enem, com prioridade para candidatos:<\/p>\n<ul>\n<li>sem ensino superior que nunca foram beneficiados pelo Fies;<\/li>\n<li>sem ensino superior que quitaram financiamentos anteriores;<\/li>\n<li>com ensino superior que nunca foram beneficiados pelo Fies;<\/li>\n<li>com ensino superior que quitaram financiamentos anteriores.<\/li>\n<\/ul>\n<h2>Cronograma<\/h2>\n<p>Nos dias 5 e 6 de novembro, os pr\u00e9-selecionados na chamada \u00fanica dever\u00e3o validar as informa\u00e7\u00f5es declaradas na inscri\u00e7\u00e3o na Comiss\u00e3o Permanente de Supervis\u00e3o e Acompanhamento, dentro da institui\u00e7\u00e3o de ensino superior para a qual se candidatou.<\/p>\n<p><strong>Caso a comiss\u00e3o identifique erros ou inconsist\u00eancias referentes \u00e0s informa\u00e7\u00f5es prestadas, a institui\u00e7\u00e3o poder\u00e1 exigir a apresenta\u00e7\u00e3o de documenta\u00e7\u00e3o complementar.<\/strong><\/p>\n<p>Se a documenta\u00e7\u00e3o for aprovada, o pr\u00f3ximo passo \u00e9 a valida\u00e7\u00e3o das informa\u00e7\u00f5es em um agente financeiro em at\u00e9 10 dias, contados a partir do terceiro dia ap\u00f3s a valida\u00e7\u00e3o da inscri\u00e7\u00e3o pela comiss\u00e3o da faculdade. <strong>Somente ap\u00f3s a aprova\u00e7\u00e3o do banco poder\u00e1 ser formalizada a contrata\u00e7\u00e3o do financiamento, em at\u00e9 10 dias \u00fateis.<\/strong><\/p>\n<h2>Lista de espera<\/h2>\n<p>Os estudantes que n\u00e3o forem pr\u00e9-selecionados na chamada \u00fanica ser\u00e3o inclu\u00eddos automaticamente na lista de espera, e poder\u00e3o ser convocados entre 13 e 28 de novembro.<\/p>\n<p>      <!-- Relacionada --><\/p>\n<p>            <!-- Relacionada -->\n    <\/div>\n<p><br \/>\n<br \/>Fonte: <a href=\"https:\/\/agenciabrasil.ebc.com.br\/educacao\/noticia\/2025-10\/prazo-para-inscricao-vagas-remanescentes-do-fies-termina-hoje\">Ag\u00eancia Brasil<\/a><\/p>\n","protected":false},"excerpt":{"rendered":"<p>O prazo para as inscri\u00e7\u00f5es para as vagas remanescentes do Fundo de Financiamento Estudantil (Fies) podem ser feitas at\u00e9 as 23h59 desta quinta-feira (30), no hor\u00e1rio de Bras\u00edlia. As inscri\u00e7\u00f5es dever\u00e3o ser feitas exclusivamente pela internet, na p\u00e1gina do Fies\u00a0dentro do Portal \u00danico de Acesso ao Ensino Superior. O Fies \u00e9 o programa do Minist\u00e9rio [&hellip;]<\/p>\n","protected":false},"author":5,"featured_media":50846,"comment_status":"open","ping_status":"open","sticky":false,"template":"","format":"standard","meta":{"_seopress_robots_primary_cat":"","_seopress_titles_title":"","_seopress_titles_desc":"","_seopress_robots_index":"","footnotes":""},"categories":[44],"tags":[],"class_list":["post-54075","post","type-post","status-publish","format-standard","has-post-thumbnail","hentry","category-educacao"],"_links":{"self":[{"href":"https:\/\/mussicom.com\/noticias\/wp-json\/wp\/v2\/posts\/54075","targetHints":{"allow":["GET"]}}],"collection":[{"href":"https:\/\/mussicom.com\/noticias\/wp-json\/wp\/v2\/posts"}],"about":[{"href":"https:\/\/mussicom.com\/noticias\/wp-json\/wp\/v2\/types\/post"}],"author":[{"embeddable":true,"href":"https:\/\/mussicom.com\/noticias\/wp-json\/wp\/v2\/users\/5"}],"replies":[{"embeddable":true,"href":"https:\/\/mussicom.com\/noticias\/wp-json\/wp\/v2\/comments?post=54075"}],"version-history":[{"count":0,"href":"https:\/\/mussicom.com\/noticias\/wp-json\/wp\/v2\/posts\/54075\/revisions"}],"wp:featuredmedia":[{"embeddable":true,"href":"https:\/\/mussicom.com\/noticias\/wp-json\/wp\/v2\/media\/50846"}],"wp:attachment":[{"href":"https:\/\/mussicom.com\/noticias\/wp-json\/wp\/v2\/media?parent=54075"}],"wp:term":[{"taxonomy":"category","embeddable":true,"href":"https:\/\/mussicom.com\/noticias\/wp-json\/wp\/v2\/categories?post=54075"},{"taxonomy":"post_tag","embeddable":true,"href":"https:\/\/mussicom.com\/noticias\/wp-json\/wp\/v2\/tags?post=54075"}],"curies":[{"name":"wp","href":"https:\/\/api.w.org\/{rel}","templated":true}]}}