{"id":54054,"date":"2025-10-30T10:11:17","date_gmt":"2025-10-30T13:11:17","guid":{"rendered":"https:\/\/mussicom.com\/derrite-voltara-a-camara-para-equiparar-faccoes-a-terrorismo\/"},"modified":"2025-10-30T10:11:17","modified_gmt":"2025-10-30T13:11:17","slug":"derrite-voltara-a-camara-para-equiparar-faccoes-a-terrorismo","status":"publish","type":"post","link":"https:\/\/mussicom.com\/noticias\/derrite-voltara-a-camara-para-equiparar-faccoes-a-terrorismo\/","title":{"rendered":"Derrite voltar\u00e1 \u00e0 C\u00e2mara para equiparar fac\u00e7\u00f5es a terrorismo"},"content":{"rendered":"<p> <br \/>\n<\/p>\n<div>\n<p class=\"postParagraph_post-paragraph-innerHtml__Q5vwc\">Guilherme Derrite (PP) ir\u00e1 assumir seu mandato na C\u00e2mara para relatar um projeto de lei que <strong>equipara as fac\u00e7\u00f5es criminosas a organiza\u00e7\u00f5es terroristas<\/strong>. Pr\u00e9-candidato ao Senado, Derrite venceu as elei\u00e7\u00f5es para deputado federal por S\u00e3o Paulo, mas deixou o cargo para assumir o posto de secret\u00e1rio de Seguran\u00e7a P\u00fablica do estado de S\u00e3o Paulo.<\/p>\n<p class=\"postParagraph_post-paragraph-innerHtml__Q5vwc\">A troca deve ocorrer em novembro. O atual relator da proposta \u00e9 o deputado federal Nikolas Ferreira (PL-MG). O parlamentar concordou em ceder a relatoria para o atual secret\u00e1rio. Os dois concederam entrevista \u00e0 <em>CNN Brasil<\/em>. Nikolas diz que honrou Derrite ao ceder a relatoria. O deputado justifica a decis\u00e3o dizendo que Derrite &#8220;tem o hist\u00f3rico no combate \u00e0s organiza\u00e7\u00f5es criminosas.&#8221; Para Derrite, &#8220;as organiza\u00e7\u00f5es criminosas atuam como terroristas h\u00e1 muito tempo.&#8221;<\/p>\n<p class=\"postParagraph_post-paragraph__juWZN\">Para o secret\u00e1rio, a medida n\u00e3o \u00e9 solu\u00e7\u00e3o definitiva, mas pode ajudar. Ele atribui \u00e0 impunidade o aumento da criminalidade no Brasil.<\/p>\n<p class=\"postParagraph_post-paragraph__juWZN\">O autor do texto \u00e9 o deputado federal Danilo Forte (Uni\u00e3o-CE). A proposta pretende alterar a lei antiterrorismo. Com a altera\u00e7\u00e3o, mil\u00edcias e organiza\u00e7\u00f5es criminosas tamb\u00e9m entrariam no rol do que \u00e9 considerado organiza\u00e7\u00e3o terrorista. Em maio de 2025, a C\u00e2mara aprovou a urg\u00eancia da proposta. Falta, agora, a vota\u00e7\u00e3o no plen\u00e1rio. Para isso, o presidente da C\u00e2mara, deputado federal Hugo Motta (Republicanos-PB) deve incluir o projeto em pauta.<\/p>\n<div class=\"postViewMore_post-view-more-container___5wai\" data-mrf-recirculation=\"Post - Veja tamb\u00e9m\">\n<p class=\"gp-styles-module-size-small-afeYRa gp-styles-module-font-family2-afeYRa gp-styles-module-color-secondary-afeYRa gp-styles-module-weight-bold-afeYRa\">VEJA TAMB\u00c9M:<\/p>\n<ul class=\"postViewMore_post-view-more-list__CU_CE\">\n<li class=\"postViewMore_post-view-more-item__2MzRb\"><span class=\"postViewMore_post-view-more-link-icon___stPC\"><svg xmlns=\"http:\/\/www.w3.org\/2000\/svg\" width=\"16\" height=\"16\" viewbox=\"0 0 16 16\"><rect width=\"16\" height=\"16\" fill=\"none\"\/><g transform=\"translate(3 3)\"><path d=\"M22.5,15l3.4,3.4-3.4,3.4\" transform=\"translate(-15.896 -11.793)\" fill=\"none\" stroke=\"#717171\" stroke-linecap=\"round\" stroke-width=\"1.4\"\/><path d=\"M6,6v4.2a2.452,2.452,0,0,0,2.5,2.4H16\" transform=\"translate(-6 -6)\" fill=\"none\" stroke=\"#717171\" stroke-linecap=\"round\" stroke-width=\"1.4\"\/><\/g><\/svg><\/span><span class=\"postViewMore_post-view-more-link-text__hO_kM\">Moradores da Penha encontram mais de 60 corpos na mata um dia ap\u00f3s opera\u00e7\u00e3o no Rio<\/span><\/li>\n<li class=\"postViewMore_post-view-more-item__2MzRb\"><span class=\"postViewMore_post-view-more-link-icon___stPC\"><svg xmlns=\"http:\/\/www.w3.org\/2000\/svg\" width=\"16\" height=\"16\" viewbox=\"0 0 16 16\"><rect width=\"16\" height=\"16\" fill=\"none\"\/><g transform=\"translate(3 3)\"><path d=\"M22.5,15l3.4,3.4-3.4,3.4\" transform=\"translate(-15.896 -11.793)\" fill=\"none\" stroke=\"#717171\" stroke-linecap=\"round\" stroke-width=\"1.4\"\/><path d=\"M6,6v4.2a2.452,2.452,0,0,0,2.5,2.4H16\" transform=\"translate(-6 -6)\" fill=\"none\" stroke=\"#717171\" stroke-linecap=\"round\" stroke-width=\"1.4\"\/><\/g><\/svg><\/span><span class=\"postViewMore_post-view-more-link-text__hO_kM\">EUA emitem alerta de viagem para cidad\u00e3os americanos ap\u00f3s megaopera\u00e7\u00e3o no Rio de Janeiro<\/span><\/li>\n<\/ul>\n<\/div>\n<h2 class=\"postParagraph_post-paragraph__juWZN postParagraph_type-tag-h2__TtFkT\">No Rio, opera\u00e7\u00e3o policial transformou paisagem em &#8220;cen\u00e1rio de guerra&#8221;<\/h2>\n<p class=\"postParagraph_post-paragraph__juWZN\">Os projetos sobre seguran\u00e7a p\u00fablica reaquecem ap\u00f3s, no Rio de Janeiro, a Opera\u00e7\u00e3o Conten\u00e7\u00e3o terminar com mais de 100 mortos, incluindo ao menos quatro policiais. A opera\u00e7\u00e3o, fruto de a\u00e7\u00e3o conjunta entre o Minist\u00e9rio P\u00fablico do Estado do Rio de Janeiro e as pol\u00edcias civil e militar do estado, buscava conter o avan\u00e7o do Comando Vermelho em comunidades cariocas.<\/p>\n<p class=\"postParagraph_post-paragraph__juWZN\">A oposi\u00e7\u00e3o e o governo do Rio de Janeiro criticam a falta de aux\u00edlio por parte do governo federal. Em meio \u00e0s mortes, Planalto e bancada governista trazem \u00e0 discuss\u00e3o a PEC da seguran\u00e7a p\u00fablica, proposta que pode centralizar a gest\u00e3o das pol\u00edcias na Uni\u00e3o. Governadores acreditam que a proposta, caso aprovada, pode enfraquecer o combate \u00e0s peculiaridades locais da criminalidade.<\/p>\n<\/div>\n<p><br \/>\n<br \/>Fonte: <a href=\"https:\/\/www.gazetadopovo.com.br\/republica\/derrite-voltara-camara-para-equiparar-faccoes-a-terrorismo\/\">Revista Oeste<\/a><\/p>\n","protected":false},"excerpt":{"rendered":"<p>Guilherme Derrite (PP) ir\u00e1 assumir seu mandato na C\u00e2mara para relatar um projeto de lei que equipara as fac\u00e7\u00f5es criminosas a organiza\u00e7\u00f5es terroristas. Pr\u00e9-candidato ao Senado, Derrite venceu as elei\u00e7\u00f5es para deputado federal por S\u00e3o Paulo, mas deixou o cargo para assumir o posto de secret\u00e1rio de Seguran\u00e7a P\u00fablica do estado de S\u00e3o Paulo. A [&hellip;]<\/p>\n","protected":false},"author":5,"featured_media":54055,"comment_status":"open","ping_status":"open","sticky":false,"template":"","format":"standard","meta":{"_seopress_robots_primary_cat":"","_seopress_titles_title":"","_seopress_titles_desc":"","_seopress_robots_index":"","footnotes":""},"categories":[1],"tags":[],"class_list":["post-54054","post","type-post","status-publish","format-standard","has-post-thumbnail","hentry","category-ultimas-noticias"],"_links":{"self":[{"href":"https:\/\/mussicom.com\/noticias\/wp-json\/wp\/v2\/posts\/54054","targetHints":{"allow":["GET"]}}],"collection":[{"href":"https:\/\/mussicom.com\/noticias\/wp-json\/wp\/v2\/posts"}],"about":[{"href":"https:\/\/mussicom.com\/noticias\/wp-json\/wp\/v2\/types\/post"}],"author":[{"embeddable":true,"href":"https:\/\/mussicom.com\/noticias\/wp-json\/wp\/v2\/users\/5"}],"replies":[{"embeddable":true,"href":"https:\/\/mussicom.com\/noticias\/wp-json\/wp\/v2\/comments?post=54054"}],"version-history":[{"count":0,"href":"https:\/\/mussicom.com\/noticias\/wp-json\/wp\/v2\/posts\/54054\/revisions"}],"wp:featuredmedia":[{"embeddable":true,"href":"https:\/\/mussicom.com\/noticias\/wp-json\/wp\/v2\/media\/54055"}],"wp:attachment":[{"href":"https:\/\/mussicom.com\/noticias\/wp-json\/wp\/v2\/media?parent=54054"}],"wp:term":[{"taxonomy":"category","embeddable":true,"href":"https:\/\/mussicom.com\/noticias\/wp-json\/wp\/v2\/categories?post=54054"},{"taxonomy":"post_tag","embeddable":true,"href":"https:\/\/mussicom.com\/noticias\/wp-json\/wp\/v2\/tags?post=54054"}],"curies":[{"name":"wp","href":"https:\/\/api.w.org\/{rel}","templated":true}]}}