{"id":53988,"date":"2025-10-29T15:59:14","date_gmt":"2025-10-29T18:59:14","guid":{"rendered":"https:\/\/mussicom.com\/fortaleza-tera-retornos-contra-o-santos-em-confronto-direto-na-vila\/"},"modified":"2025-10-29T15:59:14","modified_gmt":"2025-10-29T18:59:14","slug":"fortaleza-tera-retornos-contra-o-santos-em-confronto-direto-na-vila","status":"publish","type":"post","link":"https:\/\/mussicom.com\/noticias\/fortaleza-tera-retornos-contra-o-santos-em-confronto-direto-na-vila\/","title":{"rendered":"Fortaleza ter\u00e1 retornos contra o Santos em confronto direto na Vila"},"content":{"rendered":"<p> <br \/>\n<\/p>\n<div>\n<div id=\"attachment_175270\" style=\"width: 1002px\" class=\"wp-caption aligncenter\"><\/p>\n<p id=\"caption-attachment-175270\" class=\"wp-caption-text\">Lucas Crispim retornou a pouco tempo ao Fortaleza\u00a0 (Cr\u00e9dito: : Fabiane de Paula\/SVM)<\/p>\n<\/div>\n<p>O Fortaleza ter\u00e1 o retorno do zagueiro Kuscevic e o atacante Lucero, que estavam suspensos na \u00faltima rodada, e do meia Lucas Crispim, que est\u00e1 recuperado de uma fadiga muscular, para o jogo contra o Santos neste s\u00e1bado (01), \u00e0s 16 horas, na Vila Belmiro, pela 31\u00aa rodada do Brasileir\u00e3o.<\/p>\n<p>Ao mesmo tempo, o time cearense tem cinco jogadores no Departamento M\u00e9dico. \u00c9 o caso do goleiro Jo\u00e3o Ricardo (cirurgia no ombro direito), do zagueiro Benevenuto (edema muscular na posterior da coxa direita), o meia-atacante Matheus Pereira (edema muscular na posterior da coxa direita e os atacantes Marinho (entorse no tornozelo esquerdo) e Allanzinho (edema muscular na coxa direita).<\/p>\n<p><em><strong>Leia tamb\u00e9m:<\/strong> Santos comercializa placas de publicidade do CT Rei Pel\u00e9 e amplia busca por parceiros no mercado<\/em><\/p>\n<p>\u00c9 confronto direto por briga na parte debaixo da tabela. Para a equipe do t\u00e9cnico Vojvoda, \u00e9 a chance de ampliar vantagem e fugir da zona de rebaixamento. Atualmente, o Peixe tem 32 pontos e \u00e9 o primeiro fora do Z4. O Vit\u00f3ria, primeiro time na zona da degola, tem 31 pontos e joga contra o Cruzeiro fora de casa.<\/p>\n<p>J\u00e1 para o Le\u00e3o do Pici, que ocupa a 18\u00aa coloca\u00e7\u00e3o com 27 pontos, \u00e9 a chance de somar pontos para tentar escapar da queda. Mesmo em caso de vit\u00f3ria, chegaria a 30 pontos e permaneceria na zona de rebaixamento j\u00e1 que n\u00e3o passaria o time baiano independente do resultado contra o time mineiro.<\/p>\n<\/p><\/div>\n<p><br \/>\n<br \/>Fonte: <a href=\"https:\/\/www.diariodopeixe.com.br\/noticias\/fortaleza-tera-retornos-contra-o-santos-em-confronto-direto-na-vila\/\">Placar<\/a><\/p>\n","protected":false},"excerpt":{"rendered":"<p>Lucas Crispim retornou a pouco tempo ao Fortaleza\u00a0 (Cr\u00e9dito: : Fabiane de Paula\/SVM) O Fortaleza ter\u00e1 o retorno do zagueiro Kuscevic e o atacante Lucero, que estavam suspensos na \u00faltima rodada, e do meia Lucas Crispim, que est\u00e1 recuperado de uma fadiga muscular, para o jogo contra o Santos neste s\u00e1bado (01), \u00e0s 16 horas, [&hellip;]<\/p>\n","protected":false},"author":5,"featured_media":53989,"comment_status":"open","ping_status":"open","sticky":false,"template":"","format":"standard","meta":{"_seopress_robots_primary_cat":"","_seopress_titles_title":"","_seopress_titles_desc":"","_seopress_robots_index":"","footnotes":""},"categories":[55],"tags":[],"class_list":["post-53988","post","type-post","status-publish","format-standard","has-post-thumbnail","hentry","category-santos-fc"],"_links":{"self":[{"href":"https:\/\/mussicom.com\/noticias\/wp-json\/wp\/v2\/posts\/53988","targetHints":{"allow":["GET"]}}],"collection":[{"href":"https:\/\/mussicom.com\/noticias\/wp-json\/wp\/v2\/posts"}],"about":[{"href":"https:\/\/mussicom.com\/noticias\/wp-json\/wp\/v2\/types\/post"}],"author":[{"embeddable":true,"href":"https:\/\/mussicom.com\/noticias\/wp-json\/wp\/v2\/users\/5"}],"replies":[{"embeddable":true,"href":"https:\/\/mussicom.com\/noticias\/wp-json\/wp\/v2\/comments?post=53988"}],"version-history":[{"count":0,"href":"https:\/\/mussicom.com\/noticias\/wp-json\/wp\/v2\/posts\/53988\/revisions"}],"wp:featuredmedia":[{"embeddable":true,"href":"https:\/\/mussicom.com\/noticias\/wp-json\/wp\/v2\/media\/53989"}],"wp:attachment":[{"href":"https:\/\/mussicom.com\/noticias\/wp-json\/wp\/v2\/media?parent=53988"}],"wp:term":[{"taxonomy":"category","embeddable":true,"href":"https:\/\/mussicom.com\/noticias\/wp-json\/wp\/v2\/categories?post=53988"},{"taxonomy":"post_tag","embeddable":true,"href":"https:\/\/mussicom.com\/noticias\/wp-json\/wp\/v2\/tags?post=53988"}],"curies":[{"name":"wp","href":"https:\/\/api.w.org\/{rel}","templated":true}]}}