{"id":5386,"date":"2025-03-13T18:25:59","date_gmt":"2025-03-13T21:25:59","guid":{"rendered":"https:\/\/mussicom.com\/explosao-de-granada-deixa-3-mortos-e-9-feridos\/"},"modified":"2025-03-13T18:25:59","modified_gmt":"2025-03-13T21:25:59","slug":"explosao-de-granada-deixa-3-mortos-e-9-feridos","status":"publish","type":"post","link":"https:\/\/mussicom.com\/noticias\/explosao-de-granada-deixa-3-mortos-e-9-feridos\/","title":{"rendered":"explos\u00e3o de granada deixa 3 mortos e 9 feridos"},"content":{"rendered":"<p> <br \/>\n<\/p>\n<div id=\"hd80s9wa1h892edh8192\">\n<p>Uma explos\u00e3o causada por uma granada no bairro San Bernardo, em Bogot\u00e1, matou tr\u00eas pessoas e feriu outras nove na noite desta quarta-feira, 12. A <strong>pol\u00edcia<\/strong> local suspeita que o ataque esteja relacionado \u00e0 disputa pelo controle do tr\u00e1fico de drogas na regi\u00e3o. O artefato foi lan\u00e7ado pr\u00f3ximo a uma esta\u00e7\u00e3o do TransMil\u00eanio, sistema de transporte p\u00fablico semelhante ao BRT, onde se encontravam pessoas em situa\u00e7\u00e3o de rua.<\/p>\n<p>O general Giovanni Cristancho, chefe da pol\u00edcia de Bogot\u00e1, atribuiu o ataque ao confronto entre as fac\u00e7\u00f5es \u201cLos Venecos\u201d e \u201cLos Coste\u00f1os\u201d. Segundo ele, esses grupos criminosos disputam territ\u00f3rios na capital colombiana, e a explos\u00e3o faz parte dessa guerra. As informa\u00e7\u00f5es foram divulgadas pelo jornal <em>El Tiempo<\/em>.<\/p>\n<p><strong><strong>+ Leia mais not\u00edcias de Mundo em Oeste<\/strong><\/strong><\/p>\n<p>Horas antes do atentado, o prefeito de Bogot\u00e1, Carlos Fernando Gal\u00e1n, visitou o bairro San Bernardo. Em um v\u00eddeo publicado no <strong>X<\/strong>, ele apareceu durante caminhada pela regi\u00e3o.<\/p>\n<h2 class=\"wp-block-heading\">Prefeito de Bogot\u00e1 condenou o ataque<\/h2>\n<p>Depois da explos\u00e3o, Gal\u00e1n condenou o ataque e refor\u00e7ou o compromisso da prefeitura no combate ao crime organizado. Ele revelou que, em 2025, a pol\u00edcia j\u00e1 prendeu 120 suspeitos no bairro e apreendeu mais de 20 mil unidades de entorpecentes, al\u00e9m de armas, muni\u00e7\u00f5es e ve\u00edculos roubados.<\/p>\n<p>\u201cN\u00e3o iremos retroceder\u201d, afirmou o prefeito. \u201cPelo contr\u00e1rio, vamos dobrar os esfor\u00e7os.\u201d<\/p>\n<p>Diante do cen\u00e1rio de viol\u00eancia, o prefeito anunciou um refor\u00e7o nas opera\u00e7\u00f5es policiais para desarticular as fac\u00e7\u00f5es e reduzir os \u00edndices criminais na capital <strong>colombiana<\/strong>.<\/p>\n<figure class=\"wp-block-embed is-type-rich is-provider-twitter wp-block-embed-twitter\">\n<div class=\"wp-block-embed__wrapper\">\n<blockquote class=\"twitter-tweet\" data-width=\"500\" data-dnt=\"true\">\n<p lang=\"es\" dir=\"ltr\">No podemos ceder ante la violencia de las bandas criminales en el barrio San Bernardo. <\/p>\n<p>Esta noche, un nuevo artefacto explosivo fue lanzado contra una aglomeraci\u00f3n de personas en la Calle 3 con Carrera 10, dejando, lamentablemente, 3 muertos y, al menos, 9 heridos. <\/p>\n<p>Este nuevo\u2026<\/p>\n<p>\u2014 Carlos F. Gal\u00e1n (@CarlosFGalan) <a href=\"https:\/\/twitter.com\/CarlosFGalan\/status\/1900044690298220868?ref_src=twsrc%5Etfw\">March 13, 2025<\/a><\/p><\/blockquote>\n<\/div>\n<\/figure><\/div>\n<p><script async src=\"\/\/platform.twitter.com\/widgets.js\" charset=\"utf-8\"><\/script><br \/>\n<br \/><br \/>\n<br \/>Fonte: <a href=\"https:\/\/revistaoeste.com\/mundo\/explosao-de-granada-em-bogota-deixa-tres-mortos-e-nove-feridos-em-meio-a-disputa-entre-faccoes\/\">Revista Oeste<\/a><\/p>\n","protected":false},"excerpt":{"rendered":"<p>Uma explos\u00e3o causada por uma granada no bairro San Bernardo, em Bogot\u00e1, matou tr\u00eas pessoas e feriu outras nove na noite desta quarta-feira, 12. A pol\u00edcia local suspeita que o ataque esteja relacionado \u00e0 disputa pelo controle do tr\u00e1fico de drogas na regi\u00e3o. O artefato foi lan\u00e7ado pr\u00f3ximo a uma esta\u00e7\u00e3o do TransMil\u00eanio, sistema de [&hellip;]<\/p>\n","protected":false},"author":5,"featured_media":5387,"comment_status":"open","ping_status":"open","sticky":false,"template":"","format":"standard","meta":{"_seopress_robots_primary_cat":"","_seopress_titles_title":"","_seopress_titles_desc":"","_seopress_robots_index":"","footnotes":""},"categories":[48],"tags":[],"class_list":["post-5386","post","type-post","status-publish","format-standard","has-post-thumbnail","hentry","category-internacional"],"_links":{"self":[{"href":"https:\/\/mussicom.com\/noticias\/wp-json\/wp\/v2\/posts\/5386","targetHints":{"allow":["GET"]}}],"collection":[{"href":"https:\/\/mussicom.com\/noticias\/wp-json\/wp\/v2\/posts"}],"about":[{"href":"https:\/\/mussicom.com\/noticias\/wp-json\/wp\/v2\/types\/post"}],"author":[{"embeddable":true,"href":"https:\/\/mussicom.com\/noticias\/wp-json\/wp\/v2\/users\/5"}],"replies":[{"embeddable":true,"href":"https:\/\/mussicom.com\/noticias\/wp-json\/wp\/v2\/comments?post=5386"}],"version-history":[{"count":0,"href":"https:\/\/mussicom.com\/noticias\/wp-json\/wp\/v2\/posts\/5386\/revisions"}],"wp:featuredmedia":[{"embeddable":true,"href":"https:\/\/mussicom.com\/noticias\/wp-json\/wp\/v2\/media\/5387"}],"wp:attachment":[{"href":"https:\/\/mussicom.com\/noticias\/wp-json\/wp\/v2\/media?parent=5386"}],"wp:term":[{"taxonomy":"category","embeddable":true,"href":"https:\/\/mussicom.com\/noticias\/wp-json\/wp\/v2\/categories?post=5386"},{"taxonomy":"post_tag","embeddable":true,"href":"https:\/\/mussicom.com\/noticias\/wp-json\/wp\/v2\/tags?post=5386"}],"curies":[{"name":"wp","href":"https:\/\/api.w.org\/{rel}","templated":true}]}}