{"id":5367,"date":"2025-03-13T17:24:14","date_gmt":"2025-03-13T20:24:14","guid":{"rendered":"https:\/\/mussicom.com\/papa-francisco-celebra-12o-ano-como-lider-da-igreja-catolica\/"},"modified":"2025-03-13T17:24:14","modified_gmt":"2025-03-13T20:24:14","slug":"papa-francisco-celebra-12o-ano-como-lider-da-igreja-catolica","status":"publish","type":"post","link":"https:\/\/mussicom.com\/noticias\/papa-francisco-celebra-12o-ano-como-lider-da-igreja-catolica\/","title":{"rendered":"Papa Francisco celebra 12\u00ba ano como l\u00edder da Igreja Cat\u00f3lica"},"content":{"rendered":"<p> <br \/>\n<\/p>\n<div id=\"hd80s9wa1h892edh8192\">\n<p>O papa Francisco completa nesta quinta-feira, 13, seu 12\u00ba anivers\u00e1rio de elei\u00e7\u00e3o como l\u00edder da <strong>Igreja Cat\u00f3lica<\/strong>. Ele est\u00e1 internado h\u00e1 quase um m\u00eas em um hospital de Roma, por causa de uma infec\u00e7\u00e3o respirat\u00f3ria.<\/p>\n<p>Os \u00faltimos boletins m\u00e9dicos divulgados pelo <strong>Vaticano<\/strong> sobre o estado de sa\u00fade do papa, de 88 anos, revelam que ele tem melhorado, e n\u00e3o corre mais risco imediato. No entanto, n\u00e3o h\u00e1 previs\u00e3o de alta.<\/p>\n<p><strong>+ Leia mais not\u00edcias do Mundo em Oeste<\/strong><\/p>\n<p>Francisco foi eleito papa pelos cardeais em 13 de mar\u00e7o de 2013. No entanto, sua perman\u00eancia cont\u00ednua no hospital desde 14 de fevereiro altera o tom das celebra\u00e7\u00f5es deste dia entre os cat\u00f3licos.<\/p>\n<figure class=\"wp-block-image aligncenter size-full\"><picture><source data-srcset=\"https:\/\/medias.revistaoeste.com\/wp-content\/uploads\/2025\/03\/cq5dam.thumbnail.cropped.750.422.jpeg.webp 750w, https:\/\/medias.revistaoeste.com\/wp-content\/uploads\/2025\/03\/cq5dam.thumbnail.cropped.750.422-300x169.jpeg.webp 300w, https:\/\/medias.revistaoeste.com\/wp-content\/uploads\/2025\/03\/cq5dam.thumbnail.cropped.750.422-400x225.jpeg.webp 400w, https:\/\/medias.revistaoeste.com\/wp-content\/uploads\/2025\/03\/cq5dam.thumbnail.cropped.750.422-216x121.jpeg.webp 216w, https:\/\/medias.revistaoeste.com\/wp-content\/uploads\/2025\/03\/cq5dam.thumbnail.cropped.750.422-150x84.jpeg.webp 150w\" data-sizes=\"(max-width: 750px) 100vw, 750px\" type=\"image\/webp\"><img alt=\"\" fetchpriority=\"high\" decoding=\"async\" width=\"750\" height=\"422\" src=\"https:\/\/medias.revistaoeste.com\/wp-content\/uploads\/2025\/03\/cq5dam.thumbnail.cropped.750.422.jpeg\" alt=\"\" class=\"wp-image-1906889\" srcset=\"https:\/\/medias.revistaoeste.com\/wp-content\/uploads\/2025\/03\/cq5dam.thumbnail.cropped.750.422.jpeg 750w, https:\/\/medias.revistaoeste.com\/wp-content\/uploads\/2025\/03\/cq5dam.thumbnail.cropped.750.422-300x169.jpeg 300w, https:\/\/medias.revistaoeste.com\/wp-content\/uploads\/2025\/03\/cq5dam.thumbnail.cropped.750.422-400x225.jpeg 400w, https:\/\/medias.revistaoeste.com\/wp-content\/uploads\/2025\/03\/cq5dam.thumbnail.cropped.750.422-216x121.jpeg 216w, https:\/\/medias.revistaoeste.com\/wp-content\/uploads\/2025\/03\/cq5dam.thumbnail.cropped.750.422-150x84.jpeg 150w\" sizes=\"(max-width: 750px) 100vw, 750px\" data-eio=\"p\"\/><\/source><\/picture><figcaption class=\"wp-element-caption\">O papa Francisco em visita ao Santu\u00e1rio de Aparecida em 2013 | Foto: Reprodu\u00e7\u00e3o\/Vaticano<\/figcaption><\/figure>\n<p>O cardeal Michael Czerny, uma autoridade do Vaticano pr\u00f3xima ao papa Francisco, descreveu o anivers\u00e1rio de sua elei\u00e7\u00e3o como \u201cum motivo de gratid\u00e3o\u201d. Ele diz que, neste ano, a doen\u00e7a do pont\u00edfice \u201cnos torna especialmente conscientes, especialmente gratos a Deus e redobrando nossas ora\u00e7\u00f5es por sua recupera\u00e7\u00e3o completa\u201d.<\/p>\n<p>De acordo com o boletim mais recente divulgado pelo Vaticano, a madrugada desta quinta-feira, 13, foi tranquila. Pela manh\u00e3, o papa acompanhou por videoconfer\u00eancia os exerc\u00edcios espirituais conduzidos por um padre e, em seguida, rezou na capela pr\u00f3xima ao seu quarto.<\/p>\n<p>\u201cFrancisco continuou as terapias prescritas, incluindo a medicamentosa e a fisioterapia motora ativa\u201d, diz o boletim. Depois de passar por ventila\u00e7\u00e3o mec\u00e2nica n\u00e3o invasiva durante a noite, o pont\u00edfice passou para a oxigena\u00e7\u00e3o de alto fluxo com c\u00e2nulas nasais.<\/p>\n<blockquote class=\"instagram-media\" data-instgrm-captioned=\"\" data-instgrm-permalink=\"https:\/\/www.instagram.com\/p\/DHI3VIrtSrL\/?utm_source=ig_embed&amp;utm_campaign=loading\" data-instgrm-version=\"14\" style=\"background:#FFF;border:0;border-radius:3px;margin: 1px;max-width:540px;min-width:326px;padding:0;width:99.375%;width:-webkit-calc(100% - 2px);width:calc(100% - 2px)\"\/>\n<p>Nesta sexta-feira, 14, o cardeal-secret\u00e1rio de Estado Pietro Parolin presidir\u00e1, \u00e0s 10h30 locais, uma missa pelo papa, diz ainda o boletim do Vaticano.<\/p>\n<h2 class=\"wp-block-heading\"><strong>Agenda do papa tem pelo menos uma viagem internacional prevista<\/strong><\/h2>\n<p>Francisco tem mantido seus compromissos durante a interna\u00e7\u00e3o no hospital. Contudo, ao iniciar o 13\u00ba ano de pontificado, n\u00e3o est\u00e1 claro se conseguir\u00e1 manter o mesmo ritmo depois de ter alta. M\u00e9dicos n\u00e3o envolvidos diretamente no tratamento revelam que ele vai passar por um longo processo de recupera\u00e7\u00e3o, devido \u00e0 idade e a outras condi\u00e7\u00f5es m\u00e9dicas que afetam a mobilidade.<\/p>\n<p>A aus\u00eancia prolongada do pont\u00edfice alimentou especula\u00e7\u00f5es sobre uma poss\u00edvel ren\u00fancia, semelhante ao exemplo de seu antecessor, Bento XVI. No entanto, amigos e bi\u00f3grafos do papa afirmam que ele n\u00e3o tem inten\u00e7\u00f5es de renunciar.<\/p>\n<figure class=\"wp-block-image aligncenter size-full\"><picture><source data-srcset=\"https:\/\/medias.revistaoeste.com\/wp-content\/uploads\/2025\/03\/cq5dam.thumbnail.cropped.750.422-1.jpeg.webp 750w, https:\/\/medias.revistaoeste.com\/wp-content\/uploads\/2025\/03\/cq5dam.thumbnail.cropped.750.422-1-300x168.jpeg.webp 300w, https:\/\/medias.revistaoeste.com\/wp-content\/uploads\/2025\/03\/cq5dam.thumbnail.cropped.750.422-1-400x225.jpeg.webp 400w, https:\/\/medias.revistaoeste.com\/wp-content\/uploads\/2025\/03\/cq5dam.thumbnail.cropped.750.422-1-216x121.jpeg.webp 216w, https:\/\/medias.revistaoeste.com\/wp-content\/uploads\/2025\/03\/cq5dam.thumbnail.cropped.750.422-1-150x84.jpeg.webp 150w\" data-sizes=\"(max-width: 750px) 100vw, 750px\" type=\"image\/webp\"><img alt=\"\" decoding=\"async\" width=\"750\" height=\"421\" alt=\"\" class=\"wp-image-1908442 perfmatters-lazy\" data-eio=\"p\" src=\"https:\/\/medias.revistaoeste.com\/wp-content\/uploads\/2025\/03\/cq5dam.thumbnail.cropped.750.422-1.jpeg\" srcset=\"https:\/\/medias.revistaoeste.com\/wp-content\/uploads\/2025\/03\/cq5dam.thumbnail.cropped.750.422-1.jpeg 750w, https:\/\/medias.revistaoeste.com\/wp-content\/uploads\/2025\/03\/cq5dam.thumbnail.cropped.750.422-1-300x168.jpeg 300w, https:\/\/medias.revistaoeste.com\/wp-content\/uploads\/2025\/03\/cq5dam.thumbnail.cropped.750.422-1-400x225.jpeg 400w, https:\/\/medias.revistaoeste.com\/wp-content\/uploads\/2025\/03\/cq5dam.thumbnail.cropped.750.422-1-216x121.jpeg 216w, https:\/\/medias.revistaoeste.com\/wp-content\/uploads\/2025\/03\/cq5dam.thumbnail.cropped.750.422-1-150x84.jpeg 150w\" data-sizes=\"(max-width: 750px) 100vw, 750px\"\/><img alt=\"\" decoding=\"async\" width=\"750\" height=\"421\" src=\"https:\/\/medias.revistaoeste.com\/wp-content\/uploads\/2025\/03\/cq5dam.thumbnail.cropped.750.422-1.jpeg\" alt=\"\" class=\"wp-image-1908442\" srcset=\"https:\/\/medias.revistaoeste.com\/wp-content\/uploads\/2025\/03\/cq5dam.thumbnail.cropped.750.422-1.jpeg 750w, https:\/\/medias.revistaoeste.com\/wp-content\/uploads\/2025\/03\/cq5dam.thumbnail.cropped.750.422-1-300x168.jpeg 300w, https:\/\/medias.revistaoeste.com\/wp-content\/uploads\/2025\/03\/cq5dam.thumbnail.cropped.750.422-1-400x225.jpeg 400w, https:\/\/medias.revistaoeste.com\/wp-content\/uploads\/2025\/03\/cq5dam.thumbnail.cropped.750.422-1-216x121.jpeg 216w, https:\/\/medias.revistaoeste.com\/wp-content\/uploads\/2025\/03\/cq5dam.thumbnail.cropped.750.422-1-150x84.jpeg 150w\" sizes=\"(max-width: 750px) 100vw, 750px\" data-eio=\"p\"\/><\/source><\/picture><figcaption class=\"wp-element-caption\">Os papas Francisco e Bento XVI | Foto: Reprodu\u00e7\u00e3o\/Vaticano<\/figcaption><\/figure>\n<p>Parte significativa da agenda de Francisco para 2025 est\u00e1 centrada no Ano Santo Cat\u00f3lico, que vai ocupar seu calend\u00e1rio com audi\u00eancias de grupos de peregrinos que vir\u00e3o a Roma. A Igreja espera receber 32 milh\u00f5es de peregrinos durante o ano.\u00a0<\/p>\n<p>Al\u00e9m disso, Francisco planeja, pelo menos, uma viagem internacional, com destino \u00e0 Turquia, para participar das comemora\u00e7\u00f5es do 1.700\u00ba anivers\u00e1rio do Conc\u00edlio de Niceia \u2014 hoje chamada Iznik. Autoridades do Vaticano esperam que ele consiga fazer a viagem, mesmo que ela precise ser adiada para depois de maio.<\/p>\n<h2 class=\"wp-block-heading\">Papa Francisco \u00e9 o primeiro latino-americano a liderar a Igreja Cat\u00f3lica<\/h2>\n<p>Francisco, nascido Jorge Mario Bergoglio, na <strong>Argentina<\/strong>, \u00e9 o primeiro papa latino-americano, eleito aos 76 anos. Em seus 12 anos de papado, fez mudan\u00e7as na burocracia do Vaticano, escreveu quatro documentos de ensino, fez 47 viagens internacionais, visitou mais de 65 pa\u00edses e canonizou mais de 900 santos.\u00a0<\/p>\n<figure class=\"wp-block-image aligncenter size-full\"><picture><source data-srcset=\"https:\/\/medias.revistaoeste.com\/wp-content\/uploads\/2025\/03\/cq5dam.thumbnail.cropped.750.422-3.jpeg.webp 750w, https:\/\/medias.revistaoeste.com\/wp-content\/uploads\/2025\/03\/cq5dam.thumbnail.cropped.750.422-3-300x169.jpeg.webp 300w, https:\/\/medias.revistaoeste.com\/wp-content\/uploads\/2025\/03\/cq5dam.thumbnail.cropped.750.422-3-400x225.jpeg.webp 400w, https:\/\/medias.revistaoeste.com\/wp-content\/uploads\/2025\/03\/cq5dam.thumbnail.cropped.750.422-3-216x121.jpeg.webp 216w, https:\/\/medias.revistaoeste.com\/wp-content\/uploads\/2025\/03\/cq5dam.thumbnail.cropped.750.422-3-150x84.jpeg.webp 150w\" data-sizes=\"(max-width: 750px) 100vw, 750px\" type=\"image\/webp\"><img alt=\"\" loading=\"lazy\" decoding=\"async\" width=\"750\" height=\"422\" alt=\"\" class=\"wp-image-1911028 perfmatters-lazy\" data-eio=\"p\" src=\"https:\/\/medias.revistaoeste.com\/wp-content\/uploads\/2025\/03\/cq5dam.thumbnail.cropped.750.422-3.jpeg\" srcset=\"https:\/\/medias.revistaoeste.com\/wp-content\/uploads\/2025\/03\/cq5dam.thumbnail.cropped.750.422-3.jpeg 750w, https:\/\/medias.revistaoeste.com\/wp-content\/uploads\/2025\/03\/cq5dam.thumbnail.cropped.750.422-3-300x169.jpeg 300w, https:\/\/medias.revistaoeste.com\/wp-content\/uploads\/2025\/03\/cq5dam.thumbnail.cropped.750.422-3-400x225.jpeg 400w, https:\/\/medias.revistaoeste.com\/wp-content\/uploads\/2025\/03\/cq5dam.thumbnail.cropped.750.422-3-216x121.jpeg 216w, https:\/\/medias.revistaoeste.com\/wp-content\/uploads\/2025\/03\/cq5dam.thumbnail.cropped.750.422-3-150x84.jpeg 150w\" data-sizes=\"(max-width: 750px) 100vw, 750px\"\/><img alt=\"\" loading=\"lazy\" decoding=\"async\" width=\"750\" height=\"422\" src=\"https:\/\/medias.revistaoeste.com\/wp-content\/uploads\/2025\/03\/cq5dam.thumbnail.cropped.750.422-3.jpeg\" alt=\"\" class=\"wp-image-1911028\" srcset=\"https:\/\/medias.revistaoeste.com\/wp-content\/uploads\/2025\/03\/cq5dam.thumbnail.cropped.750.422-3.jpeg 750w, https:\/\/medias.revistaoeste.com\/wp-content\/uploads\/2025\/03\/cq5dam.thumbnail.cropped.750.422-3-300x169.jpeg 300w, https:\/\/medias.revistaoeste.com\/wp-content\/uploads\/2025\/03\/cq5dam.thumbnail.cropped.750.422-3-400x225.jpeg 400w, https:\/\/medias.revistaoeste.com\/wp-content\/uploads\/2025\/03\/cq5dam.thumbnail.cropped.750.422-3-216x121.jpeg 216w, https:\/\/medias.revistaoeste.com\/wp-content\/uploads\/2025\/03\/cq5dam.thumbnail.cropped.750.422-3-150x84.jpeg 150w\" sizes=\"(max-width: 750px) 100vw, 750px\" data-eio=\"p\"\/><\/source><\/picture><figcaption class=\"wp-element-caption\">O cardeal brasileiro Odilo Pedro Scherer, em um encontro com o papa Francisco | Foto: Reprodu\u00e7\u00e3o\/Vatican News<\/figcaption><\/figure>\n<p>Entre suas principais decis\u00f5es, permitiu que padres aben\u00e7oassem casais do mesmo sexo em casos espec\u00edficos e nomeou mulheres para ocupar cargos de lideran\u00e7a no Vaticano pela primeira vez. Al\u00e9m disso, organizou cinco grandes c\u00fapulas com bispos cat\u00f3licos para discutir quest\u00f5es como a ordena\u00e7\u00e3o de mulheres e mudan\u00e7as nos ensinamentos da Igreja sobre sexualidade.<\/p>\n<p>As escolhas do papa geraram rea\u00e7\u00f5es mistas. Alguns cardeais seniores acusaram Francisco de suavizar os ensinamentos da Igreja em temas como o casamento entre pessoas do mesmo sexo, div\u00f3rcio e novos casamentos. Al\u00e9m disso, houve cr\u00edticas ao papa por se concentrar excessivamente em quest\u00f5es pol\u00edticas, como a imigra\u00e7\u00e3o nos EUA.<\/p>\n<p>Em rela\u00e7\u00e3o aos casos de abuso sexual entre o clero cat\u00f3lico, Francisco criou a primeira comiss\u00e3o papal sobre o tema. No entanto, grupos de sobreviventes questionaram a efic\u00e1cia do trabalho e pediram pol\u00edticas mais firmes de toler\u00e2ncia zero.<\/p>\n<\/p><\/div>\n<p><script async src=\"\/\/www.instagram.com\/embed.js\"><\/script><br \/>\n<br \/><br \/>\n<br \/>Fonte: <a href=\"https:\/\/revistaoeste.com\/mundo\/papa-francisco-celebra-12o-ano-como-lider-da-igreja-catolica\/\">Revista Oeste<\/a><\/p>\n","protected":false},"excerpt":{"rendered":"<p>O papa Francisco completa nesta quinta-feira, 13, seu 12\u00ba anivers\u00e1rio de elei\u00e7\u00e3o como l\u00edder da Igreja Cat\u00f3lica. Ele est\u00e1 internado h\u00e1 quase um m\u00eas em um hospital de Roma, por causa de uma infec\u00e7\u00e3o respirat\u00f3ria. Os \u00faltimos boletins m\u00e9dicos divulgados pelo Vaticano sobre o estado de sa\u00fade do papa, de 88 anos, revelam que ele [&hellip;]<\/p>\n","protected":false},"author":5,"featured_media":5368,"comment_status":"open","ping_status":"open","sticky":false,"template":"","format":"standard","meta":{"_seopress_robots_primary_cat":"","_seopress_titles_title":"","_seopress_titles_desc":"","_seopress_robots_index":"","footnotes":""},"categories":[48],"tags":[],"class_list":["post-5367","post","type-post","status-publish","format-standard","has-post-thumbnail","hentry","category-internacional"],"_links":{"self":[{"href":"https:\/\/mussicom.com\/noticias\/wp-json\/wp\/v2\/posts\/5367","targetHints":{"allow":["GET"]}}],"collection":[{"href":"https:\/\/mussicom.com\/noticias\/wp-json\/wp\/v2\/posts"}],"about":[{"href":"https:\/\/mussicom.com\/noticias\/wp-json\/wp\/v2\/types\/post"}],"author":[{"embeddable":true,"href":"https:\/\/mussicom.com\/noticias\/wp-json\/wp\/v2\/users\/5"}],"replies":[{"embeddable":true,"href":"https:\/\/mussicom.com\/noticias\/wp-json\/wp\/v2\/comments?post=5367"}],"version-history":[{"count":0,"href":"https:\/\/mussicom.com\/noticias\/wp-json\/wp\/v2\/posts\/5367\/revisions"}],"wp:featuredmedia":[{"embeddable":true,"href":"https:\/\/mussicom.com\/noticias\/wp-json\/wp\/v2\/media\/5368"}],"wp:attachment":[{"href":"https:\/\/mussicom.com\/noticias\/wp-json\/wp\/v2\/media?parent=5367"}],"wp:term":[{"taxonomy":"category","embeddable":true,"href":"https:\/\/mussicom.com\/noticias\/wp-json\/wp\/v2\/categories?post=5367"},{"taxonomy":"post_tag","embeddable":true,"href":"https:\/\/mussicom.com\/noticias\/wp-json\/wp\/v2\/tags?post=5367"}],"curies":[{"name":"wp","href":"https:\/\/api.w.org\/{rel}","templated":true}]}}