{"id":5355,"date":"2025-03-13T16:33:29","date_gmt":"2025-03-13T19:33:29","guid":{"rendered":"https:\/\/mussicom.com\/justica-de-sp-anula-leiloes-para-gestao-privada-de-escolas-estaduais\/"},"modified":"2025-03-13T16:33:29","modified_gmt":"2025-03-13T19:33:29","slug":"justica-de-sp-anula-leiloes-para-gestao-privada-de-escolas-estaduais","status":"publish","type":"post","link":"https:\/\/mussicom.com\/noticias\/justica-de-sp-anula-leiloes-para-gestao-privada-de-escolas-estaduais\/","title":{"rendered":"Justi\u00e7a de SP anula leil\u00f5es para gest\u00e3o privada de escolas estaduais"},"content":{"rendered":"<p> <br \/>\n<\/p>\n<div>\n<p>O juiz Luiz Manuel Fonseca Pires, da 3\u00aa\u00a0Vara da Fazenda P\u00fablica de S\u00e3o Paulo, reconheceu como ilegais os dois leil\u00f5es que foram realizados no ano passado para conceder a gest\u00e3o das atividades escolares estaduais para a iniciativa privada. Com isso,<strong> os dois leil\u00f5es foram anulados<\/strong>.<img decoding=\"async\" src=\"https:\/\/agenciabrasil.ebc.com.br\/ebc.gif?id=1634501&amp;o=node\" style=\"width:1px; height:1px; display:inline;\"\/><\/p>\n<p>\u201cAnte o exposto, julgo procedente o pedido para reconhecer a ilegalidade da concess\u00e3o \u00e0 iniciativa privada da gest\u00e3o de atividades desenvolvidas nas escolas p\u00fablicas do Estado de S\u00e3o Paulo e decretar a invalidade dos leil\u00f5es realizados em 29 de outubro e 4 de novembro de 2024\u201d, escreveu o juiz.<\/p>\n<p>A a\u00e7\u00e3o foi proposta pelo Sindicato dos Professores do Estado de S\u00e3o Paulo (Apeoesp), que celebrou a decis\u00e3o judicial. \u201cA Apeoesp conquistou mais uma vit\u00f3ria na justi\u00e7a contra o programa de privatiza\u00e7\u00e3o de escolas estaduais de Tarc\u00edsio de Freitas e Renato Feder [secret\u00e1rio estadual da Educa\u00e7\u00e3o]. O juiz Lu\u00eds Manuel Fonseca Pires, da 3\u00aa Vara da Fazenda P\u00fablica, deu senten\u00e7a de m\u00e9rito em A\u00e7\u00e3o Civil P\u00fablica da Apeoesp, que suspende os efeitos dos leil\u00f5es de 33 escolas realizados na Bolsa de Valores de S\u00e3o Paulo\u201d, diz o sindicato em uma publica\u00e7\u00e3o em seu site.<\/p>\n<p><strong>A Parceira P\u00fablica Privada\u00a0(PPP) de Novas Escolas, proposta pelo governo de Tarc\u00edsio de Freitas, previa que 33 unidades de ensino estaduais fossem constru\u00eddas e geridas administrativamente pela iniciativa privada, que seria\u00a0respons\u00e1vel por servi\u00e7os como limpeza, manuten\u00e7\u00e3o, alimenta\u00e7\u00e3o, vigil\u00e2ncia e internet, por exemplo<\/strong>. O objetivo desse projeto, afirma o governo, \u00e9 melhorar e modernizar a infraestrutura das escolas da rede estadual, para garantir mais tempo para gestores e professores se dedicarem \u00e0s atividades pedag\u00f3gicas de ensino.<\/p>\n<p><strong>Para o juiz, no entanto, n\u00e3o seria poss\u00edvel \u201cdissociar o espa\u00e7o f\u00edsico [da escola] da atividade pedag\u00f3gica\u201d.<\/strong><\/p>\n<blockquote>\n<p>\u201cA licita\u00e7\u00e3o e a pretens\u00e3o de concess\u00e3o a particular da gest\u00e3o de escolas p\u00fablicas comprometem o servi\u00e7o p\u00fablico de educa\u00e7\u00e3o porque pressup\u00f5em equivocadamente ser poss\u00edvel dissociar o espa\u00e7o f\u00edsico da atividade pedag\u00f3gica. Incorre-se em erro de compreens\u00e3o sobre os m\u00faltiplos sentidos da pedagogia ao se sustentar alguma imagin\u00e1ria independ\u00eancia da estrutura f\u00edsica em rela\u00e7\u00e3o ao projeto educacional, prop\u00f5e-se uma artificial divis\u00e3o entre a gest\u00e3o do espa\u00e7o f\u00edsico escolar e a atividade desenvolvida em sala de aula. <strong>O risco dessa pol\u00edtica p\u00fablica, vale repetir, \u00e9 o comprometimento da autonomia pedag\u00f3gica por afetar diretamente a gest\u00e3o democr\u00e1tica&#8221;, escreveu o juiz<\/strong>.\u00a0<\/p>\n<\/blockquote>\n<p>\u00a0<\/p>\n<div class=\"dnd-widget-wrapper context-cheio_8colunas type-image\">\n<div class=\"dnd-atom-rendered\"><!-- scald=403524:cheio_8colunas --><br \/>\n            <img decoding=\"async\" src=\"https:\/\/imagens.ebc.com.br\/Nl98Cz3QIrNzJGkt6d_p3QY7gos=\/754x0\/smart\/https:\/\/agenciabrasil.ebc.com.br\/sites\/default\/files\/thumbnails\/image\/2024\/10\/29\/_pin8342_0.jpg?itok=SJG1YFT3\" alt=\"S\u00e3o Paulo (SP), 29\/10\/2023 - Pol\u00edcia Militar e GCM de S\u00e3o Paulo fazem seguran\u00e7a do lado de fora do pr\u00e9dio durante o Leil\u00e3o da Parceria P\u00fablico-Privada (PPP) de Novas Escolas \u2013 Lote Oeste, na sede da B3 \u2013 a bolsa de valores do Brasil.&#13;&#10; S\u00e3o 33 novas escolas estaduais, em parceira PPPs, edital prev\u00ea privatiza\u00e7\u00e3o de servi\u00e7os n\u00e3o-pedag\u00f3gicos de 33 novas escolas de ensino de n\u00edvel m\u00e9dio e fundamental II. Foto: Paulo Pinto\/Agencia Brasil\" title=\"Paulo Pinto\/Ag\u00eancia Brasil\"\/><br \/>\n        <img decoding=\"async\" src=\"https:\/\/imagens.ebc.com.br\/Nl98Cz3QIrNzJGkt6d_p3QY7gos=\/754x0\/smart\/https:\/\/agenciabrasil.ebc.com.br\/sites\/default\/files\/thumbnails\/image\/2024\/10\/29\/_pin8342_0.jpg?itok=SJG1YFT3\" alt=\"S\u00e3o Paulo (SP), 29\/10\/2023 - Pol\u00edcia Militar e GCM de S\u00e3o Paulo fazem seguran\u00e7a do lado de fora do pr\u00e9dio durante o Leil\u00e3o da Parceria P\u00fablico-Privada (PPP) de Novas Escolas \u2013 Lote Oeste, na sede da B3 \u2013 a bolsa de valores do Brasil.&#13;&#10; S\u00e3o 33 novas escolas estaduais, em parceira PPPs, edital prev\u00ea privatiza\u00e7\u00e3o de servi\u00e7os n\u00e3o-pedag\u00f3gicos de 33 novas escolas de ensino de n\u00edvel m\u00e9dio e fundamental II. Foto: Paulo Pinto\/Agencia Brasil\" title=\"Paulo Pinto\/Ag\u00eancia Brasil\"\/><br \/>\n    <!-- END scald=403524 --><\/div>\n<div class=\"dnd-caption-wrapper\">\n<p>Pol\u00edcia Militar e GCM de S\u00e3o Paulo fazem seguran\u00e7a\u00a0durante o Leil\u00e3o da Parceria P\u00fablico-Privada (PPP) de Novas Escolas \u2013 Lote Oeste, na sede da B3.\u00a0<strong>Paulo Pinto\/Ag\u00eancia Brasil<\/strong><!--END copyright=403524--><\/p>\n<\/div>\n<\/div>\n<h2>Os leil\u00f5es<\/h2>\n<p>O primeiro desses leil\u00f5es, realizado em outubro do ano passado, foi vencido pelo Cons\u00f3rcio Novas Escolas Oeste SP, que assumiu o lote oeste. O valor oferecido foi R$ R$ 11.989.753,71 da contrapresta\u00e7\u00e3o prevista de R$ 15,2 milh\u00f5es, o que resultou em um des\u00e1gio de 21,43%. O edital envolvia a constru\u00e7\u00e3o de 17 escolas, com 462 salas de aula e 17,1 mil vagas.<\/p>\n<p>J\u00e1 o segundo leil\u00e3o, do lote leste, foi arrematado pelo Cons\u00f3rcio SP+Escolas (). O valor oferecido foi R$ 11.546.994,12 da contrapresta\u00e7\u00e3o prevista de R$ 14.901.270,00 milh\u00f5es, o que resultou em um des\u00e1gio de 22,51%.O grupo ficou respons\u00e1vel por construir 16 unidades de ensino que atenderia 17,6 mil alunos em 476 salas de aula.<\/p>\n<p>Por meio de nota, a Procuradoria Geral do Estado (PGE\/SP) informou ainda n\u00e3o ter sido intimida sobre essa decis\u00e3o.<\/p>\n<p>\u201c<strong>O Estado de S\u00e3o Paulo defende a continuidade do projeto de parceria p\u00fablico-privada (PPP) Novas Escolas<\/strong>, impugnando decis\u00e3o que interfere na execu\u00e7\u00e3o regular da pol\u00edtica p\u00fablica de educa\u00e7\u00e3o, e refor\u00e7a que a parte pedag\u00f3gica das unidades de ensino continuar\u00e3o sob a gest\u00e3o da Secretaria Estadual de Educa\u00e7\u00e3o. Voltado \u00e0 constru\u00e7\u00e3o de 33 novas unidades escolares, <strong>o projeto visa atender 35 mil estudantes nos ensinos fundamental e m\u00e9dio.<\/strong> Com um investimento previsto de cerca de R$ 2,1 bilh\u00f5es, a PPP tem como objetivo melhorar e modernizar a infraestrutura das escolas da rede\u201d, escreveu o \u00f3rg\u00e3o.<\/p>\n<p>      <!-- Relacionada --><\/p>\n<p>            <!-- Relacionada -->\n    <\/div>\n<p><br \/>\n<br \/>Fonte: <a href=\"https:\/\/agenciabrasil.ebc.com.br\/educacao\/noticia\/2025-03\/justica-de-sp-anula-leiloes-para-gestao-privada-de-escolas-estaduais\">Ag\u00eancia Brasil<\/a><\/p>\n","protected":false},"excerpt":{"rendered":"<p>O juiz Luiz Manuel Fonseca Pires, da 3\u00aa\u00a0Vara da Fazenda P\u00fablica de S\u00e3o Paulo, reconheceu como ilegais os dois leil\u00f5es que foram realizados no ano passado para conceder a gest\u00e3o das atividades escolares estaduais para a iniciativa privada. Com isso, os dois leil\u00f5es foram anulados. \u201cAnte o exposto, julgo procedente o pedido para reconhecer a [&hellip;]<\/p>\n","protected":false},"author":5,"featured_media":5356,"comment_status":"open","ping_status":"open","sticky":false,"template":"","format":"standard","meta":{"_seopress_robots_primary_cat":"","_seopress_titles_title":"","_seopress_titles_desc":"","_seopress_robots_index":"","footnotes":""},"categories":[44],"tags":[],"class_list":["post-5355","post","type-post","status-publish","format-standard","has-post-thumbnail","hentry","category-educacao"],"_links":{"self":[{"href":"https:\/\/mussicom.com\/noticias\/wp-json\/wp\/v2\/posts\/5355","targetHints":{"allow":["GET"]}}],"collection":[{"href":"https:\/\/mussicom.com\/noticias\/wp-json\/wp\/v2\/posts"}],"about":[{"href":"https:\/\/mussicom.com\/noticias\/wp-json\/wp\/v2\/types\/post"}],"author":[{"embeddable":true,"href":"https:\/\/mussicom.com\/noticias\/wp-json\/wp\/v2\/users\/5"}],"replies":[{"embeddable":true,"href":"https:\/\/mussicom.com\/noticias\/wp-json\/wp\/v2\/comments?post=5355"}],"version-history":[{"count":0,"href":"https:\/\/mussicom.com\/noticias\/wp-json\/wp\/v2\/posts\/5355\/revisions"}],"wp:featuredmedia":[{"embeddable":true,"href":"https:\/\/mussicom.com\/noticias\/wp-json\/wp\/v2\/media\/5356"}],"wp:attachment":[{"href":"https:\/\/mussicom.com\/noticias\/wp-json\/wp\/v2\/media?parent=5355"}],"wp:term":[{"taxonomy":"category","embeddable":true,"href":"https:\/\/mussicom.com\/noticias\/wp-json\/wp\/v2\/categories?post=5355"},{"taxonomy":"post_tag","embeddable":true,"href":"https:\/\/mussicom.com\/noticias\/wp-json\/wp\/v2\/tags?post=5355"}],"curies":[{"name":"wp","href":"https:\/\/api.w.org\/{rel}","templated":true}]}}