{"id":5203,"date":"2025-03-13T12:06:09","date_gmt":"2025-03-13T15:06:09","guid":{"rendered":"https:\/\/mussicom.com\/revalida-2025-candidatos-ja-podem-conferir-local-de-prova\/"},"modified":"2025-03-13T12:06:09","modified_gmt":"2025-03-13T15:06:09","slug":"revalida-2025-candidatos-ja-podem-conferir-local-de-prova","status":"publish","type":"post","link":"https:\/\/mussicom.com\/noticias\/revalida-2025-candidatos-ja-podem-conferir-local-de-prova\/","title":{"rendered":"Revalida 2025: candidatos j\u00e1 podem conferir local de prova"},"content":{"rendered":"<p> <br \/>\n<\/p>\n<div>\n<p>Os candidatos da primeira etapa do Exame Nacional de Revalida\u00e7\u00e3o de Diplomas M\u00e9dicos Expedidos por Institui\u00e7\u00e3o de Educa\u00e7\u00e3o Superior Estrangeira (Revalida) de 2025 j\u00e1 podem acessar o cart\u00e3o de confirma\u00e7\u00e3o da inscri\u00e7\u00e3o.<img decoding=\"async\" src=\"https:\/\/agenciabrasil.ebc.com.br\/ebc.gif?id=1633870&amp;o=node\" style=\"width:1px; height:1px; display:inline;\"\/><\/p>\n<p><strong>Entre outras informa\u00e7\u00f5es, o cart\u00e3o confirma o endere\u00e7o do local de prova, o n\u00famero de inscri\u00e7\u00e3o, a data e os hor\u00e1rios do exame.<\/strong> No documento consta\u00a0ainda\u00a0se o participante dever\u00e1 contar com atendimento especializado ou tratamento por nome social.<\/p>\n<p>O documento pode ser acessado no Sistema Revalida. Apesar de n\u00e3o ser obrigat\u00f3rio, o Instituto Nacional de Estudos e Pesquisas Educacionais An\u00edsio Teixeira (Inep) recomenda lev\u00e1-lo no dia do exame. O Inep \u00e9 respons\u00e1vel pela aplica\u00e7\u00e3o do exame.<\/p>\n<p>As provas (objetiva e discursiva) ser\u00e3o realizadas em 23 de mar\u00e7o, nas seguintes capitais: Belo Horizonte (MG), Bras\u00edlia (DF), Campo Grande (MS), Curitiba (PR), Porto Alegre (RS), Porto Velho (RO), Recife (PE), Rio Branco (AC), Rio de Janeiro (RJ), Salvador (BA) e S\u00e3o Paulo (SP).<\/p>\n<p>O Revalida avalia profissionais formados em medicina fora do Brasil que querem exercer a profiss\u00e3o em territ\u00f3rio nacional. O objetivo do exame \u00e9 garantir a qualidade do atendimento m\u00e9dico prestado no Brasil, adequado aos princ\u00edpios e necessidades do Sistema \u00danico de Sa\u00fade (SUS).<\/p>\n<h2>Revalida<\/h2>\n<p>Desde 2011, o exame autoriza aos aprovados ter o diploma revalidado no Brasil. A\u00a0revalida\u00e7\u00e3o \u00e9 de responsabilidade das universidades p\u00fablicas que aderiram ao exame.<\/p>\n<p>Anualmente, as provas s\u00e3o divididas em duas etapas (te\u00f3rica e pr\u00e1tica) para avaliar habilidades, compet\u00eancias e conhecimentos necess\u00e1rios ao exerc\u00edcio profissional<\/p>\n<p><strong>O Revalida aborda, de forma interdisciplinar, as cinco grandes \u00e1reas da medicina: cl\u00ednica m\u00e9dica, cirurgia, ginecologia e obstetr\u00edcia, pediatria, e medicina da fam\u00edlia e comunidade (sa\u00fade coletiva).<\/strong><\/p>\n<p>A prova te\u00f3rica ter\u00e1 100 quest\u00f5es de m\u00faltipla escolha, al\u00e9m das quest\u00f5es discursivas. E o candidato somente poder\u00e1 avan\u00e7ar para a segunda etapa, a da prova pr\u00e1tica, se for aprovado na prova te\u00f3rica.<\/p>\n<p>Esta \u00faltima fase, avalia as habilidades cl\u00ednicas em cen\u00e1rios de pr\u00e1tica profissional, como atendimento de aten\u00e7\u00e3o prim\u00e1ria, ambulatorial, interna\u00e7\u00e3o hospitalar, pronto-socorro para casos de urg\u00eancia e emerg\u00eancia, al\u00e9m da medicina comunit\u00e1ria, com base na Diretriz Curricular Nacional do Curso de Medicina, nas normas e na legisla\u00e7\u00e3o profissional.\u00a0<\/p>\n<p>Para mais informa\u00e7\u00f5es sobre o Revalida, o Inep tem o\u00a0site\u00a0[\u00a0https:\/\/revalida.inep.gov.br\/\u00a0].<\/p>\n<p>      <!-- Relacionada --><\/p>\n<p>            <!-- Relacionada -->\n    <\/div>\n<p><br \/>\n<br \/>Fonte: <a href=\"https:\/\/agenciabrasil.ebc.com.br\/saude\/noticia\/2025-03\/revalida-2025-candidatos-ja-podem-conferir-local-de-prova-0\">Ag\u00eancia Brasil<\/a><\/p>\n","protected":false},"excerpt":{"rendered":"<p>Os candidatos da primeira etapa do Exame Nacional de Revalida\u00e7\u00e3o de Diplomas M\u00e9dicos Expedidos por Institui\u00e7\u00e3o de Educa\u00e7\u00e3o Superior Estrangeira (Revalida) de 2025 j\u00e1 podem acessar o cart\u00e3o de confirma\u00e7\u00e3o da inscri\u00e7\u00e3o. Entre outras informa\u00e7\u00f5es, o cart\u00e3o confirma o endere\u00e7o do local de prova, o n\u00famero de inscri\u00e7\u00e3o, a data e os hor\u00e1rios do exame. [&hellip;]<\/p>\n","protected":false},"author":5,"featured_media":5204,"comment_status":"open","ping_status":"open","sticky":false,"template":"","format":"standard","meta":{"_seopress_robots_primary_cat":"","_seopress_titles_title":"","_seopress_titles_desc":"","_seopress_robots_index":"","footnotes":""},"categories":[46],"tags":[],"class_list":["post-5203","post","type-post","status-publish","format-standard","has-post-thumbnail","hentry","category-saude"],"_links":{"self":[{"href":"https:\/\/mussicom.com\/noticias\/wp-json\/wp\/v2\/posts\/5203","targetHints":{"allow":["GET"]}}],"collection":[{"href":"https:\/\/mussicom.com\/noticias\/wp-json\/wp\/v2\/posts"}],"about":[{"href":"https:\/\/mussicom.com\/noticias\/wp-json\/wp\/v2\/types\/post"}],"author":[{"embeddable":true,"href":"https:\/\/mussicom.com\/noticias\/wp-json\/wp\/v2\/users\/5"}],"replies":[{"embeddable":true,"href":"https:\/\/mussicom.com\/noticias\/wp-json\/wp\/v2\/comments?post=5203"}],"version-history":[{"count":0,"href":"https:\/\/mussicom.com\/noticias\/wp-json\/wp\/v2\/posts\/5203\/revisions"}],"wp:featuredmedia":[{"embeddable":true,"href":"https:\/\/mussicom.com\/noticias\/wp-json\/wp\/v2\/media\/5204"}],"wp:attachment":[{"href":"https:\/\/mussicom.com\/noticias\/wp-json\/wp\/v2\/media?parent=5203"}],"wp:term":[{"taxonomy":"category","embeddable":true,"href":"https:\/\/mussicom.com\/noticias\/wp-json\/wp\/v2\/categories?post=5203"},{"taxonomy":"post_tag","embeddable":true,"href":"https:\/\/mussicom.com\/noticias\/wp-json\/wp\/v2\/tags?post=5203"}],"curies":[{"name":"wp","href":"https:\/\/api.w.org\/{rel}","templated":true}]}}