{"id":51652,"date":"2025-10-29T00:36:14","date_gmt":"2025-10-29T03:36:14","guid":{"rendered":"https:\/\/mussicom.com\/stf-decreta-fim-da-acao-penal-do-golpe-contra-mauro-cid\/"},"modified":"2025-10-29T00:36:14","modified_gmt":"2025-10-29T03:36:14","slug":"stf-decreta-fim-da-acao-penal-do-golpe-contra-mauro-cid","status":"publish","type":"post","link":"https:\/\/mussicom.com\/noticias\/stf-decreta-fim-da-acao-penal-do-golpe-contra-mauro-cid\/","title":{"rendered":"STF decreta fim da a\u00e7\u00e3o penal do golpe contra Mauro Cid"},"content":{"rendered":"<p> <br \/>\n<\/p>\n<div>\n<p class=\"postParagraph_post-paragraph-innerHtml__Q5vwc\">O Supremo Tribunal Federal (STF) decretou nesta ter\u00e7a-feira (28) o tr\u00e2nsito em julgado da a\u00e7\u00e3o penal contra o tenente-coronel Mauro Cid por envolvimento na suposta tentativa de golpe de Estado. O militar foi condenado a 2 anos de pris\u00e3o em regime aberto, a pena mais branda do \u201cn\u00facleo crucial\u201d, por ser o delator no processo.<\/p>\n<p class=\"postParagraph_post-paragraph-innerHtml__Q5vwc\">Durante o julgamento, a Procuradoria-Geral da Rep\u00fablica (PGR) se manifestou contra a concess\u00e3o de perd\u00e3o judicial a Cid, apontando omiss\u00f5es na dela\u00e7\u00e3o. A defesa do tenente-coronel n\u00e3o recorreu da decis\u00e3o da Primeira Turma. O prazo para protocolar embargos de declara\u00e7\u00e3o acabou nesta segunda-feira (27).<\/p>\n<p class=\"postParagraph_post-paragraph-innerHtml__Q5vwc\">Na semana passada, os advogados pediram a extin\u00e7\u00e3o da pena, apontando que, entre o tempo em que passou preso e o cumprimento de medidas cautelares, o militar j\u00e1 cumpriu a senten\u00e7a.<\/p>\n<div class=\"postViewMore_post-view-more-container___5wai\" data-mrf-recirculation=\"Post - Veja tamb\u00e9m\">\n<p class=\"gp-styles-module-size-small-afeYRa gp-styles-module-font-family2-afeYRa gp-styles-module-color-secondary-afeYRa gp-styles-module-weight-bold-afeYRa\">VEJA TAMB\u00c9M:<\/p>\n<ul class=\"postViewMore_post-view-more-list__CU_CE\">\n<li class=\"postViewMore_post-view-more-item__2MzRb\"><span class=\"postViewMore_post-view-more-link-icon___stPC\"><svg xmlns=\"http:\/\/www.w3.org\/2000\/svg\" width=\"16\" height=\"16\" viewbox=\"0 0 16 16\"><rect width=\"16\" height=\"16\" fill=\"none\"\/><g transform=\"translate(3 3)\"><path d=\"M22.5,15l3.4,3.4-3.4,3.4\" transform=\"translate(-15.896 -11.793)\" fill=\"none\" stroke=\"#717171\" stroke-linecap=\"round\" stroke-width=\"1.4\"\/><path d=\"M6,6v4.2a2.452,2.452,0,0,0,2.5,2.4H16\" transform=\"translate(-6 -6)\" fill=\"none\" stroke=\"#717171\" stroke-linecap=\"round\" stroke-width=\"1.4\"\/><\/g><\/svg><\/span><span class=\"postViewMore_post-view-more-link-text__hO_kM\">Moraes assume ADPF das Favelas e pede parecer da PGR sobre opera\u00e7\u00e3o no Rio<\/span><\/li>\n<\/ul>\n<\/div>\n<p class=\"postParagraph_post-paragraph__juWZN\">\u201cCertifico que o ac\u00f3rd\u00e3o publicado no dia 22 de outubro de 2025 transitou em julgado, para o r\u00e9u Mauro Cesar Barbosa Cid, em 28 de outubro de 2025\u201d, diz o documento assinado pela Secretaria Judici\u00e1ria do STF.<\/p>\n<p class=\"postParagraph_post-paragraph-innerHtml__Q5vwc\">Agora, cabe ao ministro Alexandre de Moraes, relator do caso, analisar a solicita\u00e7\u00e3o da defesa do tenente-coronel sobre a extin\u00e7\u00e3o da pena. No caso dos demais r\u00e9us, os embargos de declara\u00e7\u00e3o ser\u00e3o analisados por todos os ministros da Primeira Turma durante o julgamento virtual marcado para ocorrer entre os dias 7 e 14 de novembro.<\/p>\n<h2 class=\"postParagraph_post-paragraph__juWZN postParagraph_type-tag-h2__TtFkT\">Apresentaram embargos de declara\u00e7\u00e3o:<\/h2>\n<ul class=\"postList_post-list-container__W0E4y postList_visual-type-unordered-list__M8U7t\">\n<li class=\"postList_post-list-item__34Ck1\"><span><strong>Jair Bolsonaro, ex-presidente: <\/strong>condenado a 27 anos e 3 meses de pris\u00e3o;<\/span><\/li>\n<li class=\"postList_post-list-item__34Ck1\"><span><strong>Walter Braga Netto, ex-ministro: <\/strong>condenado a 26 anos de pris\u00e3o;<\/span><\/li>\n<li class=\"postList_post-list-item__34Ck1\"><span><strong>Almir Garnier, ex-comandante da Marinha:<\/strong> condenado a 24 anos de pris\u00e3o;<\/span><\/li>\n<li class=\"postList_post-list-item__34Ck1\"><span><strong>Anderson Torres, ex-ministro da Justi\u00e7a:<\/strong> condenado a 24 anos de pris\u00e3o;<\/span><\/li>\n<li class=\"postList_post-list-item__34Ck1\"><span><strong>Augusto Heleno, ex-ministro do Gabinete de Seguran\u00e7a Institucional (GSI):<\/strong> condenado a 21 anos de pris\u00e3o;<\/span><\/li>\n<li class=\"postList_post-list-item__34Ck1\"><span><strong>Paulo S\u00e9rgio Nogueira, ex-ministro da Defesa:<\/strong> condenado a 19 anos de pris\u00e3o;<\/span><\/li>\n<li class=\"postList_post-list-item__34Ck1\"><span><strong>Alexandre Ramagem, ex-diretor da Ag\u00eancia Brasileira de Intelig\u00eancia (Abin):<\/strong> condenado a 16 anos de pris\u00e3o.<\/span><\/li>\n<\/ul>\n<\/div>\n<p><br \/>\n<br \/>Fonte: <a href=\"https:\/\/www.gazetadopovo.com.br\/republica\/stf-decreta-fim-da-acao-penal-contra-mauro-cid-por-suposta-tentativa-de-golpe\/\">Revista Oeste<\/a><\/p>\n","protected":false},"excerpt":{"rendered":"<p>O Supremo Tribunal Federal (STF) decretou nesta ter\u00e7a-feira (28) o tr\u00e2nsito em julgado da a\u00e7\u00e3o penal contra o tenente-coronel Mauro Cid por envolvimento na suposta tentativa de golpe de Estado. O militar foi condenado a 2 anos de pris\u00e3o em regime aberto, a pena mais branda do \u201cn\u00facleo crucial\u201d, por ser o delator no processo. [&hellip;]<\/p>\n","protected":false},"author":5,"featured_media":51653,"comment_status":"open","ping_status":"open","sticky":false,"template":"","format":"standard","meta":{"_seopress_robots_primary_cat":"","_seopress_titles_title":"","_seopress_titles_desc":"","_seopress_robots_index":"","footnotes":""},"categories":[1],"tags":[],"class_list":["post-51652","post","type-post","status-publish","format-standard","has-post-thumbnail","hentry","category-ultimas-noticias"],"_links":{"self":[{"href":"https:\/\/mussicom.com\/noticias\/wp-json\/wp\/v2\/posts\/51652","targetHints":{"allow":["GET"]}}],"collection":[{"href":"https:\/\/mussicom.com\/noticias\/wp-json\/wp\/v2\/posts"}],"about":[{"href":"https:\/\/mussicom.com\/noticias\/wp-json\/wp\/v2\/types\/post"}],"author":[{"embeddable":true,"href":"https:\/\/mussicom.com\/noticias\/wp-json\/wp\/v2\/users\/5"}],"replies":[{"embeddable":true,"href":"https:\/\/mussicom.com\/noticias\/wp-json\/wp\/v2\/comments?post=51652"}],"version-history":[{"count":0,"href":"https:\/\/mussicom.com\/noticias\/wp-json\/wp\/v2\/posts\/51652\/revisions"}],"wp:featuredmedia":[{"embeddable":true,"href":"https:\/\/mussicom.com\/noticias\/wp-json\/wp\/v2\/media\/51653"}],"wp:attachment":[{"href":"https:\/\/mussicom.com\/noticias\/wp-json\/wp\/v2\/media?parent=51652"}],"wp:term":[{"taxonomy":"category","embeddable":true,"href":"https:\/\/mussicom.com\/noticias\/wp-json\/wp\/v2\/categories?post=51652"},{"taxonomy":"post_tag","embeddable":true,"href":"https:\/\/mussicom.com\/noticias\/wp-json\/wp\/v2\/tags?post=51652"}],"curies":[{"name":"wp","href":"https:\/\/api.w.org\/{rel}","templated":true}]}}