{"id":51644,"date":"2025-10-28T22:48:16","date_gmt":"2025-10-29T01:48:16","guid":{"rendered":"https:\/\/mussicom.com\/camara-aprova-projeto-de-lei-para-gratuidade-de-bagagem-em-voo\/"},"modified":"2025-10-28T22:48:16","modified_gmt":"2025-10-29T01:48:16","slug":"camara-aprova-projeto-de-lei-para-gratuidade-de-bagagem-em-voo","status":"publish","type":"post","link":"https:\/\/mussicom.com\/noticias\/camara-aprova-projeto-de-lei-para-gratuidade-de-bagagem-em-voo\/","title":{"rendered":"C\u00e2mara aprova projeto de lei para gratuidade de bagagem em voo"},"content":{"rendered":"<p> <br \/>\n<\/p>\n<div>\n<p class=\"postParagraph_post-paragraph__juWZN\">A C\u00e2mara dos Deputados aprovou nesta ter\u00e7a-feira (28) um projeto de lei que garante o despacho gratuito de bagagem de at\u00e9 23 kg em voos nacionais e uma mala de bordo de at\u00e9 12 kg, sem custo adicional. O texto segue agora para o Senado Federal.<\/p>\n<p class=\"postParagraph_post-paragraph-innerHtml__Q5vwc\">A medida faz parte do Projeto de Lei 5041\/25, de autoria do deputado Da Vitoria (PP-ES), e inclui emenda do deputado Alex Manente (Cidadania-SP), aprovada por ampla maioria (361 votos a 77).<\/p>\n<p class=\"postParagraph_post-paragraph__juWZN\">Desde que a cobran\u00e7a entrou em vigor em 2017, as empresas a\u00e9reas faturaram cerca de R$ 5 bilh\u00f5es, sem redu\u00e7\u00e3o no pre\u00e7o das passagens, segundo o autor.<\/p>\n<div class=\"postViewMore_post-view-more-container___5wai\" data-mrf-recirculation=\"Post - Veja tamb\u00e9m\">\n<p class=\"gp-styles-module-size-small-afeYRa gp-styles-module-font-family2-afeYRa gp-styles-module-color-secondary-afeYRa gp-styles-module-weight-bold-afeYRa\">VEJA TAMB\u00c9M:<\/p>\n<ul class=\"postViewMore_post-view-more-list__CU_CE\">\n<li class=\"postViewMore_post-view-more-item__2MzRb\">\n<div class=\"postViewMore_post-view-more-image__5gUSe\"><picture class=\"imageDefault_image-container__XGd8_\"><\/picture><\/div>\n<p>Economia em foco: Lula interfere e tenta barrar plataforma de aposta da Caixa<\/li>\n<li class=\"postViewMore_post-view-more-item__2MzRb\">\n<div class=\"postViewMore_post-view-more-image__5gUSe\"><picture class=\"imageDefault_image-container__XGd8_\"><img decoding=\"async\" class=\"imageDefault_image-item__lU2Dk\" src=\"https:\/\/media.gazetadopovo.com.br\/2025\/10\/28185846\/img20251028094853772-768x473-1-380x214.jpg.webp\" alt=\"\" width=\"72\" height=\"72\"\/><\/picture><\/div>\n<p>C\u00e2mara aprova urg\u00eancia em vota\u00e7\u00e3o de projeto que aumenta ganho de servidores do judici\u00e1rio<\/li>\n<\/ul>\n<\/div>\n<p class=\"postParagraph_post-paragraph__juWZN\">O presidente da C\u00e2mara, Hugo Motta (Republicanos-PB), afirmou que o Parlamento \u201cn\u00e3o permitir\u00e1 abusos contra os consumidores brasileiros\u201d, criticando o que chamou de \u201coligop\u00f3lio\u201d das companhias a\u00e9reas.<\/p>\n<p class=\"postParagraph_post-paragraph__juWZN\">&#8220;Quando surge uma ideia das companhias, que praticamente exercem um oligop\u00f3lio, para gerar uma receita extra com a cobran\u00e7a da bagagem de m\u00e3o, esta Casa d\u00e1 um recado claro&#8221;, disse Motta, segundo transcri\u00e7\u00e3o da ag\u00eancia de not\u00edcias da C\u00e2mara.<\/p>\n<h2 class=\"postParagraph_post-paragraph__juWZN postParagraph_type-tag-h2__TtFkT\">Direitos do passageiro<\/h2>\n<p class=\"postParagraph_post-paragraph__juWZN\">Pelo texto aprovado, cujas mudan\u00e7as ser\u00e3o inclu\u00eddas no C\u00f3digo Brasileiro de Aeron\u00e1utica, o passageiro poder\u00e1 levar gratuitamente:<\/p>\n<ul class=\"postList_post-list-container__W0E4y postList_visual-type-unordered-list__M8U7t\">\n<li class=\"postList_post-list-item__34Ck1\">Uma mala de bordo de at\u00e9 12 kg;<\/li>\n<li class=\"postList_post-list-item__34Ck1\">Uma bolsa ou mochila sob o assento;<\/li>\n<li class=\"postList_post-list-item__34Ck1\">Despacho gratuito de bagagem quando o bagageiro estiver cheio.<\/li>\n<\/ul>\n<p class=\"postParagraph_post-paragraph__juWZN\">O projeto tamb\u00e9m pro\u00edbe cobran\u00e7a adicional pela marca\u00e7\u00e3o de assentos padr\u00e3o em voos nacionais e internacionais e impede o cancelamento do trecho de volta (\u201cno show\u201d) quando o passageiro n\u00e3o embarcar na ida, salvo por autoriza\u00e7\u00e3o expressa.<\/p>\n<h3 class=\"postParagraph_post-paragraph__juWZN postParagraph_type-tag-h3__xSAn9\">Entre outras medidas, o texto prev\u00ea:<\/h3>\n<ul class=\"postList_post-list-container__W0E4y postList_visual-type-unordered-list__M8U7t\">\n<li class=\"postList_post-list-item__34Ck1\">Assist\u00eancia especial gratuita com at\u00e9 dois assentos adicionais para pessoas com defici\u00eancia ou que necessitem de equipamentos m\u00e9dicos;<\/li>\n<li class=\"postList_post-list-item__34Ck1\">Proibi\u00e7\u00e3o de transporte por 12 meses para passageiros que cometam atos grav\u00edssimos de indisciplina a bordo;<\/li>\n<li class=\"postList_post-list-item__34Ck1\">Compartilhamento obrigat\u00f3rio de dados entre companhias a\u00e9reas nesses casos.<\/li>\n<\/ul>\n<p class=\"postParagraph_post-paragraph__juWZN\">Durante o debate, deputados da base aliada e da oposi\u00e7\u00e3o divergiram. O PT e o PSB defenderam que a cobran\u00e7a n\u00e3o reduziu custos das passagens, enquanto parlamentares do Novo criticaram a proposta, alegando que pode encarecer os bilhetes e limitar tarifas promocionais.<\/p>\n<\/div>\n<p><br \/>\n<br \/>Fonte: <a href=\"https:\/\/www.gazetadopovo.com.br\/economia\/camara-aprova-gratuidade-para-despacho-de-bagagem-em-voos-nacionais\/\">Gazeta do Povo<\/a><\/p>\n","protected":false},"excerpt":{"rendered":"<p>A C\u00e2mara dos Deputados aprovou nesta ter\u00e7a-feira (28) um projeto de lei que garante o despacho gratuito de bagagem de at\u00e9 23 kg em voos nacionais e uma mala de bordo de at\u00e9 12 kg, sem custo adicional. O texto segue agora para o Senado Federal. A medida faz parte do Projeto de Lei 5041\/25, [&hellip;]<\/p>\n","protected":false},"author":5,"featured_media":51645,"comment_status":"open","ping_status":"open","sticky":false,"template":"","format":"standard","meta":{"_seopress_robots_primary_cat":"","_seopress_titles_title":"","_seopress_titles_desc":"","_seopress_robots_index":"","footnotes":""},"categories":[45],"tags":[],"class_list":["post-51644","post","type-post","status-publish","format-standard","has-post-thumbnail","hentry","category-economia"],"_links":{"self":[{"href":"https:\/\/mussicom.com\/noticias\/wp-json\/wp\/v2\/posts\/51644","targetHints":{"allow":["GET"]}}],"collection":[{"href":"https:\/\/mussicom.com\/noticias\/wp-json\/wp\/v2\/posts"}],"about":[{"href":"https:\/\/mussicom.com\/noticias\/wp-json\/wp\/v2\/types\/post"}],"author":[{"embeddable":true,"href":"https:\/\/mussicom.com\/noticias\/wp-json\/wp\/v2\/users\/5"}],"replies":[{"embeddable":true,"href":"https:\/\/mussicom.com\/noticias\/wp-json\/wp\/v2\/comments?post=51644"}],"version-history":[{"count":0,"href":"https:\/\/mussicom.com\/noticias\/wp-json\/wp\/v2\/posts\/51644\/revisions"}],"wp:featuredmedia":[{"embeddable":true,"href":"https:\/\/mussicom.com\/noticias\/wp-json\/wp\/v2\/media\/51645"}],"wp:attachment":[{"href":"https:\/\/mussicom.com\/noticias\/wp-json\/wp\/v2\/media?parent=51644"}],"wp:term":[{"taxonomy":"category","embeddable":true,"href":"https:\/\/mussicom.com\/noticias\/wp-json\/wp\/v2\/categories?post=51644"},{"taxonomy":"post_tag","embeddable":true,"href":"https:\/\/mussicom.com\/noticias\/wp-json\/wp\/v2\/tags?post=51644"}],"curies":[{"name":"wp","href":"https:\/\/api.w.org\/{rel}","templated":true}]}}