{"id":5164,"date":"2025-03-13T10:19:36","date_gmt":"2025-03-13T13:19:36","guid":{"rendered":"https:\/\/mussicom.com\/trio-condenado-por-matar-adolescente-de-14-anos-e-desovar-corpo-em-rodovia-tem-juri-anulado-entenda-santos-e-regiao\/"},"modified":"2025-03-13T10:19:36","modified_gmt":"2025-03-13T13:19:36","slug":"trio-condenado-por-matar-adolescente-de-14-anos-e-desovar-corpo-em-rodovia-tem-juri-anulado-entenda-santos-e-regiao","status":"publish","type":"post","link":"https:\/\/mussicom.com\/noticias\/trio-condenado-por-matar-adolescente-de-14-anos-e-desovar-corpo-em-rodovia-tem-juri-anulado-entenda-santos-e-regiao\/","title":{"rendered":"Trio condenado por matar adolescente de 14 anos e desovar corpo em rodovia tem j\u00fari anulado; entenda | Santos e Regi\u00e3o"},"content":{"rendered":"<p> <br \/>\n<\/p>\n<div>\n<p> <meta itemprop=\"alternateName\" content=\"Ana Beatriz, de 14 anos, foi morta dentro da pr\u00f3pria casa em Praia Grande (SP), em 2012. O julgamento dos r\u00e9us, que aconteceu em setembro de 2023, foi anulado e remarcado devido a um problema na grava\u00e7\u00e3o das oitivas e interrogat\u00f3rios em plen\u00e1rio.\"\/> <\/p>\n<h2 class=\"content-head__subtitle\" itemprop=\"alternativeHeadline\">Ana Beatriz, de 14 anos, foi morta dentro da pr\u00f3pria casa em Praia Grande (SP), em 2012. O julgamento dos r\u00e9us, que aconteceu em setembro de 2023, foi anulado e remarcado devido a um problema na grava\u00e7\u00e3o das oitivas e interrogat\u00f3rios em plen\u00e1rio.<\/h2>\n<\/p><\/div>\n<p><br \/>\n<br \/>Fonte: <a href=\"https:\/\/g1.globo.com\/sp\/santos-regiao\/noticia\/2025\/03\/12\/trio-condenado-por-matar-adolescente-de-14-anos-e-desovar-corpo-em-rodovia-tem-juri-anulado-entenda.ghtml\">G1<\/a><\/p>\n","protected":false},"excerpt":{"rendered":"<p>Ana Beatriz, de 14 anos, foi morta dentro da pr\u00f3pria casa em Praia Grande (SP), em 2012. O julgamento dos r\u00e9us, que aconteceu em setembro de 2023, foi anulado e remarcado devido a um problema na grava\u00e7\u00e3o das oitivas e interrogat\u00f3rios em plen\u00e1rio. Fonte: G1<\/p>\n","protected":false},"author":5,"featured_media":5165,"comment_status":"open","ping_status":"open","sticky":false,"template":"","format":"standard","meta":{"_seopress_robots_primary_cat":"","_seopress_titles_title":"","_seopress_titles_desc":"","_seopress_robots_index":"","footnotes":""},"categories":[52],"tags":[],"class_list":["post-5164","post","type-post","status-publish","format-standard","has-post-thumbnail","hentry","category-santoseregiao"],"_links":{"self":[{"href":"https:\/\/mussicom.com\/noticias\/wp-json\/wp\/v2\/posts\/5164","targetHints":{"allow":["GET"]}}],"collection":[{"href":"https:\/\/mussicom.com\/noticias\/wp-json\/wp\/v2\/posts"}],"about":[{"href":"https:\/\/mussicom.com\/noticias\/wp-json\/wp\/v2\/types\/post"}],"author":[{"embeddable":true,"href":"https:\/\/mussicom.com\/noticias\/wp-json\/wp\/v2\/users\/5"}],"replies":[{"embeddable":true,"href":"https:\/\/mussicom.com\/noticias\/wp-json\/wp\/v2\/comments?post=5164"}],"version-history":[{"count":0,"href":"https:\/\/mussicom.com\/noticias\/wp-json\/wp\/v2\/posts\/5164\/revisions"}],"wp:featuredmedia":[{"embeddable":true,"href":"https:\/\/mussicom.com\/noticias\/wp-json\/wp\/v2\/media\/5165"}],"wp:attachment":[{"href":"https:\/\/mussicom.com\/noticias\/wp-json\/wp\/v2\/media?parent=5164"}],"wp:term":[{"taxonomy":"category","embeddable":true,"href":"https:\/\/mussicom.com\/noticias\/wp-json\/wp\/v2\/categories?post=5164"},{"taxonomy":"post_tag","embeddable":true,"href":"https:\/\/mussicom.com\/noticias\/wp-json\/wp\/v2\/tags?post=5164"}],"curies":[{"name":"wp","href":"https:\/\/api.w.org\/{rel}","templated":true}]}}