{"id":51629,"date":"2025-10-28T19:42:17","date_gmt":"2025-10-28T22:42:17","guid":{"rendered":"https:\/\/mussicom.com\/santa-casa-inaugura-ambulatorio-de-oncologia-diretores-falam-das-melhorias-ao-orla-noticias\/"},"modified":"2025-10-28T19:42:17","modified_gmt":"2025-10-28T22:42:17","slug":"santa-casa-inaugura-ambulatorio-de-oncologia-diretores-falam-das-melhorias-ao-orla-noticias","status":"publish","type":"post","link":"https:\/\/mussicom.com\/noticias\/santa-casa-inaugura-ambulatorio-de-oncologia-diretores-falam-das-melhorias-ao-orla-noticias\/","title":{"rendered":"Santa Casa inaugura Ambulat\u00f3rio de Oncologia; diretores falam das melhorias ao Orla Not\u00edcias"},"content":{"rendered":"<p> <br \/>\n<\/p>\n<div><\/p>\n<div>Na pr\u00f3xima sexta-feira, 31 de outubro, \u00e0s 18 horas, a Santa Casa de Santos entrega o novo Ambulat\u00f3rio de Oncologia, Quimioterapia e Braquiterapia, no 2\u00ba andar Ala F, complementando o projeto de melhorias de instala\u00e7\u00f5es oferecidas para pacientes do Sistema \u00danico de Sa\u00fade (SUS).<\/div>\n<\/div>\n<p><br \/>\n<br \/>Fonte: <a href=\"https:\/\/jornaldaorla.com.br\/noticias\/santa-casa-inaugura-ambulatorio-de-oncologia-diretores-falam-das-melhorias-ao-orla-noticias\/\">Jornal Da Orla<\/a><\/p>\n","protected":false},"excerpt":{"rendered":"<p>Na pr\u00f3xima sexta-feira, 31 de outubro, \u00e0s 18 horas, a Santa Casa de Santos entrega o novo Ambulat\u00f3rio de Oncologia, Quimioterapia e Braquiterapia, no 2\u00ba andar Ala F, complementando o projeto de melhorias de instala\u00e7\u00f5es oferecidas para pacientes do Sistema \u00danico de Sa\u00fade (SUS). Fonte: Jornal Da Orla<\/p>\n","protected":false},"author":5,"featured_media":51630,"comment_status":"open","ping_status":"open","sticky":false,"template":"","format":"standard","meta":{"_seopress_robots_primary_cat":"","_seopress_titles_title":"","_seopress_titles_desc":"","_seopress_robots_index":"","footnotes":""},"categories":[52],"tags":[],"class_list":["post-51629","post","type-post","status-publish","format-standard","has-post-thumbnail","hentry","category-santoseregiao"],"_links":{"self":[{"href":"https:\/\/mussicom.com\/noticias\/wp-json\/wp\/v2\/posts\/51629","targetHints":{"allow":["GET"]}}],"collection":[{"href":"https:\/\/mussicom.com\/noticias\/wp-json\/wp\/v2\/posts"}],"about":[{"href":"https:\/\/mussicom.com\/noticias\/wp-json\/wp\/v2\/types\/post"}],"author":[{"embeddable":true,"href":"https:\/\/mussicom.com\/noticias\/wp-json\/wp\/v2\/users\/5"}],"replies":[{"embeddable":true,"href":"https:\/\/mussicom.com\/noticias\/wp-json\/wp\/v2\/comments?post=51629"}],"version-history":[{"count":0,"href":"https:\/\/mussicom.com\/noticias\/wp-json\/wp\/v2\/posts\/51629\/revisions"}],"wp:featuredmedia":[{"embeddable":true,"href":"https:\/\/mussicom.com\/noticias\/wp-json\/wp\/v2\/media\/51630"}],"wp:attachment":[{"href":"https:\/\/mussicom.com\/noticias\/wp-json\/wp\/v2\/media?parent=51629"}],"wp:term":[{"taxonomy":"category","embeddable":true,"href":"https:\/\/mussicom.com\/noticias\/wp-json\/wp\/v2\/categories?post=51629"},{"taxonomy":"post_tag","embeddable":true,"href":"https:\/\/mussicom.com\/noticias\/wp-json\/wp\/v2\/tags?post=51629"}],"curies":[{"name":"wp","href":"https:\/\/api.w.org\/{rel}","templated":true}]}}