{"id":51604,"date":"2025-10-28T16:28:19","date_gmt":"2025-10-28T19:28:19","guid":{"rendered":"https:\/\/mussicom.com\/empresa-de-socio-de-sidonio-acumula-contratos-com-poder-publico\/"},"modified":"2025-10-28T16:28:19","modified_gmt":"2025-10-28T19:28:19","slug":"empresa-de-socio-de-sidonio-acumula-contratos-com-poder-publico","status":"publish","type":"post","link":"https:\/\/mussicom.com\/noticias\/empresa-de-socio-de-sidonio-acumula-contratos-com-poder-publico\/","title":{"rendered":"Empresa de s\u00f3cio de Sid\u00f4nio acumula contratos com poder p\u00fablico"},"content":{"rendered":"<p> <br \/>\n<\/p>\n<div>\n<p class=\"postParagraph_post-paragraph-innerHtml__Q5vwc\">A empresa Macaco Gordo Produ\u00e7\u00f5es, de propriedade de Francisco Kert\u00e9sz, s\u00f3cio do Ministro-Chefe da Secretaria de Comunica\u00e7\u00e3o Social da Presid\u00eancia da Rep\u00fablica, Sid\u00f4nio Palmeira, em outra empresa, j\u00e1 recebeu <strong>R$ 12 milh\u00f5es em dois anos da Caixa Econ\u00f4mica Federal e da Embratur<\/strong>. A informa\u00e7\u00e3o \u00e9 do jornal <em>Estado de S\u00e3o Paulo<\/em>. A <strong>Gazeta do Povo<\/strong> confirmou a exist\u00eancia das contrata\u00e7\u00f5es, al\u00e9m de encontrar registros da empresa em repasses da Ag\u00eancia Nacional de Cinema (Ancine) e da C\u00e2mara Municipal de Salvador. A reportagem encontrou contratos que somam <strong>R$ 31,7 milh\u00f5es<\/strong>.<\/p>\n<p class=\"postParagraph_post-paragraph__juWZN\">Francisco Kert\u00e9sz e Sid\u00f4nio s\u00e3o s\u00f3cios em outra empresa, a Nordx. Fundada com o nome de M4 Comunica\u00e7\u00e3o e Propaganda, a empresa iniciou seus trabalhos na campanha eleitoral do presidente Lula (PT), em 2022.  Sid\u00f4nio Palmeira afirma que n\u00e3o influenciou nas contrata\u00e7\u00f5es, e que se afastou da gest\u00e3o da empresa ap\u00f3s assumir o cargo p\u00fablico. Kert\u00e9sz alega que as contrata\u00e7\u00f5es da empresa seguiram crit\u00e9rios t\u00e9cnicos, e que ela obteve os contratos p\u00fablicos por apresentar menor pre\u00e7o nos certames.<\/p>\n<div class=\"postViewMore_post-view-more-container___5wai\" data-mrf-recirculation=\"Post - Veja tamb\u00e9m\">\n<p class=\"gp-styles-module-size-small-afeYRa gp-styles-module-font-family2-afeYRa gp-styles-module-color-secondary-afeYRa gp-styles-module-weight-bold-afeYRa\">VEJA TAMB\u00c9M:<\/p>\n<ul class=\"postViewMore_post-view-more-list__CU_CE\">\n<li class=\"postViewMore_post-view-more-item__2MzRb\"><span class=\"postViewMore_post-view-more-link-icon___stPC\"><svg xmlns=\"http:\/\/www.w3.org\/2000\/svg\" width=\"16\" height=\"16\" viewbox=\"0 0 16 16\"><rect width=\"16\" height=\"16\" fill=\"none\"\/><g transform=\"translate(3 3)\"><path d=\"M22.5,15l3.4,3.4-3.4,3.4\" transform=\"translate(-15.896 -11.793)\" fill=\"none\" stroke=\"#717171\" stroke-linecap=\"round\" stroke-width=\"1.4\"\/><path d=\"M6,6v4.2a2.452,2.452,0,0,0,2.5,2.4H16\" transform=\"translate(-6 -6)\" fill=\"none\" stroke=\"#717171\" stroke-linecap=\"round\" stroke-width=\"1.4\"\/><\/g><\/svg><\/span><span class=\"postViewMore_post-view-more-link-text__hO_kM\">Lula amplia em 360% gastos com an\u00fancios nas redes durante vota\u00e7\u00e3o do IR<\/span><\/li>\n<li class=\"postViewMore_post-view-more-item__2MzRb\"><span class=\"postViewMore_post-view-more-link-icon___stPC\"><svg xmlns=\"http:\/\/www.w3.org\/2000\/svg\" width=\"16\" height=\"16\" viewbox=\"0 0 16 16\"><rect width=\"16\" height=\"16\" fill=\"none\"\/><g transform=\"translate(3 3)\"><path d=\"M22.5,15l3.4,3.4-3.4,3.4\" transform=\"translate(-15.896 -11.793)\" fill=\"none\" stroke=\"#717171\" stroke-linecap=\"round\" stroke-width=\"1.4\"\/><path d=\"M6,6v4.2a2.452,2.452,0,0,0,2.5,2.4H16\" transform=\"translate(-6 -6)\" fill=\"none\" stroke=\"#717171\" stroke-linecap=\"round\" stroke-width=\"1.4\"\/><\/g><\/svg><\/span><span class=\"postViewMore_post-view-more-link-text__hO_kM\">PT investe na imagem de Lula como patriota em propaganda para a TV, de olho em 2026<\/span><\/li>\n<\/ul>\n<\/div>\n<h2 class=\"postParagraph_post-paragraph__juWZN postParagraph_type-tag-h2__TtFkT\">Caixa, Embratur, C\u00e2mara de Salvador e Ancine est\u00e3o entre as contrata\u00e7\u00f5es<\/h2>\n<p class=\"postParagraph_post-paragraph-innerHtml__Q5vwc\">Com a Caixa, o nome da empresa aparece em um relat\u00f3rio de gastos com publicidade. J\u00e1 na Embratur, apesar de n\u00e3o constar nos relat\u00f3rios de transpar\u00eancia ativa da empresa, o que oculta o valor real da contrata\u00e7\u00e3o, a empresa aparece na ficha t\u00e9cnica da campanha &#8220;Estados Unidos 2024&#8221;, definida como &#8220;campanha de Afroturismo do Brasil nos Estados Unidos&#8221;.<\/p>\n<p class=\"postParagraph_post-paragraph__juWZN\">Em 2018, a C\u00e2mara Municipal de Salvador contratou a empresa para transmitir programas da TV C\u00e2mara, pelo valor de R$4,3 milh\u00f5es. O presidente da Casa \u00e0 \u00e9poca era o atual deputado federal Leo Prates (PDT-BA). Em fevereiro de 2024, j\u00e1 na presid\u00eancia do vereador Carlos Muniz (PSDB-BA), a C\u00e2mara de Vereadores assinou um novo contrato com o mesmo objeto, mas com valor maior: R$14,2 milh\u00f5es.<\/p>\n<p class=\"postParagraph_post-paragraph__juWZN\">J\u00e1 em agosto de 2024, a produtora conseguiu a aprova\u00e7\u00e3o do projeto audiovisual &#8220;Sofrimento e Felicidade&#8221;, pelo valor de R$1,2 milh\u00e3o. Com isso, ficou autorizada a captar recursos na iniciativa privada. Os recursos seriam, em seguida, abatidos do imposto devido pelas empresas.<\/p>\n<div class=\"postViewMore_post-view-more-container___5wai\" data-mrf-recirculation=\"Post - Veja tamb\u00e9m\">\n<p class=\"gp-styles-module-size-small-afeYRa gp-styles-module-font-family2-afeYRa gp-styles-module-color-secondary-afeYRa gp-styles-module-weight-bold-afeYRa\">VEJA TAMB\u00c9M:<\/p>\n<ul class=\"postViewMore_post-view-more-list__CU_CE\">\n<li class=\"postViewMore_post-view-more-item__2MzRb\"><span class=\"postViewMore_post-view-more-link-icon___stPC\"><svg xmlns=\"http:\/\/www.w3.org\/2000\/svg\" width=\"16\" height=\"16\" viewbox=\"0 0 16 16\"><rect width=\"16\" height=\"16\" fill=\"none\"\/><g transform=\"translate(3 3)\"><path d=\"M22.5,15l3.4,3.4-3.4,3.4\" transform=\"translate(-15.896 -11.793)\" fill=\"none\" stroke=\"#717171\" stroke-linecap=\"round\" stroke-width=\"1.4\"\/><path d=\"M6,6v4.2a2.452,2.452,0,0,0,2.5,2.4H16\" transform=\"translate(-6 -6)\" fill=\"none\" stroke=\"#717171\" stroke-linecap=\"round\" stroke-width=\"1.4\"\/><\/g><\/svg><\/span><span class=\"postViewMore_post-view-more-link-text__hO_kM\">Michelle supera Fl\u00e1vio Bolsonaro em potencial eleitoral, segundo Paran\u00e1 Pesquisas<\/span><\/li>\n<li class=\"postViewMore_post-view-more-item__2MzRb\"><span class=\"postViewMore_post-view-more-link-icon___stPC\"><svg xmlns=\"http:\/\/www.w3.org\/2000\/svg\" width=\"16\" height=\"16\" viewbox=\"0 0 16 16\"><rect width=\"16\" height=\"16\" fill=\"none\"\/><g transform=\"translate(3 3)\"><path d=\"M22.5,15l3.4,3.4-3.4,3.4\" transform=\"translate(-15.896 -11.793)\" fill=\"none\" stroke=\"#717171\" stroke-linecap=\"round\" stroke-width=\"1.4\"\/><path d=\"M6,6v4.2a2.452,2.452,0,0,0,2.5,2.4H16\" transform=\"translate(-6 -6)\" fill=\"none\" stroke=\"#717171\" stroke-linecap=\"round\" stroke-width=\"1.4\"\/><\/g><\/svg><\/span><span class=\"postViewMore_post-view-more-link-text__hO_kM\">Fl\u00e1vio Bolsonaro critica Moraes ap\u00f3s condena\u00e7\u00e3o do n\u00facleo 4<\/span><\/li>\n<\/ul>\n<\/div>\n<h2 class=\"postParagraph_post-paragraph__juWZN postParagraph_type-tag-h2__TtFkT\">Fl\u00e1vio Bolsonaro diz que tomar\u00e1 atitudes<\/h2>\n<p class=\"postParagraph_post-paragraph__juWZN\">Em postagem na rede social X desta ter\u00e7a-feira (28), o senador Fl\u00e1vio Bolsonaro comentou sobre o tema: &#8220;nas pr\u00f3ximas horas vou tomar uma s\u00e9rie de medidas para investigar esse ralo de dinheiro p\u00fablico escoando direto para o bolso de Sid\u00f4nio e de outros petralhas.&#8221;<\/p>\n<p class=\"postParagraph_post-paragraph__juWZN\">Fl\u00e1vio complementa &#8220;Esse \u00e9 mais um esc\u00e2ndalo do governo lula, um jogo de cartas marcadas em que j\u00e1 se sabe quais empresas levar\u00e3o os bilh\u00f5es para publicidade antes mesmo de abrirem os envelopes.&#8221;<\/p>\n<h2 class=\"postParagraph_post-paragraph__juWZN postParagraph_type-tag-h2__TtFkT\">Outro lado<\/h2>\n<p class=\"postParagraph_post-paragraph-innerHtml__Q5vwc\">A <strong>Gazeta do Povo<\/strong> entrou em contato com a Caixa, com a Embratur, com a Ancine, com a C\u00e2mara Municipal de Salvador e com a Macaco Gordo Produ\u00e7\u00f5es, mas ainda n\u00e3o tivemos retorno. O espa\u00e7o segue aberto para manifesta\u00e7\u00e3o.<\/p>\n<\/div>\n<p><br \/>\n<br \/>Fonte: <a href=\"https:\/\/www.gazetadopovo.com.br\/republica\/empresa-de-socio-de-sidonio-acumula-contratos-com-poder-publico\/\">Revista Oeste<\/a><\/p>\n","protected":false},"excerpt":{"rendered":"<p>A empresa Macaco Gordo Produ\u00e7\u00f5es, de propriedade de Francisco Kert\u00e9sz, s\u00f3cio do Ministro-Chefe da Secretaria de Comunica\u00e7\u00e3o Social da Presid\u00eancia da Rep\u00fablica, Sid\u00f4nio Palmeira, em outra empresa, j\u00e1 recebeu R$ 12 milh\u00f5es em dois anos da Caixa Econ\u00f4mica Federal e da Embratur. A informa\u00e7\u00e3o \u00e9 do jornal Estado de S\u00e3o Paulo. A Gazeta do Povo [&hellip;]<\/p>\n","protected":false},"author":5,"featured_media":51605,"comment_status":"open","ping_status":"open","sticky":false,"template":"","format":"standard","meta":{"_seopress_robots_primary_cat":"","_seopress_titles_title":"","_seopress_titles_desc":"","_seopress_robots_index":"","footnotes":""},"categories":[1],"tags":[],"class_list":["post-51604","post","type-post","status-publish","format-standard","has-post-thumbnail","hentry","category-ultimas-noticias"],"_links":{"self":[{"href":"https:\/\/mussicom.com\/noticias\/wp-json\/wp\/v2\/posts\/51604","targetHints":{"allow":["GET"]}}],"collection":[{"href":"https:\/\/mussicom.com\/noticias\/wp-json\/wp\/v2\/posts"}],"about":[{"href":"https:\/\/mussicom.com\/noticias\/wp-json\/wp\/v2\/types\/post"}],"author":[{"embeddable":true,"href":"https:\/\/mussicom.com\/noticias\/wp-json\/wp\/v2\/users\/5"}],"replies":[{"embeddable":true,"href":"https:\/\/mussicom.com\/noticias\/wp-json\/wp\/v2\/comments?post=51604"}],"version-history":[{"count":0,"href":"https:\/\/mussicom.com\/noticias\/wp-json\/wp\/v2\/posts\/51604\/revisions"}],"wp:featuredmedia":[{"embeddable":true,"href":"https:\/\/mussicom.com\/noticias\/wp-json\/wp\/v2\/media\/51605"}],"wp:attachment":[{"href":"https:\/\/mussicom.com\/noticias\/wp-json\/wp\/v2\/media?parent=51604"}],"wp:term":[{"taxonomy":"category","embeddable":true,"href":"https:\/\/mussicom.com\/noticias\/wp-json\/wp\/v2\/categories?post=51604"},{"taxonomy":"post_tag","embeddable":true,"href":"https:\/\/mussicom.com\/noticias\/wp-json\/wp\/v2\/tags?post=51604"}],"curies":[{"name":"wp","href":"https:\/\/api.w.org\/{rel}","templated":true}]}}