{"id":51584,"date":"2025-10-28T11:32:14","date_gmt":"2025-10-28T14:32:14","guid":{"rendered":"https:\/\/mussicom.com\/pe-de-meia-nascidos-em-marco-e-abril-recebem-oitava-parcela\/"},"modified":"2025-10-28T11:32:14","modified_gmt":"2025-10-28T14:32:14","slug":"pe-de-meia-nascidos-em-marco-e-abril-recebem-oitava-parcela","status":"publish","type":"post","link":"https:\/\/mussicom.com\/noticias\/pe-de-meia-nascidos-em-marco-e-abril-recebem-oitava-parcela\/","title":{"rendered":"P\u00e9-de-Meia: nascidos em mar\u00e7o e abril recebem oitava parcela"},"content":{"rendered":"<p> <br \/>\n<\/p>\n<div>\n<p><strong>O Minist\u00e9rio da Educa\u00e7\u00e3o (MEC) paga nesta ter\u00e7a-feira (28) a\u202foitava parcela\u202fdo programa P\u00e9-de-Meia de 2025 aos estudantes nascidos nos meses de mar\u00e7o e abril.<\/strong><img decoding=\"async\" src=\"https:\/\/agenciabrasil.ebc.com.br\/ebc.gif?id=1664778&amp;o=node\" style=\"width:1px; height:1px; display:inline;\"\/><\/p>\n<p>Os beneficiados pelo programa federal s\u00e3o alunos os do ensino m\u00e9dio matriculados na rede p\u00fablica regular e, tamb\u00e9m, na modalidade Educa\u00e7\u00e3o de Jovens e Adultos (EJA), inscritos no Cadastro Nacional de Programas Sociais do governo federal (Cad\u00danico).<\/p>\n<p>De acordo com o Minist\u00e9rio da Educa\u00e7\u00e3o (MEC), para ter direito ao benef\u00edcio, eles devem ter presen\u00e7a m\u00ednima de 80% nas aulas.<\/p>\n<p>Nesta nova etapa, a Caixa Econ\u00f4mica Federal \u2013 respons\u00e1vel pela gest\u00e3o dos recursos repassados pelo MEC \u2013 informa que, ao todo, cerca de 3,2 milh\u00f5es de estudantes de escolas p\u00fablicas receber\u00e3o o benef\u00edcio de R$ 200.<\/p>\n<h2>Pagamento escalonado<\/h2>\n<p><strong>Os pagamentos do incentivo-frequ\u00eancia do P\u00e9-de-Meia ocorrem at\u00e9 a pr\u00f3xima segunda-feira (3), conforme o m\u00eas de nascimento dos alunos que est\u00e3o matriculados em uma das tr\u00eas s\u00e9ries do ensino m\u00e9dio na rede p\u00fablica, seguindo o calend\u00e1rio:<\/strong><\/p>\n<ul>\n<li>\u00a0\u00a0\u00a0 nascidos em janeiro e fevereiro recebem em 27 de outubro;<\/li>\n<li>\u00a0\u00a0\u00a0 nascidos em mar\u00e7o e abril, em 28 de outubro;<\/li>\n<li>\u00a0\u00a0\u00a0 nascidos em maio e junho, em de 29 de outubro;<\/li>\n<li>\u00a0\u00a0\u00a0 nascidos em julho e agosto, em 30 de outubro;<\/li>\n<li>\u00a0\u00a0\u00a0 nascidos em setembro e outubro recebem em de 31 outubro;<\/li>\n<li>\u00a0\u00a0\u00a0 nascidos em novembro e dezembro, em 3 de novembro.<\/li>\n<\/ul>\n<p><strong>&gt;&gt;Confira as dicas de como usar as parcelas do benef\u00edcio<\/strong><\/p>\n<h2>Dep\u00f3sitos<\/h2>\n<p>A oitava parcela da chamada Poupan\u00e7a do ensino m\u00e9dio de 2025 est\u00e1 sendo depositada em uma conta poupan\u00e7a da Caixa, aberta automaticamente em nome dos alunos. O valor pode ser movimentado ou sacado imediatamente, se o participante desejar. Basta acessar o aplicativo Caixa Tem, se\u202fo aluno tiver\u202f18 anos ou mais. As informa\u00e7\u00f5es relativas aos pagamentos tamb\u00e9m podem ser consultadas no mesmo aplicativo.<\/p>\n<p>No caso de menor de idade,\u202fser\u00e1\u202fnecess\u00e1rio que o respons\u00e1vel legal autorize\u202fa\u202fmovimenta\u00e7\u00e3o\u202fda\u202fconta. O consentimento poder\u00e1 ser\u202ffeito no pr\u00f3prio aplicativo ou em uma ag\u00eancia da Caixa.<\/p>\n<p>O participante poder\u00e1 consultar no aplicativo Jornada do Estudante, do MEC, o status de pagamentos (rejeitados ou aprovados), as informa\u00e7\u00f5es escolares e regras do programa.<\/p>\n<h2>Incentivos<\/h2>\n<p>A poupan\u00e7a do ensino m\u00e9dio tem quatro tipos de incentivo financeiro-educacional:<\/p>\n<ul>\n<li>\u00a0\u00a0\u00a0 Incentivo-matr\u00edcula: por matr\u00edcula registrada no in\u00edcio do ano letivo, valor pago uma vez por ano, no valor de R$ 200;<\/li>\n<li>\u00a0\u00a0\u00a0 Incentivo-frequ\u00eancia: por frequ\u00eancia m\u00ednima escolar de 80% do total de horas letivas. Para o ensino regular, s\u00e3o nove parcelas durante o ano de R$ 200;<\/li>\n<li>\u00a0\u00a0\u00a0 Incentivo-conclus\u00e3o: por conclus\u00e3o e com aprova\u00e7\u00e3o em cada um dos tr\u00eas anos letivos do ensino m\u00e9dio e participa\u00e7\u00e3o em avalia\u00e7\u00f5es educacionais, no valor total de R$ 3 mil. O saque depende da obten\u00e7\u00e3o\u00a0 \u00a0 \u00a0de certificado de conclus\u00e3o do ensino m\u00e9dio;<\/li>\n<li>\u00a0\u00a0\u00a0 Incentivo-Enem: paga ap\u00f3s a participa\u00e7\u00e3o nos dois dias do Exame Nacional do Ensino M\u00e9dio (Enem), no ano que o estudante conclui o 3\u00ba ano do ensino m\u00e9dio. Os R$ 200 s\u00e3o pagos em parcela \u00fanica.<\/li>\n<\/ul>\n<p>Dessa forma, a soma do\u202fincentivo financeiro-educacional pode alcan\u00e7ar R$ 9,2 mil por aluno,\u202fno fim do ensino m\u00e9dio.<\/p>\n<h2>P\u00e9-de-Meia<\/h2>\n<p>Lan\u00e7ado em janeiro de 2024, o programa do governo federal \u00e9 voltado a estudantes de baixa renda do ensino m\u00e9dio da rede p\u00fablica.\u00a0 A iniciativa funciona como uma poupan\u00e7a para promover a perman\u00eancia e a conclus\u00e3o escolar nessa etapa de ensino.<\/p>\n<p>Saiba aqui quais s\u00e3o os requisitos para ser inserido no programa.<\/p>\n<p>O MEC esclarece que n\u00e3o h\u00e1 necessidade de inscri\u00e7\u00e3o no programa. Todo aluno que se encaixa nos crit\u00e9rios do P\u00e9-de-Meia \u00e9 inclu\u00eddo automaticamente.\u00a0<\/p>\n<p>      <!-- Relacionada --><\/p>\n<p>            <!-- Relacionada -->\n    <\/div>\n<p><br \/>\n<br \/>Fonte: <a href=\"https:\/\/agenciabrasil.ebc.com.br\/educacao\/noticia\/2025-10\/pe-de-meia-nascidos-em-marco-e-abril-recebem-8a-parcela\">Ag\u00eancia Brasil<\/a><\/p>\n","protected":false},"excerpt":{"rendered":"<p>O Minist\u00e9rio da Educa\u00e7\u00e3o (MEC) paga nesta ter\u00e7a-feira (28) a\u202foitava parcela\u202fdo programa P\u00e9-de-Meia de 2025 aos estudantes nascidos nos meses de mar\u00e7o e abril. Os beneficiados pelo programa federal s\u00e3o alunos os do ensino m\u00e9dio matriculados na rede p\u00fablica regular e, tamb\u00e9m, na modalidade Educa\u00e7\u00e3o de Jovens e Adultos (EJA), inscritos no Cadastro Nacional de [&hellip;]<\/p>\n","protected":false},"author":5,"featured_media":10795,"comment_status":"open","ping_status":"open","sticky":false,"template":"","format":"standard","meta":{"_seopress_robots_primary_cat":"","_seopress_titles_title":"","_seopress_titles_desc":"","_seopress_robots_index":"","footnotes":""},"categories":[44],"tags":[],"class_list":["post-51584","post","type-post","status-publish","format-standard","has-post-thumbnail","hentry","category-educacao"],"_links":{"self":[{"href":"https:\/\/mussicom.com\/noticias\/wp-json\/wp\/v2\/posts\/51584","targetHints":{"allow":["GET"]}}],"collection":[{"href":"https:\/\/mussicom.com\/noticias\/wp-json\/wp\/v2\/posts"}],"about":[{"href":"https:\/\/mussicom.com\/noticias\/wp-json\/wp\/v2\/types\/post"}],"author":[{"embeddable":true,"href":"https:\/\/mussicom.com\/noticias\/wp-json\/wp\/v2\/users\/5"}],"replies":[{"embeddable":true,"href":"https:\/\/mussicom.com\/noticias\/wp-json\/wp\/v2\/comments?post=51584"}],"version-history":[{"count":0,"href":"https:\/\/mussicom.com\/noticias\/wp-json\/wp\/v2\/posts\/51584\/revisions"}],"wp:featuredmedia":[{"embeddable":true,"href":"https:\/\/mussicom.com\/noticias\/wp-json\/wp\/v2\/media\/10795"}],"wp:attachment":[{"href":"https:\/\/mussicom.com\/noticias\/wp-json\/wp\/v2\/media?parent=51584"}],"wp:term":[{"taxonomy":"category","embeddable":true,"href":"https:\/\/mussicom.com\/noticias\/wp-json\/wp\/v2\/categories?post=51584"},{"taxonomy":"post_tag","embeddable":true,"href":"https:\/\/mussicom.com\/noticias\/wp-json\/wp\/v2\/tags?post=51584"}],"curies":[{"name":"wp","href":"https:\/\/api.w.org\/{rel}","templated":true}]}}