{"id":5156,"date":"2025-03-12T21:08:18","date_gmt":"2025-03-13T00:08:18","guid":{"rendered":"https:\/\/mussicom.com\/cidade-brasileira-quer-fazer-o-maior-queijo-prato-do-mundo\/"},"modified":"2025-03-12T21:08:18","modified_gmt":"2025-03-13T00:08:18","slug":"cidade-brasileira-quer-fazer-o-maior-queijo-prato-do-mundo","status":"publish","type":"post","link":"https:\/\/mussicom.com\/noticias\/cidade-brasileira-quer-fazer-o-maior-queijo-prato-do-mundo\/","title":{"rendered":"Cidade brasileira quer fazer o maior queijo prato do mundo"},"content":{"rendered":"<p> <br \/>\n<\/p>\n<div id=\"hd80s9wa1h892edh8192\">\n<p>Dono de belezas deslumbrantes no litoral, o Rio de Janeiro tamb\u00e9m abriga uma regi\u00e3o serrana digna de cart\u00f5es-postais. Entre os munic\u00edpios dessa parte do estado, est\u00e1 Valen\u00e7a, que pretende se tornar famoso por produzir o maior queijo prato do mundo. O lugar tamb\u00e9m reivindica o t\u00edtulo de ber\u00e7o desse tipo de iguaria.<\/p>\n<p><strong>+ Leia not\u00edcias de Agroneg\u00f3cio em Oeste<\/strong><\/p>\n<p>A produ\u00e7\u00e3o da iguaria gigante come\u00e7ou no \u00faltimo domingo, 9. Para prov\u00e1-la, basta ir \u00e0 4\u00aa Festa do Queijo Valenciano, onde o maior queijo prato do mundo estar\u00e1 exposto e dispon\u00edvel para degusta\u00e7\u00e3o. O evento ocorrer\u00e1 entre os dias 18 e 22 de junho.<\/p>\n<h2 class=\"wp-block-heading\">O maior queijo prato do mundo<\/h2>\n<p>A fabrica\u00e7\u00e3o da grande pe\u00e7a demandou 400 litros de leite, todos fornecidos pela Associa\u00e7\u00e3o das Queijarias de Valen\u00e7a. A cura do queijo tamb\u00e9m foi realizada em parceria entre os associados. Ao todo, 16 empresas participaram do processo.<\/p>\n<p>Como resultado, os mestres queijeiros conseguiram produzir uma pe\u00e7a de 57 kg, superando a expectativa de Fabr\u00edcio Vieira, dono da Capril do Lago, uma queijaria artesanal da cidade que j\u00e1 conquistou pr\u00eamios internacionais. Ele \u00e9 um dos organizadores da festa e da produ\u00e7\u00e3o da grande iguaria.<\/p>\n<p>De acordo com o empres\u00e1rio, a ideia de fazer o maior queijo prato do mundo surgiu porque a primeira receita desse tipo de latic\u00ednio teria sido criada em Valen\u00e7a.<\/p>\n<p>Fabr\u00edcio conta que o primeiro lote de queijo prato da hist\u00f3ria surgiu em 1913, por acidente, na Fazenda Vista Alegre, localizada no munic\u00edpio. A inspira\u00e7\u00e3o veio de um queijo dinamarqu\u00eas: o danbo.<\/p>\n<p>\u201cThovard Nielsen decidiu que faria o danbo na fazenda\u201d, disse Fabr\u00edcio. \u201cEle trouxe a receita, o fermento, os equipamentos e at\u00e9 o mestre queijeiro da Dinamarca, mas n\u00e3o conseguiu trazer o clima. Durante a cura, a massa ficou afundada, e da\u00ed veio o nome de queijo prato.\u201d<\/p>\n<\/p><\/div>\n<p><br \/>\n<br \/>Fonte: <a href=\"https:\/\/revistaoeste.com\/agronegocio\/cidade-brasileira-quer-fazer-o-maior-queijo-prato-do-mundo\/\">Revista Oeste<\/a><\/p>\n","protected":false},"excerpt":{"rendered":"<p>Dono de belezas deslumbrantes no litoral, o Rio de Janeiro tamb\u00e9m abriga uma regi\u00e3o serrana digna de cart\u00f5es-postais. Entre os munic\u00edpios dessa parte do estado, est\u00e1 Valen\u00e7a, que pretende se tornar famoso por produzir o maior queijo prato do mundo. O lugar tamb\u00e9m reivindica o t\u00edtulo de ber\u00e7o desse tipo de iguaria. + Leia not\u00edcias [&hellip;]<\/p>\n","protected":false},"author":5,"featured_media":5157,"comment_status":"open","ping_status":"open","sticky":false,"template":"","format":"standard","meta":{"_seopress_robots_primary_cat":"","_seopress_titles_title":"","_seopress_titles_desc":"","_seopress_robots_index":"","footnotes":""},"categories":[53],"tags":[],"class_list":["post-5156","post","type-post","status-publish","format-standard","has-post-thumbnail","hentry","category-agronegocio"],"_links":{"self":[{"href":"https:\/\/mussicom.com\/noticias\/wp-json\/wp\/v2\/posts\/5156","targetHints":{"allow":["GET"]}}],"collection":[{"href":"https:\/\/mussicom.com\/noticias\/wp-json\/wp\/v2\/posts"}],"about":[{"href":"https:\/\/mussicom.com\/noticias\/wp-json\/wp\/v2\/types\/post"}],"author":[{"embeddable":true,"href":"https:\/\/mussicom.com\/noticias\/wp-json\/wp\/v2\/users\/5"}],"replies":[{"embeddable":true,"href":"https:\/\/mussicom.com\/noticias\/wp-json\/wp\/v2\/comments?post=5156"}],"version-history":[{"count":0,"href":"https:\/\/mussicom.com\/noticias\/wp-json\/wp\/v2\/posts\/5156\/revisions"}],"wp:featuredmedia":[{"embeddable":true,"href":"https:\/\/mussicom.com\/noticias\/wp-json\/wp\/v2\/media\/5157"}],"wp:attachment":[{"href":"https:\/\/mussicom.com\/noticias\/wp-json\/wp\/v2\/media?parent=5156"}],"wp:term":[{"taxonomy":"category","embeddable":true,"href":"https:\/\/mussicom.com\/noticias\/wp-json\/wp\/v2\/categories?post=5156"},{"taxonomy":"post_tag","embeddable":true,"href":"https:\/\/mussicom.com\/noticias\/wp-json\/wp\/v2\/tags?post=5156"}],"curies":[{"name":"wp","href":"https:\/\/api.w.org\/{rel}","templated":true}]}}