{"id":51543,"date":"2025-10-28T05:32:15","date_gmt":"2025-10-28T08:32:15","guid":{"rendered":"https:\/\/mussicom.com\/a-banda-que-esta-trazendo-o-rock-de-estadio-de-volta-segundo-jon-bon-jovi\/"},"modified":"2025-10-28T05:32:15","modified_gmt":"2025-10-28T08:32:15","slug":"a-banda-que-esta-trazendo-o-rock-de-estadio-de-volta-segundo-jon-bon-jovi","status":"publish","type":"post","link":"https:\/\/mussicom.com\/noticias\/a-banda-que-esta-trazendo-o-rock-de-estadio-de-volta-segundo-jon-bon-jovi\/","title":{"rendered":"A banda que est\u00e1 trazendo o \u2018rock de est\u00e1dio\u2019 de volta, segundo Jon Bon Jovi"},"content":{"rendered":"<p> <br \/>\n<\/p>\n<div>\n<p><span style=\"font-weight: 400;\">O rock tem feito um retorno massivo aos est\u00e1dios por meio de grandes turn\u00eas. E <strong>Jon Bon Jovi<\/strong> credita um certo grupo brit\u00e2nico por fazer esse tipo de show parecer um acontecimento de novo.<\/span><\/p>\n<p><span style=\"font-weight: 400;\">O <strong>Bon Jovi<\/strong>, banda de Jon, anunciou na \u00faltima semana sua primeira turn\u00ea desde a cirurgia nas cordas vocais do cantor. A curta sequ\u00eancia de performances passam justamente por est\u00e1dios dos Estados Unidos e da Europa no meio de 2026. E em uma coletiva de imprensa para promover as apresenta\u00e7\u00f5es (via <\/span><span style=\"font-weight: 400;\">Far Out Magazine<\/span><span style=\"font-weight: 400;\">), o frontman afirmou que o <strong>Oasis<\/strong> revitalizou o conceito com seu retorno.<\/span><\/p>\n<p><span style=\"font-weight: 400;\">Ele falou:<\/span><\/p>\n<blockquote>\n<p><i><span style=\"font-weight: 400;\">\u201cA promessa do que o Oasis conseguiu vai dar a muitas bandas de rock jovens a oportunidade de brilhar em palcos grandes. Acho que \u00e9 bom quando artistas conseguem encher est\u00e1dios e pessoas se divertem.\u201d<\/span><\/i><\/p>\n<\/blockquote>\n<figure id=\"attachment_195375\" aria-describedby=\"caption-attachment-195375\" style=\"width: 1920px\" class=\"wp-caption aligncenter\"><figcaption id=\"caption-attachment-195375\" class=\"wp-caption-text\">Liam e Noel Gallagher voltaram com o Oasis para turn\u00ea mundial em 2025 (Foto: Simon Emmett)<\/figcaption><\/figure>\n<p><span style=\"font-weight: 400;\">O vocalista afirmou que esse interesse por palcos \u2014 e plateias \u2014 maiores tem tamb\u00e9m sua origem na busca por experi\u00eancias comunais p\u00f3s-pandemia. E ele acha que o rock se beneficiou disso.<\/span><\/p>\n<p><span style=\"font-weight: 400;\">O americano disse:<\/span><\/p>\n<blockquote>\n<p><i><span style=\"font-weight: 400;\">\u201cAcho que, p\u00f3s-Covid, pessoas queriam esse tipo de experi\u00eancia. Queriam se juntar novamente e sentir essa alegria. E c\u00e1 estamos. Maiores que nunca. Teve uma \u00e9poca, h\u00e1 10 ou 12 anos, que eu ouvia pessoas falarem: \u2018O rock est\u00e1 morto\u2019. Eu vejo o rock vivo e saud\u00e1vel novamente.\u201d<\/span><\/i><\/p>\n<\/blockquote>\n<h2>Turn\u00ea do Bon Jovi<\/h2>\n<p><span style=\"font-weight: 400;\">A turn\u00ea de retorno do Bon Jovi contar\u00e1 por enquanto com quatro apresenta\u00e7\u00f5es no Madison Square Garden, em Nova York, entre os dias 7 e 14 de julho de 2026. A banda tem mais tr\u00eas datas anunciadas al\u00e9m disso: 28 de agosto na cidade de Edimburgo, dia 30 de agosto em Dublin e 4 de setembro no est\u00e1dio de Wembley.<\/span><\/p>\n<h2><b>A curiosa opini\u00e3o do Oasis sobre a banda de Jon<\/b><\/h2>\n<p><span style=\"font-weight: 400;\">Infelizmente para Jon Bon Jovi, ao menos no \u00e2mbito hist\u00f3rico o Oasis n\u00e3o foi muito gentil com sua banda. Segundo o pr\u00f3prio frontman, <strong>Liam Gallagher<\/strong> lhe telefonava exclusivamente para o insultar.<\/span><\/p>\n<p><span style=\"font-weight: 400;\">Ele contou (via site Igor Miranda<\/span><span style=\"font-weight: 400;\">):<\/span><\/p>\n<blockquote>\n<p><i><span style=\"font-weight: 400;\">\u201cLiam Gallagher ficou me fazendo liga\u00e7\u00f5es inc\u00f4modas por mais de uma d\u00e9cada. Deus sabe como ele conseguiu meu n\u00famero. Ligava \u00e0s tr\u00eas ou quatro da manh\u00e3 s\u00f3 para me dizer que minha m\u00fasica era uma m*rda.\u201d<\/span><\/i><\/p>\n<\/blockquote>\n<p><span style=\"font-weight: 400;\">Jon, curiosamente, reconheceu o valor dos insultos. Isso porque o Gallagher mais novo era extremamente criativo na hora de falar mal dele. Mesmo assim, queria ser deixado em paz pelo cantor do Oasis.<\/span><\/p>\n<p><span style=\"font-weight: 400;\">Ele lembrou:<\/span><\/p>\n<blockquote>\n<p><i><span style=\"font-weight: 400;\">\u201c\u00c0s vezes ele me chamava de filho bastardo de <strong>Richard Branson<\/strong>. Em outras gritava \u2018Lionhead\u2019 <\/span><\/i><span style=\"font-weight: 400;\">[cabe\u00e7a de le\u00e3o em portugu\u00eas] <\/span><i><span style=\"font-weight: 400;\">no telefone at\u00e9 eu desligar. No final, me ofereci para pagar a ele US$ 500 mil e implorei para que parasse. Ele me disse para \u2018comer m*rda\u2019\u2026\u201d<\/span><\/i><\/p>\n<\/blockquote>\n<p><strong>+++ LEIA MAIS: Bon Jovi anuncia retorno aos palcos ap\u00f3s cirurgia nas cordas vocais<\/strong><br \/><strong>+++ LEIA MAIS: A grande chatea\u00e7\u00e3o de Jon Bon Jovi a essa altura de sua carreira<\/strong><br \/><strong>+++ LEIA MAIS: O curioso formato do pr\u00f3ximo \u00e1lbum do Bon Jovi, segundo Jon<\/strong><\/p>\n<div class=\"author-box clearfix mb-4\">\n<div class=\"d-flex align-items-center\">\n<div class=\"author-avatar\">\n        &#13;<br \/>\n          <img decoding=\"async\" alt=\"Pedro Hollanda\" src=\"https:\/\/rollingstone.com.br\/wp-content\/uploads\/2025\/10\/pedro-hollanda-150x150.jpg\" class=\"avatar avatar-115 photo rounded-circle\" height=\"115\" width=\"115\"\/>\n      <\/div>\n<div class=\"author-info ms-3\">\n<p>Pedro Hollanda \u00e9 jornalista formado pelas Faculdades Integradas H\u00e9lio Alonso e cursou Dire\u00e7\u00e3o Cinematogr\u00e1fica na Escola de Cinema Darcy Ribeiro. Apaixonado por m\u00fasica, j\u00e1 editou blogs de resenhas musicais e contribuiu para sites como IgorMiranda.com.br, Scream &amp; Yell e Rock&#8217;n&#8217;Beats.<\/p>\n<\/p><\/div>\n<\/p><\/div>\n<\/p><\/div>\n<\/p><\/div>\n<p><br \/>\n<br \/>Fonte: <a href=\"https:\/\/rollingstone.com.br\/musica\/jon-bon-jovi-banda-rock-estadio-volta\/\">rollingstone.com.br<\/a><\/p>\n","protected":false},"excerpt":{"rendered":"<p>O rock tem feito um retorno massivo aos est\u00e1dios por meio de grandes turn\u00eas. E Jon Bon Jovi credita um certo grupo brit\u00e2nico por fazer esse tipo de show parecer um acontecimento de novo. O Bon Jovi, banda de Jon, anunciou na \u00faltima semana sua primeira turn\u00ea desde a cirurgia nas cordas vocais do cantor. [&hellip;]<\/p>\n","protected":false},"author":5,"featured_media":51544,"comment_status":"open","ping_status":"open","sticky":false,"template":"","format":"standard","meta":{"_seopress_robots_primary_cat":"","_seopress_titles_title":"","_seopress_titles_desc":"","_seopress_robots_index":"","footnotes":""},"categories":[51],"tags":[],"class_list":["post-51543","post","type-post","status-publish","format-standard","has-post-thumbnail","hentry","category-musica"],"_links":{"self":[{"href":"https:\/\/mussicom.com\/noticias\/wp-json\/wp\/v2\/posts\/51543","targetHints":{"allow":["GET"]}}],"collection":[{"href":"https:\/\/mussicom.com\/noticias\/wp-json\/wp\/v2\/posts"}],"about":[{"href":"https:\/\/mussicom.com\/noticias\/wp-json\/wp\/v2\/types\/post"}],"author":[{"embeddable":true,"href":"https:\/\/mussicom.com\/noticias\/wp-json\/wp\/v2\/users\/5"}],"replies":[{"embeddable":true,"href":"https:\/\/mussicom.com\/noticias\/wp-json\/wp\/v2\/comments?post=51543"}],"version-history":[{"count":0,"href":"https:\/\/mussicom.com\/noticias\/wp-json\/wp\/v2\/posts\/51543\/revisions"}],"wp:featuredmedia":[{"embeddable":true,"href":"https:\/\/mussicom.com\/noticias\/wp-json\/wp\/v2\/media\/51544"}],"wp:attachment":[{"href":"https:\/\/mussicom.com\/noticias\/wp-json\/wp\/v2\/media?parent=51543"}],"wp:term":[{"taxonomy":"category","embeddable":true,"href":"https:\/\/mussicom.com\/noticias\/wp-json\/wp\/v2\/categories?post=51543"},{"taxonomy":"post_tag","embeddable":true,"href":"https:\/\/mussicom.com\/noticias\/wp-json\/wp\/v2\/tags?post=51543"}],"curies":[{"name":"wp","href":"https:\/\/api.w.org\/{rel}","templated":true}]}}